{"id":33478,"date":"2026-03-26T17:34:26","date_gmt":"2026-03-26T16:34:26","guid":{"rendered":"https:\/\/andaluciaaerospace.com\/?p=33478"},"modified":"2026-04-21T12:39:32","modified_gmt":"2026-04-21T10:39:32","slug":"fernando-alarcon-de-la-lastra-has-been-unanimously-elected-as-the-new-president-of-andalucia-aerospace","status":"publish","type":"post","link":"https:\/\/andaluciaaerospace.com\/en\/fernando-alarcon-de-la-lastra-has-been-unanimously-elected-as-the-new-president-of-andalucia-aerospace\/","title":{"rendered":"Fernando Alarc\u00f3n de la Lastra has been unanimously elected as the new president of Andaluc\u00eda Aerospace"},"content":{"rendered":"<p>Andaluc\u00eda Aerospace, the regional aerospace and defense cluster, held its General Assembly today at the headquarters of the Confederation of Andalusian Business Leaders (CEA), where a change in leadership took place. Fernando Alarc\u00f3n de la Lastra, CEO of Canagrosa, a provider of highly specialized technical services in the aerospace industry, was unanimously elected as the new president of Andaluc\u00eda Aerospace for the next four years. He is an industrial engineer from the University of Seville, and his involvement with the aerospace sector began in 2012 when he joined Canagrosa, assuming the role of CEO in 2024. His drive to implement a strategy of diversification, technological innovation, and the company\u2019s international expansion earned him recognition in 2024 as \u201cAerospace Executive of the Year,\u201d an annual award presented by Andaluc\u00eda Aerospace since 2019.<\/p>\n<p>He takes over from Antonio G\u00f3mez-Guillam\u00f3n, co-founder and CEO of the multinational engineering firm Aertec Solutions, who has led Andaluc\u00eda Aerospace since its founding. Under his two terms, the Andalusian aerospace and defense cluster has experienced a period of growth and consolidation, and today comprises more than a hundred companies. G\u00f3mez-Guillam\u00f3n has played a key role at Andaluc\u00eda Aerospace, expanding and strengthening its representation of the Andalusian aerospace sector and its role as a liaison with the public administration and other national and international organizations.<\/p>\n<p>\u201cI would like to express my sincere gratitude to all companies and organizations that are part of Andaluc\u00eda Aerospace for the trust they have placed in me over the years. It has been a privilege to lead this project from its inception and to work alongside the entire Andalusian aerospace ecosystem to build a strong, cohesive cluster with a voice of its own in the aerospace sector. This journey has been made possible thanks to the sector\u2019s collective commitment, the collaboration between companies and government agencies, and the efforts of a team that has firmly believed in Andalusia\u2019s potential. I am convinced that the cluster will continue to move forward successfully in this new phase, facing future challenges with ambition and unity,\u201d said Antonio G\u00f3mez-Guillam\u00f3n during his last speech to the members of Andaluc\u00eda Aerospace.<\/p>\n<p>For his part, Fernando Alarc\u00f3n de la Lastra stated that he assumes this responsibility \u201cwith enthusiasm and commitment, following the legacy left to us by Antonio, who has been a true example of leadership. \u201cWe will work to ensure that Andaluc\u00eda Aerospace remains a key player in the sector\u2019s development, focusing on innovation, talent, and collaboration between companies and institutions; a cluster that fosters dialogue, promotes integration, serves its member companies, adds value, and facilitates concrete opportunities.\u201d<\/p>\n<p><a href=\"https:\/\/andaluciaaerospace.com\/en\/presidentes-saliente-y-entrante-de-andalucia-aerospace-2\/\"><img decoding=\"async\" class=\"alignnone size-full wp-image-33221\" src=\"http:\/\/andaluciaaerospace.com\/wp-content\/uploads\/2026\/03\/Presidentes-saliente-y-entrante-de-Andalucia-Aerospace-scaled.jpeg\" alt=\"\" width=\"1600\" height=\"1067\" srcset=\"https:\/\/andaluciaaerospace.com\/wp-content\/uploads\/2026\/03\/Presidentes-saliente-y-entrante-de-Andalucia-Aerospace-scaled.jpeg 1600w, https:\/\/andaluciaaerospace.com\/wp-content\/uploads\/2026\/03\/Presidentes-saliente-y-entrante-de-Andalucia-Aerospace-300x200.jpeg 300w, https:\/\/andaluciaaerospace.com\/wp-content\/uploads\/2026\/03\/Presidentes-saliente-y-entrante-de-Andalucia-Aerospace-1024x683.jpeg 1024w, https:\/\/andaluciaaerospace.com\/wp-content\/uploads\/2026\/03\/Presidentes-saliente-y-entrante-de-Andalucia-Aerospace-768x512.jpeg 768w, https:\/\/andaluciaaerospace.com\/wp-content\/uploads\/2026\/03\/Presidentes-saliente-y-entrante-de-Andalucia-Aerospace-391x260.jpeg 391w, https:\/\/andaluciaaerospace.com\/wp-content\/uploads\/2026\/03\/Presidentes-saliente-y-entrante-de-Andalucia-Aerospace-1536x1024.jpeg 1536w, https:\/\/andaluciaaerospace.com\/wp-content\/uploads\/2026\/03\/Presidentes-saliente-y-entrante-de-Andalucia-Aerospace-2048x1365.jpeg 2048w\" sizes=\"(max-width: 1600px) 100vw, 1600px\" \/><\/a><\/p>\n<p><strong>New Andaluc\u00eda Aerospace Board of Directors<\/strong><\/p>\n<p>In addition to electing Fernando Alarc\u00f3n de la Lastra as the new president of Andaluc\u00eda Aerospace, the General Assembly of Members also unanimously approved the composition of its new board of directors, which is as follows:<\/p>\n<ul>\n<li>Vice President: Juan Manuel Monta\u00f1o, CEO of Grupo Sevilla Control<\/li>\n<li>Treasurer: Antonio Zafra, Director of Public Affairs and Sustainability at Aertec Solutions<\/li>\n<li>Secretary: Jos\u00e9 Avil\u00e9s, Director of HR at Rhenus LTK Warehousing Solutions<\/li>\n<li>Board Member: Juan Gonz\u00e1lez Blanch, Executive Director of Airgrup<\/li>\n<li>Specialist SMEs Board Member: Paz Guti\u00e9rrez, CEO of Grabysur<\/li>\n<li>Tech Centres Board Member: Joaqu\u00edn Rodr\u00edguez, CEO of CATEC<\/li>\n<li>C\u00e1diz companies Board Member: Fernando Serrano, Business Development at Titania<\/li>\n<li>Aerostructures Board Member: Manuel Gonz\u00e1lez, CEO of Aeroestructures of Aciturri<\/li>\n<li>Space &amp; UAS Board Member: David N\u00fa\u00f1ez, Division Director of HI-Rel Semiconductor at Alter Technology T\u00dcV NORD<\/li>\n<li>International Relations Board Member: Antonio Mena, VP ASP International at SATYS<\/li>\n<li>IA &amp; Digitization Board Member: Jes\u00fas Estepa, Director of ATEXIS Spain<a href=\"https:\/\/andaluciaaerospace.com\/en\/nueva-jd-andalucia-aerospace-2\/\"><img decoding=\"async\" class=\"alignnone size-full wp-image-33219\" src=\"http:\/\/andaluciaaerospace.com\/wp-content\/uploads\/2026\/03\/Nueva-JD-Andalucia-Aerospace-scaled-e1774535496801.jpeg\" alt=\"\" width=\"1600\" height=\"1067\" \/><\/a><\/li>\n<\/ul>\n","protected":false},"excerpt":{"rendered":"<p>Andaluc\u00eda Aerospace, the regional aerospace and defense cluster, held its General Assembly today at the headquarters of the Confederation of Andalusian Business Leaders (CEA), where a change in leadership took place. Fernando Alarc\u00f3n de la Lastra, CEO of Canagrosa, a provider of highly specialized technical services in the aerospace industry, was unanimously elected as the<\/p>\n<a class=\"btn btn-primary read-more-button\" href=\"https:\/\/andaluciaaerospace.com\/en\/fernando-alarcon-de-la-lastra-has-been-unanimously-elected-as-the-new-president-of-andalucia-aerospace\/\">Leer m\u00e1s...<\/a>","protected":false},"author":7,"featured_media":33219,"comment_status":"closed","ping_status":"closed","sticky":false,"template":"","format":"standard","meta":{"_acf_changed":false,"_bbp_topic_count":0,"_bbp_reply_count":0,"_bbp_total_topic_count":0,"_bbp_total_reply_count":0,"_bbp_voice_count":0,"_bbp_anonymous_reply_count":0,"_bbp_topic_count_hidden":0,"_bbp_reply_count_hidden":0,"_bbp_forum_subforum_count":0,"footnotes":""},"categories":[161],"tags":[],"class_list":["post-33478","post","type-post","status-publish","format-standard","has-post-thumbnail","hentry","category-cluster-news"],"acf":[],"yoast_head":"<!-- This site is optimized with the Yoast SEO plugin v23.6 - https:\/\/yoast.com\/wordpress\/plugins\/seo\/ -->\n<title>Fernando Alarc\u00f3n de la Lastra has been unanimously elected as the new president of Andaluc\u00eda Aerospace - Andaluc\u00eda Aerospace<\/title>\n<meta name=\"robots\" content=\"index, follow, max-snippet:-1, max-image-preview:large, max-video-preview:-1\" \/>\n<link rel=\"canonical\" href=\"https:\/\/andaluciaaerospace.com\/en\/fernando-alarcon-de-la-lastra-has-been-unanimously-elected-as-the-new-president-of-andalucia-aerospace\/\" \/>\n<meta property=\"og:locale\" content=\"en_US\" \/>\n<meta property=\"og:type\" content=\"article\" \/>\n<meta property=\"og:title\" content=\"Fernando Alarc\u00f3n de la Lastra has been unanimously elected as the new president of Andaluc\u00eda Aerospace - Andaluc\u00eda Aerospace\" \/>\n<meta property=\"og:description\" content=\"Andaluc\u00eda Aerospace, the regional aerospace and defense cluster, held its General Assembly today at the headquarters of the Confederation of Andalusian Business Leaders (CEA), where a change in leadership took place. Fernando Alarc\u00f3n de la Lastra, CEO of Canagrosa, a provider of highly specialized technical services in the aerospace industry, was unanimously elected as the\" \/>\n<meta property=\"og:url\" content=\"https:\/\/andaluciaaerospace.com\/en\/fernando-alarcon-de-la-lastra-has-been-unanimously-elected-as-the-new-president-of-andalucia-aerospace\/\" \/>\n<meta property=\"og:site_name\" content=\"Andaluc\u00eda Aerospace\" \/>\n<meta property=\"article:published_time\" content=\"2026-03-26T16:34:26+00:00\" \/>\n<meta property=\"article:modified_time\" content=\"2026-04-21T10:39:32+00:00\" \/>\n<meta property=\"og:image\" content=\"http:\/\/andaluciaaerospace.com\/wp-content\/uploads\/2026\/03\/Nueva-JD-Andalucia-Aerospace-scaled-e1774535496801.jpeg\" \/>\n\t<meta property=\"og:image:width\" content=\"1600\" \/>\n\t<meta property=\"og:image:height\" content=\"1067\" \/>\n\t<meta property=\"og:image:type\" content=\"image\/jpeg\" \/>\n<meta name=\"author\" content=\"Comunicacion Andaluc\u00eda Aerospace\" \/>\n<meta name=\"twitter:card\" content=\"summary_large_image\" \/>\n<meta name=\"twitter:label1\" content=\"Written by\" \/>\n\t<meta name=\"twitter:data1\" content=\"Comunicacion Andaluc\u00eda Aerospace\" \/>\n\t<meta name=\"twitter:label2\" content=\"Est. reading time\" \/>\n\t<meta name=\"twitter:data2\" content=\"3 minutes\" \/>\n<script type=\"application\/ld+json\" class=\"yoast-schema-graph\">{\"@context\":\"https:\/\/schema.org\",\"@graph\":[{\"@type\":[\"WebPage\",\"ItemPage\"],\"@id\":\"https:\/\/andaluciaaerospace.com\/en\/fernando-alarcon-de-la-lastra-has-been-unanimously-elected-as-the-new-president-of-andalucia-aerospace\/\",\"url\":\"https:\/\/andaluciaaerospace.com\/en\/fernando-alarcon-de-la-lastra-has-been-unanimously-elected-as-the-new-president-of-andalucia-aerospace\/\",\"name\":\"Fernando Alarc\u00f3n de la Lastra has been unanimously elected as the new president of Andaluc\u00eda Aerospace - Andaluc\u00eda Aerospace\",\"isPartOf\":{\"@id\":\"https:\/\/andaluciaaerospace.com\/en\/#website\"},\"primaryImageOfPage\":{\"@id\":\"https:\/\/andaluciaaerospace.com\/en\/fernando-alarcon-de-la-lastra-has-been-unanimously-elected-as-the-new-president-of-andalucia-aerospace\/#primaryimage\"},\"image\":{\"@id\":\"https:\/\/andaluciaaerospace.com\/en\/fernando-alarcon-de-la-lastra-has-been-unanimously-elected-as-the-new-president-of-andalucia-aerospace\/#primaryimage\"},\"thumbnailUrl\":\"https:\/\/andaluciaaerospace.com\/wp-content\/uploads\/2026\/03\/Nueva-JD-Andalucia-Aerospace-scaled-e1774535496801.jpeg\",\"datePublished\":\"2026-03-26T16:34:26+00:00\",\"dateModified\":\"2026-04-21T10:39:32+00:00\",\"author\":{\"@id\":\"https:\/\/andaluciaaerospace.com\/en\/#\/schema\/person\/f31cd29a7bef441635ccd740480a73fe\"},\"breadcrumb\":{\"@id\":\"https:\/\/andaluciaaerospace.com\/en\/fernando-alarcon-de-la-lastra-has-been-unanimously-elected-as-the-new-president-of-andalucia-aerospace\/#breadcrumb\"},\"inLanguage\":\"en-US\",\"potentialAction\":[{\"@type\":\"ReadAction\",\"target\":[\"https:\/\/andaluciaaerospace.com\/en\/fernando-alarcon-de-la-lastra-has-been-unanimously-elected-as-the-new-president-of-andalucia-aerospace\/\"]}]},{\"@type\":\"ImageObject\",\"inLanguage\":\"en-US\",\"@id\":\"https:\/\/andaluciaaerospace.com\/en\/fernando-alarcon-de-la-lastra-has-been-unanimously-elected-as-the-new-president-of-andalucia-aerospace\/#primaryimage\",\"url\":\"https:\/\/andaluciaaerospace.com\/wp-content\/uploads\/2026\/03\/Nueva-JD-Andalucia-Aerospace-scaled-e1774535496801.jpeg\",\"contentUrl\":\"https:\/\/andaluciaaerospace.com\/wp-content\/uploads\/2026\/03\/Nueva-JD-Andalucia-Aerospace-scaled-e1774535496801.jpeg\",\"width\":1600,\"height\":1067},{\"@type\":\"BreadcrumbList\",\"@id\":\"https:\/\/andaluciaaerospace.com\/en\/fernando-alarcon-de-la-lastra-has-been-unanimously-elected-as-the-new-president-of-andalucia-aerospace\/#breadcrumb\",\"itemListElement\":[{\"@type\":\"ListItem\",\"position\":1,\"name\":\"Portada\",\"item\":\"https:\/\/andaluciaaerospace.com\/en\/\"},{\"@type\":\"ListItem\",\"position\":2,\"name\":\"Fernando Alarc\u00f3n de la Lastra has been unanimously elected as the new president of Andaluc\u00eda Aerospace\"}]},{\"@type\":\"WebSite\",\"@id\":\"https:\/\/andaluciaaerospace.com\/en\/#website\",\"url\":\"https:\/\/andaluciaaerospace.com\/en\/\",\"name\":\"Andaluc\u00eda Aerospace\",\"description\":\"Cluster empresarial aeron\u00e1utico\",\"potentialAction\":[{\"@type\":\"SearchAction\",\"target\":{\"@type\":\"EntryPoint\",\"urlTemplate\":\"https:\/\/andaluciaaerospace.com\/en\/?s={search_term_string}\"},\"query-input\":{\"@type\":\"PropertyValueSpecification\",\"valueRequired\":true,\"valueName\":\"search_term_string\"}}],\"inLanguage\":\"en-US\"},{\"@type\":\"Person\",\"@id\":\"https:\/\/andaluciaaerospace.com\/en\/#\/schema\/person\/f31cd29a7bef441635ccd740480a73fe\",\"name\":\"Comunicacion Andaluc\u00eda Aerospace\"}]}<\/script>\n<!-- \/ Yoast SEO plugin. -->","yoast_head_json":{"title":"Fernando Alarc\u00f3n de la Lastra has been unanimously elected as the new president of Andaluc\u00eda Aerospace - Andaluc\u00eda Aerospace","robots":{"index":"index","follow":"follow","max-snippet":"max-snippet:-1","max-image-preview":"max-image-preview:large","max-video-preview":"max-video-preview:-1"},"canonical":"https:\/\/andaluciaaerospace.com\/en\/fernando-alarcon-de-la-lastra-has-been-unanimously-elected-as-the-new-president-of-andalucia-aerospace\/","og_locale":"en_US","og_type":"article","og_title":"Fernando Alarc\u00f3n de la Lastra has been unanimously elected as the new president of Andaluc\u00eda Aerospace - Andaluc\u00eda Aerospace","og_description":"Andaluc\u00eda Aerospace, the regional aerospace and defense cluster, held its General Assembly today at the headquarters of the Confederation of Andalusian Business Leaders (CEA), where a change in leadership took place. Fernando Alarc\u00f3n de la Lastra, CEO of Canagrosa, a provider of highly specialized technical services in the aerospace industry, was unanimously elected as the","og_url":"https:\/\/andaluciaaerospace.com\/en\/fernando-alarcon-de-la-lastra-has-been-unanimously-elected-as-the-new-president-of-andalucia-aerospace\/","og_site_name":"Andaluc\u00eda Aerospace","article_published_time":"2026-03-26T16:34:26+00:00","article_modified_time":"2026-04-21T10:39:32+00:00","og_image":[{"width":1600,"height":1067,"url":"http:\/\/andaluciaaerospace.com\/wp-content\/uploads\/2026\/03\/Nueva-JD-Andalucia-Aerospace-scaled-e1774535496801.jpeg","type":"image\/jpeg"}],"author":"Comunicacion Andaluc\u00eda Aerospace","twitter_card":"summary_large_image","twitter_misc":{"Written by":"Comunicacion Andaluc\u00eda Aerospace","Est. reading time":"3 minutes"},"schema":{"@context":"https:\/\/schema.org","@graph":[{"@type":["WebPage","ItemPage"],"@id":"https:\/\/andaluciaaerospace.com\/en\/fernando-alarcon-de-la-lastra-has-been-unanimously-elected-as-the-new-president-of-andalucia-aerospace\/","url":"https:\/\/andaluciaaerospace.com\/en\/fernando-alarcon-de-la-lastra-has-been-unanimously-elected-as-the-new-president-of-andalucia-aerospace\/","name":"Fernando Alarc\u00f3n de la Lastra has been unanimously elected as the new president of Andaluc\u00eda Aerospace - Andaluc\u00eda Aerospace","isPartOf":{"@id":"https:\/\/andaluciaaerospace.com\/en\/#website"},"primaryImageOfPage":{"@id":"https:\/\/andaluciaaerospace.com\/en\/fernando-alarcon-de-la-lastra-has-been-unanimously-elected-as-the-new-president-of-andalucia-aerospace\/#primaryimage"},"image":{"@id":"https:\/\/andaluciaaerospace.com\/en\/fernando-alarcon-de-la-lastra-has-been-unanimously-elected-as-the-new-president-of-andalucia-aerospace\/#primaryimage"},"thumbnailUrl":"https:\/\/andaluciaaerospace.com\/wp-content\/uploads\/2026\/03\/Nueva-JD-Andalucia-Aerospace-scaled-e1774535496801.jpeg","datePublished":"2026-03-26T16:34:26+00:00","dateModified":"2026-04-21T10:39:32+00:00","author":{"@id":"https:\/\/andaluciaaerospace.com\/en\/#\/schema\/person\/f31cd29a7bef441635ccd740480a73fe"},"breadcrumb":{"@id":"https:\/\/andaluciaaerospace.com\/en\/fernando-alarcon-de-la-lastra-has-been-unanimously-elected-as-the-new-president-of-andalucia-aerospace\/#breadcrumb"},"inLanguage":"en-US","potentialAction":[{"@type":"ReadAction","target":["https:\/\/andaluciaaerospace.com\/en\/fernando-alarcon-de-la-lastra-has-been-unanimously-elected-as-the-new-president-of-andalucia-aerospace\/"]}]},{"@type":"ImageObject","inLanguage":"en-US","@id":"https:\/\/andaluciaaerospace.com\/en\/fernando-alarcon-de-la-lastra-has-been-unanimously-elected-as-the-new-president-of-andalucia-aerospace\/#primaryimage","url":"https:\/\/andaluciaaerospace.com\/wp-content\/uploads\/2026\/03\/Nueva-JD-Andalucia-Aerospace-scaled-e1774535496801.jpeg","contentUrl":"https:\/\/andaluciaaerospace.com\/wp-content\/uploads\/2026\/03\/Nueva-JD-Andalucia-Aerospace-scaled-e1774535496801.jpeg","width":1600,"height":1067},{"@type":"BreadcrumbList","@id":"https:\/\/andaluciaaerospace.com\/en\/fernando-alarcon-de-la-lastra-has-been-unanimously-elected-as-the-new-president-of-andalucia-aerospace\/#breadcrumb","itemListElement":[{"@type":"ListItem","position":1,"name":"Portada","item":"https:\/\/andaluciaaerospace.com\/en\/"},{"@type":"ListItem","position":2,"name":"Fernando Alarc\u00f3n de la Lastra has been unanimously elected as the new president of Andaluc\u00eda Aerospace"}]},{"@type":"WebSite","@id":"https:\/\/andaluciaaerospace.com\/en\/#website","url":"https:\/\/andaluciaaerospace.com\/en\/","name":"Andaluc\u00eda Aerospace","description":"Cluster empresarial aeron\u00e1utico","potentialAction":[{"@type":"SearchAction","target":{"@type":"EntryPoint","urlTemplate":"https:\/\/andaluciaaerospace.com\/en\/?s={search_term_string}"},"query-input":{"@type":"PropertyValueSpecification","valueRequired":true,"valueName":"search_term_string"}}],"inLanguage":"en-US"},{"@type":"Person","@id":"https:\/\/andaluciaaerospace.com\/en\/#\/schema\/person\/f31cd29a7bef441635ccd740480a73fe","name":"Comunicacion Andaluc\u00eda Aerospace"}]}},"_links":{"self":[{"href":"https:\/\/andaluciaaerospace.com\/en\/wp-json\/wp\/v2\/posts\/33478","targetHints":{"allow":["GET"]}}],"collection":[{"href":"https:\/\/andaluciaaerospace.com\/en\/wp-json\/wp\/v2\/posts"}],"about":[{"href":"https:\/\/andaluciaaerospace.com\/en\/wp-json\/wp\/v2\/types\/post"}],"author":[{"embeddable":true,"href":"https:\/\/andaluciaaerospace.com\/en\/wp-json\/wp\/v2\/users\/7"}],"replies":[{"embeddable":true,"href":"https:\/\/andaluciaaerospace.com\/en\/wp-json\/wp\/v2\/comments?post=33478"}],"version-history":[{"count":1,"href":"https:\/\/andaluciaaerospace.com\/en\/wp-json\/wp\/v2\/posts\/33478\/revisions"}],"predecessor-version":[{"id":33479,"href":"https:\/\/andaluciaaerospace.com\/en\/wp-json\/wp\/v2\/posts\/33478\/revisions\/33479"}],"wp:featuredmedia":[{"embeddable":true,"href":"https:\/\/andaluciaaerospace.com\/en\/wp-json\/wp\/v2\/media\/33219"}],"wp:attachment":[{"href":"https:\/\/andaluciaaerospace.com\/en\/wp-json\/wp\/v2\/media?parent=33478"}],"wp:term":[{"taxonomy":"category","embeddable":true,"href":"https:\/\/andaluciaaerospace.com\/en\/wp-json\/wp\/v2\/categories?post=33478"},{"taxonomy":"post_tag","embeddable":true,"href":"https:\/\/andaluciaaerospace.com\/en\/wp-json\/wp\/v2\/tags?post=33478"}],"curies":[{"name":"wp","href":"https:\/\/api.w.org\/{rel}","templated":true}]}}