{"id":32349,"date":"2025-10-24T13:53:59","date_gmt":"2025-10-24T11:53:59","guid":{"rendered":"https:\/\/andaluciaaerospace.com\/?p=32349"},"modified":"2025-11-12T14:01:12","modified_gmt":"2025-11-12T13:01:12","slug":"andalucia-aerospace-trade-mission-to-casablanca","status":"publish","type":"post","link":"https:\/\/andaluciaaerospace.com\/en\/andalucia-aerospace-trade-mission-to-casablanca\/","title":{"rendered":"Andaluc\u00eda Aerospace Trade Mission to Casablanca"},"content":{"rendered":"<p>To gain first-hand knowledge of the aerospace ecosystem in Casablanca, Morocco, where the main companies in the sector in the Alawite country are grouped together. This was the main objective of the trade mission organized by Andaluc\u00eda Aerospace from October 21 to 23, for which a program of visits was organized in collaboration with Andaluc\u00eda TRADE and GIMAS &#8211; Groupement des Industries Marocaines A\u00e9ronautiques et Spatiales.<\/p>\n<p>These visits included the headquarters of the\u00a0 <a href=\"https:\/\/www.imacasablanca.com\/\">Institut des m\u00e9tiers de l&#8217;a\u00e9ronautique- IMA<\/a>, an important aeronautical training center that trains more than 2,000 students per year; the headquarters of <a href=\"https:\/\/morocco.segulatechnologies.com\/en\/\">SIMRA Grupo SEGULA Technologies Maroc<\/a>, partner of the leading manufacturers in the aerospace sector in Morocco; and the facilities of Aciturri Aeroengines en <a href=\"https:\/\/www.medz.ma\/en\/projet\/midparc\">Midparc Casablanca Free Zone<\/a>, which celebrated its first anniversary this October.<\/p>\n<p><a href=\"https:\/\/andaluciaaerospace.com\/mision-comercial-de-andalucia-aerospace-en-casablanca\/whatsapp-image-2025-10-22-at-11-21-19\/\" rel=\"attachment wp-att-32186\"><img decoding=\"async\" class=\"wp-image-32186 alignleft\" src=\"http:\/\/andaluciaaerospace.com\/wp-content\/uploads\/2025\/10\/WhatsApp-Image-2025-10-22-at-11.21.19-scaled.jpeg\" alt=\"\" width=\"464\" height=\"348\" srcset=\"https:\/\/andaluciaaerospace.com\/wp-content\/uploads\/2025\/10\/WhatsApp-Image-2025-10-22-at-11.21.19-scaled.jpeg 1600w, https:\/\/andaluciaaerospace.com\/wp-content\/uploads\/2025\/10\/WhatsApp-Image-2025-10-22-at-11.21.19-300x225.jpeg 300w, https:\/\/andaluciaaerospace.com\/wp-content\/uploads\/2025\/10\/WhatsApp-Image-2025-10-22-at-11.21.19-1024x768.jpeg 1024w, https:\/\/andaluciaaerospace.com\/wp-content\/uploads\/2025\/10\/WhatsApp-Image-2025-10-22-at-11.21.19-768x576.jpeg 768w, https:\/\/andaluciaaerospace.com\/wp-content\/uploads\/2025\/10\/WhatsApp-Image-2025-10-22-at-11.21.19-1536x1152.jpeg 1536w, https:\/\/andaluciaaerospace.com\/wp-content\/uploads\/2025\/10\/WhatsApp-Image-2025-10-22-at-11.21.19-913x685.jpeg 913w\" sizes=\"(max-width: 464px) 100vw, 464px\" \/><\/a><a href=\"https:\/\/andaluciaaerospace.com\/mision-comercial-de-andalucia-aerospace-en-casablanca\/whatsapp-image-2025-10-22-at-12-10-16\/\" rel=\"attachment wp-att-32198\"><img decoding=\"async\" class=\"wp-image-32198 alignright\" src=\"http:\/\/andaluciaaerospace.com\/wp-content\/uploads\/2025\/10\/WhatsApp-Image-2025-10-22-at-12.10.16.jpeg\" alt=\"\" width=\"462\" height=\"347\" srcset=\"https:\/\/andaluciaaerospace.com\/wp-content\/uploads\/2025\/10\/WhatsApp-Image-2025-10-22-at-12.10.16.jpeg 1600w, https:\/\/andaluciaaerospace.com\/wp-content\/uploads\/2025\/10\/WhatsApp-Image-2025-10-22-at-12.10.16-300x225.jpeg 300w, https:\/\/andaluciaaerospace.com\/wp-content\/uploads\/2025\/10\/WhatsApp-Image-2025-10-22-at-12.10.16-1024x768.jpeg 1024w, https:\/\/andaluciaaerospace.com\/wp-content\/uploads\/2025\/10\/WhatsApp-Image-2025-10-22-at-12.10.16-768x576.jpeg 768w, https:\/\/andaluciaaerospace.com\/wp-content\/uploads\/2025\/10\/WhatsApp-Image-2025-10-22-at-12.10.16-1536x1152.jpeg 1536w, https:\/\/andaluciaaerospace.com\/wp-content\/uploads\/2025\/10\/WhatsApp-Image-2025-10-22-at-12.10.16-913x685.jpeg 913w\" sizes=\"(max-width: 462px) 100vw, 462px\" \/><\/a><\/p>\n<p>&nbsp;<\/p>\n<p>&nbsp;<\/p>\n<p>&nbsp;<\/p>\n<p>&nbsp;<\/p>\n<p>&nbsp;<\/p>\n<p>&nbsp;<\/p>\n<p>&nbsp;<\/p>\n<p>&nbsp;<\/p>\n<p>&nbsp;<\/p>\n<p>&nbsp;<\/p>\n<p><a href=\"https:\/\/andaluciaaerospace.com\/mision-comercial-de-andalucia-aerospace-en-casablanca\/whatsapp-image-2025-10-22-at-17-19-26\/\" rel=\"attachment wp-att-32194\"><img decoding=\"async\" class=\"wp-image-32194 alignleft\" src=\"http:\/\/andaluciaaerospace.com\/wp-content\/uploads\/2025\/10\/WhatsApp-Image-2025-10-22-at-17.19.26-e1761558763411.jpeg\" alt=\"\" width=\"472\" height=\"265\" srcset=\"https:\/\/andaluciaaerospace.com\/wp-content\/uploads\/2025\/10\/WhatsApp-Image-2025-10-22-at-17.19.26-e1761558763411.jpeg 1600w, https:\/\/andaluciaaerospace.com\/wp-content\/uploads\/2025\/10\/WhatsApp-Image-2025-10-22-at-17.19.26-e1761558763411-300x169.jpeg 300w, https:\/\/andaluciaaerospace.com\/wp-content\/uploads\/2025\/10\/WhatsApp-Image-2025-10-22-at-17.19.26-e1761558763411-1024x576.jpeg 1024w, https:\/\/andaluciaaerospace.com\/wp-content\/uploads\/2025\/10\/WhatsApp-Image-2025-10-22-at-17.19.26-e1761558763411-768x432.jpeg 768w, https:\/\/andaluciaaerospace.com\/wp-content\/uploads\/2025\/10\/WhatsApp-Image-2025-10-22-at-17.19.26-e1761558763411-1536x864.jpeg 1536w\" sizes=\"(max-width: 472px) 100vw, 472px\" \/><\/a><a href=\"https:\/\/andaluciaaerospace.com\/mision-comercial-de-andalucia-aerospace-en-casablanca\/whatsapp-image-2025-10-22-at-16-37-46\/\" rel=\"attachment wp-att-32196\"><img decoding=\"async\" class=\"wp-image-32196 alignright\" src=\"http:\/\/andaluciaaerospace.com\/wp-content\/uploads\/2025\/10\/WhatsApp-Image-2025-10-22-at-16.37.46-e1761558627277.jpeg\" alt=\"\" width=\"468\" height=\"264\" srcset=\"https:\/\/andaluciaaerospace.com\/wp-content\/uploads\/2025\/10\/WhatsApp-Image-2025-10-22-at-16.37.46-e1761558627277.jpeg 1200w, https:\/\/andaluciaaerospace.com\/wp-content\/uploads\/2025\/10\/WhatsApp-Image-2025-10-22-at-16.37.46-e1761558627277-300x169.jpeg 300w, https:\/\/andaluciaaerospace.com\/wp-content\/uploads\/2025\/10\/WhatsApp-Image-2025-10-22-at-16.37.46-e1761558627277-1024x578.jpeg 1024w, https:\/\/andaluciaaerospace.com\/wp-content\/uploads\/2025\/10\/WhatsApp-Image-2025-10-22-at-16.37.46-e1761558627277-768x433.jpeg 768w\" sizes=\"(max-width: 468px) 100vw, 468px\" \/><\/a><\/p>\n<p>&nbsp;<\/p>\n<p>&nbsp;<\/p>\n<p>&nbsp;<\/p>\n<p>&nbsp;<\/p>\n<p>&nbsp;<\/p>\n<p>&nbsp;<\/p>\n<p>&nbsp;<\/p>\n<p>&nbsp;<\/p>\n<p>Our agenda also took us to visit the headquarters of\u00a0 <a href=\"https:\/\/dev.ad-industries.fr\/entity\/motherson-ad-industries-mechanical-assemblies-casablanca\/\">Motherson Group en Casablanca<\/a>, <a href=\"https:\/\/www.mecachrome.com\/\">Groupe MECACHROME<\/a> and <a href=\"https:\/\/www.collinsaerospace.com\/who-we-are\/about-us\/global\/africa\">Collins Aerospace<\/a>. We also visited <a href=\"https:\/\/www.mecachrome.com\/site\/efoa\/\">E.F.O.A (soci\u00e9t\u00e9 d&#8217;\u00c9tude &amp; De Fabrication Des Outillages A\u00e9ronautiques)<\/a>.<\/p>\n<p><a href=\"https:\/\/andaluciaaerospace.com\/mision-comercial-de-andalucia-aerospace-en-casablanca\/whatsapp-image-2025-10-23-at-11-20-04\/\" rel=\"attachment wp-att-32190\"><img decoding=\"async\" class=\"wp-image-32190 alignleft\" src=\"http:\/\/andaluciaaerospace.com\/wp-content\/uploads\/2025\/10\/WhatsApp-Image-2025-10-23-at-11.20.04.jpeg\" alt=\"\" width=\"477\" height=\"358\" srcset=\"https:\/\/andaluciaaerospace.com\/wp-content\/uploads\/2025\/10\/WhatsApp-Image-2025-10-23-at-11.20.04.jpeg 1600w, https:\/\/andaluciaaerospace.com\/wp-content\/uploads\/2025\/10\/WhatsApp-Image-2025-10-23-at-11.20.04-300x225.jpeg 300w, https:\/\/andaluciaaerospace.com\/wp-content\/uploads\/2025\/10\/WhatsApp-Image-2025-10-23-at-11.20.04-1024x768.jpeg 1024w, https:\/\/andaluciaaerospace.com\/wp-content\/uploads\/2025\/10\/WhatsApp-Image-2025-10-23-at-11.20.04-768x576.jpeg 768w, https:\/\/andaluciaaerospace.com\/wp-content\/uploads\/2025\/10\/WhatsApp-Image-2025-10-23-at-11.20.04-1536x1152.jpeg 1536w, https:\/\/andaluciaaerospace.com\/wp-content\/uploads\/2025\/10\/WhatsApp-Image-2025-10-23-at-11.20.04-913x685.jpeg 913w\" sizes=\"(max-width: 477px) 100vw, 477px\" \/><\/a> <a href=\"https:\/\/andaluciaaerospace.com\/mision-comercial-de-andalucia-aerospace-en-casablanca\/whatsapp-image-2025-10-23-at-11-26-08\/\" rel=\"attachment wp-att-32188\"><img decoding=\"async\" class=\"alignnone wp-image-32188\" src=\"http:\/\/andaluciaaerospace.com\/wp-content\/uploads\/2025\/10\/WhatsApp-Image-2025-10-23-at-11.26.08.jpeg\" alt=\"\" width=\"487\" height=\"365\" srcset=\"https:\/\/andaluciaaerospace.com\/wp-content\/uploads\/2025\/10\/WhatsApp-Image-2025-10-23-at-11.26.08.jpeg 1600w, https:\/\/andaluciaaerospace.com\/wp-content\/uploads\/2025\/10\/WhatsApp-Image-2025-10-23-at-11.26.08-300x225.jpeg 300w, https:\/\/andaluciaaerospace.com\/wp-content\/uploads\/2025\/10\/WhatsApp-Image-2025-10-23-at-11.26.08-1024x768.jpeg 1024w, https:\/\/andaluciaaerospace.com\/wp-content\/uploads\/2025\/10\/WhatsApp-Image-2025-10-23-at-11.26.08-768x576.jpeg 768w, https:\/\/andaluciaaerospace.com\/wp-content\/uploads\/2025\/10\/WhatsApp-Image-2025-10-23-at-11.26.08-1536x1152.jpeg 1536w, https:\/\/andaluciaaerospace.com\/wp-content\/uploads\/2025\/10\/WhatsApp-Image-2025-10-23-at-11.26.08-913x685.jpeg 913w\" sizes=\"(max-width: 487px) 100vw, 487px\" \/><\/a><\/p>\n<p>The companies that accompanied us on this trade mission were <a href=\"https:\/\/aerosm.com\/\">AeroSM<\/a>, <a href=\"https:\/\/www.canagrosa.com\/\">Canagrosa<\/a>, <a href=\"https:\/\/cubicoff.com\/\">Cubicoff Ingenier\u00eda Abierta<\/a>, <a href=\"https:\/\/www.testia.com\/es\/sobre-nosotros\/\">Ensia<\/a>, <a href=\"https:\/\/geciweb.com\/\">GECI Group<\/a>, <a href=\"https:\/\/gsc-aero.com\/\">Grupo Sevilla Control (GSC)<\/a>, <a href=\"https:\/\/lamaignere.com\/es\/\">Lamaignere Cargo<\/a>, <a href=\"https:\/\/ningenia.com\/\">Ningenia<\/a> y <a href=\"https:\/\/torsesa.com\/\">Torsesa<\/a>.<\/p>\n<p>Thanks to this trade mission, we have explored possible synergies and collaborations that may arise with our cluster companies, as well as with GIMAS, with the aim of establishing a short- and medium-term collaboration program.<\/p>\n","protected":false},"excerpt":{"rendered":"<p>To gain first-hand knowledge of the aerospace ecosystem in Casablanca, Morocco, where the main companies in the sector in the Alawite country are grouped together. This was the main objective of the trade mission organized by Andaluc\u00eda Aerospace from October 21 to 23, for which a program of visits was organized in collaboration with Andaluc\u00eda<\/p>\n<a class=\"btn btn-primary read-more-button\" href=\"https:\/\/andaluciaaerospace.com\/en\/andalucia-aerospace-trade-mission-to-casablanca\/\">Leer m\u00e1s...<\/a>","protected":false},"author":7,"featured_media":32187,"comment_status":"closed","ping_status":"closed","sticky":false,"template":"","format":"standard","meta":{"_acf_changed":false,"_bbp_topic_count":0,"_bbp_reply_count":0,"_bbp_total_topic_count":0,"_bbp_total_reply_count":0,"_bbp_voice_count":0,"_bbp_anonymous_reply_count":0,"_bbp_topic_count_hidden":0,"_bbp_reply_count_hidden":0,"_bbp_forum_subforum_count":0,"footnotes":""},"categories":[161],"tags":[],"class_list":["post-32349","post","type-post","status-publish","format-standard","has-post-thumbnail","hentry","category-cluster-news"],"acf":[],"yoast_head":"<!-- This site is optimized with the Yoast SEO plugin v23.6 - https:\/\/yoast.com\/wordpress\/plugins\/seo\/ -->\n<title>Andaluc\u00eda Aerospace Trade Mission to Casablanca - Andaluc\u00eda Aerospace<\/title>\n<meta name=\"robots\" content=\"index, follow, max-snippet:-1, max-image-preview:large, max-video-preview:-1\" \/>\n<link rel=\"canonical\" href=\"https:\/\/andaluciaaerospace.com\/en\/andalucia-aerospace-trade-mission-to-casablanca\/\" \/>\n<meta property=\"og:locale\" content=\"en_US\" \/>\n<meta property=\"og:type\" content=\"article\" \/>\n<meta property=\"og:title\" content=\"Andaluc\u00eda Aerospace Trade Mission to Casablanca - Andaluc\u00eda Aerospace\" \/>\n<meta property=\"og:description\" content=\"To gain first-hand knowledge of the aerospace ecosystem in Casablanca, Morocco, where the main companies in the sector in the Alawite country are grouped together. This was the main objective of the trade mission organized by Andaluc\u00eda Aerospace from October 21 to 23, for which a program of visits was organized in collaboration with Andaluc\u00eda\" \/>\n<meta property=\"og:url\" content=\"https:\/\/andaluciaaerospace.com\/en\/andalucia-aerospace-trade-mission-to-casablanca\/\" \/>\n<meta property=\"og:site_name\" content=\"Andaluc\u00eda Aerospace\" \/>\n<meta property=\"article:published_time\" content=\"2025-10-24T11:53:59+00:00\" \/>\n<meta property=\"article:modified_time\" content=\"2025-11-12T13:01:12+00:00\" \/>\n<meta property=\"og:image\" content=\"http:\/\/andaluciaaerospace.com\/wp-content\/uploads\/2025\/10\/WhatsApp-Image-2025-10-22-at-11.21.19-scaled.jpeg\" \/>\n\t<meta property=\"og:image:width\" content=\"1600\" \/>\n\t<meta property=\"og:image:height\" content=\"1200\" \/>\n\t<meta property=\"og:image:type\" content=\"image\/jpeg\" \/>\n<meta name=\"author\" content=\"Comunicacion Andaluc\u00eda Aerospace\" \/>\n<meta name=\"twitter:card\" content=\"summary_large_image\" \/>\n<meta name=\"twitter:label1\" content=\"Written by\" \/>\n\t<meta name=\"twitter:data1\" content=\"Comunicacion Andaluc\u00eda Aerospace\" \/>\n\t<meta name=\"twitter:label2\" content=\"Est. reading time\" \/>\n\t<meta name=\"twitter:data2\" content=\"1 minute\" \/>\n<script type=\"application\/ld+json\" class=\"yoast-schema-graph\">{\"@context\":\"https:\/\/schema.org\",\"@graph\":[{\"@type\":[\"WebPage\",\"ItemPage\"],\"@id\":\"https:\/\/andaluciaaerospace.com\/en\/andalucia-aerospace-trade-mission-to-casablanca\/\",\"url\":\"https:\/\/andaluciaaerospace.com\/en\/andalucia-aerospace-trade-mission-to-casablanca\/\",\"name\":\"Andaluc\u00eda Aerospace Trade Mission to Casablanca - Andaluc\u00eda Aerospace\",\"isPartOf\":{\"@id\":\"https:\/\/andaluciaaerospace.com\/en\/#website\"},\"primaryImageOfPage\":{\"@id\":\"https:\/\/andaluciaaerospace.com\/en\/andalucia-aerospace-trade-mission-to-casablanca\/#primaryimage\"},\"image\":{\"@id\":\"https:\/\/andaluciaaerospace.com\/en\/andalucia-aerospace-trade-mission-to-casablanca\/#primaryimage\"},\"thumbnailUrl\":\"https:\/\/andaluciaaerospace.com\/wp-content\/uploads\/2025\/10\/WhatsApp-Image-2025-10-22-at-11.21.19-scaled.jpeg\",\"datePublished\":\"2025-10-24T11:53:59+00:00\",\"dateModified\":\"2025-11-12T13:01:12+00:00\",\"author\":{\"@id\":\"https:\/\/andaluciaaerospace.com\/en\/#\/schema\/person\/f31cd29a7bef441635ccd740480a73fe\"},\"breadcrumb\":{\"@id\":\"https:\/\/andaluciaaerospace.com\/en\/andalucia-aerospace-trade-mission-to-casablanca\/#breadcrumb\"},\"inLanguage\":\"en-US\",\"potentialAction\":[{\"@type\":\"ReadAction\",\"target\":[\"https:\/\/andaluciaaerospace.com\/en\/andalucia-aerospace-trade-mission-to-casablanca\/\"]}]},{\"@type\":\"ImageObject\",\"inLanguage\":\"en-US\",\"@id\":\"https:\/\/andaluciaaerospace.com\/en\/andalucia-aerospace-trade-mission-to-casablanca\/#primaryimage\",\"url\":\"https:\/\/andaluciaaerospace.com\/wp-content\/uploads\/2025\/10\/WhatsApp-Image-2025-10-22-at-11.21.19-scaled.jpeg\",\"contentUrl\":\"https:\/\/andaluciaaerospace.com\/wp-content\/uploads\/2025\/10\/WhatsApp-Image-2025-10-22-at-11.21.19-scaled.jpeg\",\"width\":1600,\"height\":1200},{\"@type\":\"BreadcrumbList\",\"@id\":\"https:\/\/andaluciaaerospace.com\/en\/andalucia-aerospace-trade-mission-to-casablanca\/#breadcrumb\",\"itemListElement\":[{\"@type\":\"ListItem\",\"position\":1,\"name\":\"Portada\",\"item\":\"https:\/\/andaluciaaerospace.com\/en\/\"},{\"@type\":\"ListItem\",\"position\":2,\"name\":\"Andaluc\u00eda Aerospace Trade Mission to Casablanca\"}]},{\"@type\":\"WebSite\",\"@id\":\"https:\/\/andaluciaaerospace.com\/en\/#website\",\"url\":\"https:\/\/andaluciaaerospace.com\/en\/\",\"name\":\"Andaluc\u00eda Aerospace\",\"description\":\"Cluster empresarial aeron\u00e1utico\",\"potentialAction\":[{\"@type\":\"SearchAction\",\"target\":{\"@type\":\"EntryPoint\",\"urlTemplate\":\"https:\/\/andaluciaaerospace.com\/en\/?s={search_term_string}\"},\"query-input\":{\"@type\":\"PropertyValueSpecification\",\"valueRequired\":true,\"valueName\":\"search_term_string\"}}],\"inLanguage\":\"en-US\"},{\"@type\":\"Person\",\"@id\":\"https:\/\/andaluciaaerospace.com\/en\/#\/schema\/person\/f31cd29a7bef441635ccd740480a73fe\",\"name\":\"Comunicacion Andaluc\u00eda Aerospace\"}]}<\/script>\n<!-- \/ Yoast SEO plugin. -->","yoast_head_json":{"title":"Andaluc\u00eda Aerospace Trade Mission to Casablanca - Andaluc\u00eda Aerospace","robots":{"index":"index","follow":"follow","max-snippet":"max-snippet:-1","max-image-preview":"max-image-preview:large","max-video-preview":"max-video-preview:-1"},"canonical":"https:\/\/andaluciaaerospace.com\/en\/andalucia-aerospace-trade-mission-to-casablanca\/","og_locale":"en_US","og_type":"article","og_title":"Andaluc\u00eda Aerospace Trade Mission to Casablanca - Andaluc\u00eda Aerospace","og_description":"To gain first-hand knowledge of the aerospace ecosystem in Casablanca, Morocco, where the main companies in the sector in the Alawite country are grouped together. This was the main objective of the trade mission organized by Andaluc\u00eda Aerospace from October 21 to 23, for which a program of visits was organized in collaboration with Andaluc\u00eda","og_url":"https:\/\/andaluciaaerospace.com\/en\/andalucia-aerospace-trade-mission-to-casablanca\/","og_site_name":"Andaluc\u00eda Aerospace","article_published_time":"2025-10-24T11:53:59+00:00","article_modified_time":"2025-11-12T13:01:12+00:00","og_image":[{"width":1600,"height":1200,"url":"http:\/\/andaluciaaerospace.com\/wp-content\/uploads\/2025\/10\/WhatsApp-Image-2025-10-22-at-11.21.19-scaled.jpeg","type":"image\/jpeg"}],"author":"Comunicacion Andaluc\u00eda Aerospace","twitter_card":"summary_large_image","twitter_misc":{"Written by":"Comunicacion Andaluc\u00eda Aerospace","Est. reading time":"1 minute"},"schema":{"@context":"https:\/\/schema.org","@graph":[{"@type":["WebPage","ItemPage"],"@id":"https:\/\/andaluciaaerospace.com\/en\/andalucia-aerospace-trade-mission-to-casablanca\/","url":"https:\/\/andaluciaaerospace.com\/en\/andalucia-aerospace-trade-mission-to-casablanca\/","name":"Andaluc\u00eda Aerospace Trade Mission to Casablanca - Andaluc\u00eda Aerospace","isPartOf":{"@id":"https:\/\/andaluciaaerospace.com\/en\/#website"},"primaryImageOfPage":{"@id":"https:\/\/andaluciaaerospace.com\/en\/andalucia-aerospace-trade-mission-to-casablanca\/#primaryimage"},"image":{"@id":"https:\/\/andaluciaaerospace.com\/en\/andalucia-aerospace-trade-mission-to-casablanca\/#primaryimage"},"thumbnailUrl":"https:\/\/andaluciaaerospace.com\/wp-content\/uploads\/2025\/10\/WhatsApp-Image-2025-10-22-at-11.21.19-scaled.jpeg","datePublished":"2025-10-24T11:53:59+00:00","dateModified":"2025-11-12T13:01:12+00:00","author":{"@id":"https:\/\/andaluciaaerospace.com\/en\/#\/schema\/person\/f31cd29a7bef441635ccd740480a73fe"},"breadcrumb":{"@id":"https:\/\/andaluciaaerospace.com\/en\/andalucia-aerospace-trade-mission-to-casablanca\/#breadcrumb"},"inLanguage":"en-US","potentialAction":[{"@type":"ReadAction","target":["https:\/\/andaluciaaerospace.com\/en\/andalucia-aerospace-trade-mission-to-casablanca\/"]}]},{"@type":"ImageObject","inLanguage":"en-US","@id":"https:\/\/andaluciaaerospace.com\/en\/andalucia-aerospace-trade-mission-to-casablanca\/#primaryimage","url":"https:\/\/andaluciaaerospace.com\/wp-content\/uploads\/2025\/10\/WhatsApp-Image-2025-10-22-at-11.21.19-scaled.jpeg","contentUrl":"https:\/\/andaluciaaerospace.com\/wp-content\/uploads\/2025\/10\/WhatsApp-Image-2025-10-22-at-11.21.19-scaled.jpeg","width":1600,"height":1200},{"@type":"BreadcrumbList","@id":"https:\/\/andaluciaaerospace.com\/en\/andalucia-aerospace-trade-mission-to-casablanca\/#breadcrumb","itemListElement":[{"@type":"ListItem","position":1,"name":"Portada","item":"https:\/\/andaluciaaerospace.com\/en\/"},{"@type":"ListItem","position":2,"name":"Andaluc\u00eda Aerospace Trade Mission to Casablanca"}]},{"@type":"WebSite","@id":"https:\/\/andaluciaaerospace.com\/en\/#website","url":"https:\/\/andaluciaaerospace.com\/en\/","name":"Andaluc\u00eda Aerospace","description":"Cluster empresarial aeron\u00e1utico","potentialAction":[{"@type":"SearchAction","target":{"@type":"EntryPoint","urlTemplate":"https:\/\/andaluciaaerospace.com\/en\/?s={search_term_string}"},"query-input":{"@type":"PropertyValueSpecification","valueRequired":true,"valueName":"search_term_string"}}],"inLanguage":"en-US"},{"@type":"Person","@id":"https:\/\/andaluciaaerospace.com\/en\/#\/schema\/person\/f31cd29a7bef441635ccd740480a73fe","name":"Comunicacion Andaluc\u00eda Aerospace"}]}},"_links":{"self":[{"href":"https:\/\/andaluciaaerospace.com\/en\/wp-json\/wp\/v2\/posts\/32349","targetHints":{"allow":["GET"]}}],"collection":[{"href":"https:\/\/andaluciaaerospace.com\/en\/wp-json\/wp\/v2\/posts"}],"about":[{"href":"https:\/\/andaluciaaerospace.com\/en\/wp-json\/wp\/v2\/types\/post"}],"author":[{"embeddable":true,"href":"https:\/\/andaluciaaerospace.com\/en\/wp-json\/wp\/v2\/users\/7"}],"replies":[{"embeddable":true,"href":"https:\/\/andaluciaaerospace.com\/en\/wp-json\/wp\/v2\/comments?post=32349"}],"version-history":[{"count":1,"href":"https:\/\/andaluciaaerospace.com\/en\/wp-json\/wp\/v2\/posts\/32349\/revisions"}],"predecessor-version":[{"id":32350,"href":"https:\/\/andaluciaaerospace.com\/en\/wp-json\/wp\/v2\/posts\/32349\/revisions\/32350"}],"wp:featuredmedia":[{"embeddable":true,"href":"https:\/\/andaluciaaerospace.com\/en\/wp-json\/wp\/v2\/media\/32187"}],"wp:attachment":[{"href":"https:\/\/andaluciaaerospace.com\/en\/wp-json\/wp\/v2\/media?parent=32349"}],"wp:term":[{"taxonomy":"category","embeddable":true,"href":"https:\/\/andaluciaaerospace.com\/en\/wp-json\/wp\/v2\/categories?post=32349"},{"taxonomy":"post_tag","embeddable":true,"href":"https:\/\/andaluciaaerospace.com\/en\/wp-json\/wp\/v2\/tags?post=32349"}],"curies":[{"name":"wp","href":"https:\/\/api.w.org\/{rel}","templated":true}]}}