{"id":30775,"date":"2025-05-21T09:35:09","date_gmt":"2025-05-21T07:35:09","guid":{"rendered":"https:\/\/andaluciaaerospace.com\/?p=30775"},"modified":"2025-05-21T09:38:08","modified_gmt":"2025-05-21T07:38:08","slug":"moeve-joins-andalucia-aerospace-to-promote-sustainable-mobility-in-the-aerospace-industry","status":"publish","type":"post","link":"https:\/\/andaluciaaerospace.com\/en\/moeve-joins-andalucia-aerospace-to-promote-sustainable-mobility-in-the-aerospace-industry\/","title":{"rendered":"Moeve joins Andaluc\u00eda Aerospace to promote sustainable mobility in the aerospace industry"},"content":{"rendered":"<p>Moeve, the company committed to sustainable energy and mobility, which already markets sustainable aviation fuel (SAF) at the main airports in Spain, joins the Andaluc\u00eda Aerospace cluster as a new partner.<\/p>\n<p>With this adhesion, Moeve becomes part of the main aerospace and defence industrial ecosystem in Andalusia, where more than 100 companies committed to innovation and sustainability in the sector already collaborate. Its entry reinforces the cluster&#8217;s strategic line aimed at promoting the transition towards a more efficient and environmentally friendly aviation.<\/p>\n<p>Moeve focuses its activity on the design and development of air mobility solutions based on green molecules, such as SAF or eSAF produced from green hydrogen, key levers for the decarbonisation of air transport. Its approach combines advanced engineering, sustainability and foresight, aligning with European climate neutrality and CO2 emission reduction targets in the sector. The company is now ready to comply with the European Refuel EU Aviation mandate, which requires the incorporation of 2% UAS at major EU airports from 1 January 2025. In parallel, it is working to go beyond this target by supplying higher quantities of PBS than those set by the Regulation.<\/p>\n<p>The alliance between Moeve and Andaluc\u00eda Aerospace was institutionalised today at a ceremony held in Seville in which \u00c1lvaro Macarro, Director of Sustainable Aviation at Moeve, and Juan Rom\u00e1n, Managing Director of Andaluc\u00eda Aerospace, took part. The signing was attended and supported by the Secretary General of Industry and Mines of the Andalusian Regional Government, Jos\u00e9 Javier Alonso Membrives.<\/p>\n<p>Andaluc\u00eda Aerospace welcomes the incorporation of Moeve as a further step towards the diversification of the cluster and the strengthening of new areas of specialisation linked to sustainability, one of the main challenges and opportunities for the industry in the next decade. As its director, Juan Rom\u00e1n, puts it: \u2018Sustainability is not an option, it is a shared responsibility. Having companies like Moeve that are also working towards this challenge reinforces our cluster and the work being done in the aerospace sector to achieve a cleaner and more efficient aviation\u2019.<\/p>\n<p>\u00c1lvaro Macarro, Director of Sustainable Aviation at Moeve, said: \u2018We are particularly proud of this alliance with Andaluc\u00eda Aerospace, which is a strategic partner in a key region for us, where we have been the leading company in terms of production and exports for decades. Becoming a Gold Partner of the Cluster means working even closer together; actively listening to the sector and identifying common objectives. The decarbonisation of aviation is a pillar of Moeve&#8217;s Positive Motion strategy. Growing in the social knowledge of the SAF and the tools for a more sustainable air transport will be one of the axes of our teamwork, between Moeve and Andaluc\u00eda Aerospace\u2019.<\/p>\n<p><a href=\"https:\/\/andaluciaaerospace.com\/en\/moeve-joins-andalucia-aerospace-to-promote-sustainable-mobility-in-the-aerospace-industry\/incorporacion-moeve-mayo-2025-2\/\" rel=\"attachment wp-att-30778\"><img decoding=\"async\" class=\"alignnone size-full wp-image-30778\" src=\"http:\/\/andaluciaaerospace.com\/wp-content\/uploads\/2025\/05\/Incorporacion-MOEVE-mayo-2025-2-scaled.jpeg\" alt=\"\" width=\"1600\" height=\"1189\" srcset=\"https:\/\/andaluciaaerospace.com\/wp-content\/uploads\/2025\/05\/Incorporacion-MOEVE-mayo-2025-2-scaled.jpeg 1600w, https:\/\/andaluciaaerospace.com\/wp-content\/uploads\/2025\/05\/Incorporacion-MOEVE-mayo-2025-2-300x223.jpeg 300w, https:\/\/andaluciaaerospace.com\/wp-content\/uploads\/2025\/05\/Incorporacion-MOEVE-mayo-2025-2-1024x761.jpeg 1024w, https:\/\/andaluciaaerospace.com\/wp-content\/uploads\/2025\/05\/Incorporacion-MOEVE-mayo-2025-2-768x571.jpeg 768w, https:\/\/andaluciaaerospace.com\/wp-content\/uploads\/2025\/05\/Incorporacion-MOEVE-mayo-2025-2-1536x1142.jpeg 1536w, https:\/\/andaluciaaerospace.com\/wp-content\/uploads\/2025\/05\/Incorporacion-MOEVE-mayo-2025-2-922x685.jpeg 922w\" sizes=\"(max-width: 1600px) 100vw, 1600px\" \/><\/a><\/p>\n","protected":false},"excerpt":{"rendered":"<p>Moeve, the company committed to sustainable energy and mobility, which already markets sustainable aviation fuel (SAF) at the main airports in Spain, joins the Andaluc\u00eda Aerospace cluster as a new partner. With this adhesion, Moeve becomes part of the main aerospace and defence industrial ecosystem in Andalusia, where more than 100 companies committed to innovation<\/p>\n<a class=\"btn btn-primary read-more-button\" href=\"https:\/\/andaluciaaerospace.com\/en\/moeve-joins-andalucia-aerospace-to-promote-sustainable-mobility-in-the-aerospace-industry\/\">Leer m\u00e1s...<\/a>","protected":false},"author":7,"featured_media":30776,"comment_status":"closed","ping_status":"closed","sticky":false,"template":"","format":"standard","meta":{"_acf_changed":false,"_bbp_topic_count":0,"_bbp_reply_count":0,"_bbp_total_topic_count":0,"_bbp_total_reply_count":0,"_bbp_voice_count":0,"_bbp_anonymous_reply_count":0,"_bbp_topic_count_hidden":0,"_bbp_reply_count_hidden":0,"_bbp_forum_subforum_count":0,"footnotes":""},"categories":[161],"tags":[],"class_list":["post-30775","post","type-post","status-publish","format-standard","has-post-thumbnail","hentry","category-cluster-news"],"acf":[],"yoast_head":"<!-- This site is optimized with the Yoast SEO plugin v23.6 - https:\/\/yoast.com\/wordpress\/plugins\/seo\/ -->\n<title>Moeve joins Andaluc\u00eda Aerospace to promote sustainable mobility in the aerospace industry - Andaluc\u00eda Aerospace<\/title>\n<meta name=\"robots\" content=\"index, follow, max-snippet:-1, max-image-preview:large, max-video-preview:-1\" \/>\n<link rel=\"canonical\" href=\"https:\/\/andaluciaaerospace.com\/en\/moeve-joins-andalucia-aerospace-to-promote-sustainable-mobility-in-the-aerospace-industry\/\" \/>\n<meta property=\"og:locale\" content=\"en_US\" \/>\n<meta property=\"og:type\" content=\"article\" \/>\n<meta property=\"og:title\" content=\"Moeve joins Andaluc\u00eda Aerospace to promote sustainable mobility in the aerospace industry - Andaluc\u00eda Aerospace\" \/>\n<meta property=\"og:description\" content=\"Moeve, the company committed to sustainable energy and mobility, which already markets sustainable aviation fuel (SAF) at the main airports in Spain, joins the Andaluc\u00eda Aerospace cluster as a new partner. With this adhesion, Moeve becomes part of the main aerospace and defence industrial ecosystem in Andalusia, where more than 100 companies committed to innovation\" \/>\n<meta property=\"og:url\" content=\"https:\/\/andaluciaaerospace.com\/en\/moeve-joins-andalucia-aerospace-to-promote-sustainable-mobility-in-the-aerospace-industry\/\" \/>\n<meta property=\"og:site_name\" content=\"Andaluc\u00eda Aerospace\" \/>\n<meta property=\"article:published_time\" content=\"2025-05-21T07:35:09+00:00\" \/>\n<meta property=\"article:modified_time\" content=\"2025-05-21T07:38:08+00:00\" \/>\n<meta property=\"og:image\" content=\"http:\/\/andaluciaaerospace.com\/wp-content\/uploads\/2025\/05\/Incorporacion-MOEVE-mayo-2025-scaled-e1747813079857.jpeg\" \/>\n\t<meta property=\"og:image:width\" content=\"1600\" \/>\n\t<meta property=\"og:image:height\" content=\"901\" \/>\n\t<meta property=\"og:image:type\" content=\"image\/jpeg\" \/>\n<meta name=\"author\" content=\"Comunicacion Andaluc\u00eda Aerospace\" \/>\n<meta name=\"twitter:card\" content=\"summary_large_image\" \/>\n<meta name=\"twitter:label1\" content=\"Written by\" \/>\n\t<meta name=\"twitter:data1\" content=\"Comunicacion Andaluc\u00eda Aerospace\" \/>\n\t<meta name=\"twitter:label2\" content=\"Est. reading time\" \/>\n\t<meta name=\"twitter:data2\" content=\"2 minutes\" \/>\n<script type=\"application\/ld+json\" class=\"yoast-schema-graph\">{\"@context\":\"https:\/\/schema.org\",\"@graph\":[{\"@type\":[\"WebPage\",\"ItemPage\"],\"@id\":\"https:\/\/andaluciaaerospace.com\/en\/moeve-joins-andalucia-aerospace-to-promote-sustainable-mobility-in-the-aerospace-industry\/\",\"url\":\"https:\/\/andaluciaaerospace.com\/en\/moeve-joins-andalucia-aerospace-to-promote-sustainable-mobility-in-the-aerospace-industry\/\",\"name\":\"Moeve joins Andaluc\u00eda Aerospace to promote sustainable mobility in the aerospace industry - Andaluc\u00eda Aerospace\",\"isPartOf\":{\"@id\":\"https:\/\/andaluciaaerospace.com\/en\/#website\"},\"primaryImageOfPage\":{\"@id\":\"https:\/\/andaluciaaerospace.com\/en\/moeve-joins-andalucia-aerospace-to-promote-sustainable-mobility-in-the-aerospace-industry\/#primaryimage\"},\"image\":{\"@id\":\"https:\/\/andaluciaaerospace.com\/en\/moeve-joins-andalucia-aerospace-to-promote-sustainable-mobility-in-the-aerospace-industry\/#primaryimage\"},\"thumbnailUrl\":\"https:\/\/andaluciaaerospace.com\/wp-content\/uploads\/2025\/05\/Incorporacion-MOEVE-mayo-2025-scaled-e1747813079857.jpeg\",\"datePublished\":\"2025-05-21T07:35:09+00:00\",\"dateModified\":\"2025-05-21T07:38:08+00:00\",\"author\":{\"@id\":\"https:\/\/andaluciaaerospace.com\/en\/#\/schema\/person\/f31cd29a7bef441635ccd740480a73fe\"},\"breadcrumb\":{\"@id\":\"https:\/\/andaluciaaerospace.com\/en\/moeve-joins-andalucia-aerospace-to-promote-sustainable-mobility-in-the-aerospace-industry\/#breadcrumb\"},\"inLanguage\":\"en-US\",\"potentialAction\":[{\"@type\":\"ReadAction\",\"target\":[\"https:\/\/andaluciaaerospace.com\/en\/moeve-joins-andalucia-aerospace-to-promote-sustainable-mobility-in-the-aerospace-industry\/\"]}]},{\"@type\":\"ImageObject\",\"inLanguage\":\"en-US\",\"@id\":\"https:\/\/andaluciaaerospace.com\/en\/moeve-joins-andalucia-aerospace-to-promote-sustainable-mobility-in-the-aerospace-industry\/#primaryimage\",\"url\":\"https:\/\/andaluciaaerospace.com\/wp-content\/uploads\/2025\/05\/Incorporacion-MOEVE-mayo-2025-scaled-e1747813079857.jpeg\",\"contentUrl\":\"https:\/\/andaluciaaerospace.com\/wp-content\/uploads\/2025\/05\/Incorporacion-MOEVE-mayo-2025-scaled-e1747813079857.jpeg\",\"width\":1600,\"height\":901},{\"@type\":\"BreadcrumbList\",\"@id\":\"https:\/\/andaluciaaerospace.com\/en\/moeve-joins-andalucia-aerospace-to-promote-sustainable-mobility-in-the-aerospace-industry\/#breadcrumb\",\"itemListElement\":[{\"@type\":\"ListItem\",\"position\":1,\"name\":\"Portada\",\"item\":\"https:\/\/andaluciaaerospace.com\/en\/\"},{\"@type\":\"ListItem\",\"position\":2,\"name\":\"Moeve joins Andaluc\u00eda Aerospace to promote sustainable mobility in the aerospace industry\"}]},{\"@type\":\"WebSite\",\"@id\":\"https:\/\/andaluciaaerospace.com\/en\/#website\",\"url\":\"https:\/\/andaluciaaerospace.com\/en\/\",\"name\":\"Andaluc\u00eda Aerospace\",\"description\":\"Cluster empresarial aeron\u00e1utico\",\"potentialAction\":[{\"@type\":\"SearchAction\",\"target\":{\"@type\":\"EntryPoint\",\"urlTemplate\":\"https:\/\/andaluciaaerospace.com\/en\/?s={search_term_string}\"},\"query-input\":{\"@type\":\"PropertyValueSpecification\",\"valueRequired\":true,\"valueName\":\"search_term_string\"}}],\"inLanguage\":\"en-US\"},{\"@type\":\"Person\",\"@id\":\"https:\/\/andaluciaaerospace.com\/en\/#\/schema\/person\/f31cd29a7bef441635ccd740480a73fe\",\"name\":\"Comunicacion Andaluc\u00eda Aerospace\"}]}<\/script>\n<!-- \/ Yoast SEO plugin. -->","yoast_head_json":{"title":"Moeve joins Andaluc\u00eda Aerospace to promote sustainable mobility in the aerospace industry - Andaluc\u00eda Aerospace","robots":{"index":"index","follow":"follow","max-snippet":"max-snippet:-1","max-image-preview":"max-image-preview:large","max-video-preview":"max-video-preview:-1"},"canonical":"https:\/\/andaluciaaerospace.com\/en\/moeve-joins-andalucia-aerospace-to-promote-sustainable-mobility-in-the-aerospace-industry\/","og_locale":"en_US","og_type":"article","og_title":"Moeve joins Andaluc\u00eda Aerospace to promote sustainable mobility in the aerospace industry - Andaluc\u00eda Aerospace","og_description":"Moeve, the company committed to sustainable energy and mobility, which already markets sustainable aviation fuel (SAF) at the main airports in Spain, joins the Andaluc\u00eda Aerospace cluster as a new partner. With this adhesion, Moeve becomes part of the main aerospace and defence industrial ecosystem in Andalusia, where more than 100 companies committed to innovation","og_url":"https:\/\/andaluciaaerospace.com\/en\/moeve-joins-andalucia-aerospace-to-promote-sustainable-mobility-in-the-aerospace-industry\/","og_site_name":"Andaluc\u00eda Aerospace","article_published_time":"2025-05-21T07:35:09+00:00","article_modified_time":"2025-05-21T07:38:08+00:00","og_image":[{"width":1600,"height":901,"url":"http:\/\/andaluciaaerospace.com\/wp-content\/uploads\/2025\/05\/Incorporacion-MOEVE-mayo-2025-scaled-e1747813079857.jpeg","type":"image\/jpeg"}],"author":"Comunicacion Andaluc\u00eda Aerospace","twitter_card":"summary_large_image","twitter_misc":{"Written by":"Comunicacion Andaluc\u00eda Aerospace","Est. reading time":"2 minutes"},"schema":{"@context":"https:\/\/schema.org","@graph":[{"@type":["WebPage","ItemPage"],"@id":"https:\/\/andaluciaaerospace.com\/en\/moeve-joins-andalucia-aerospace-to-promote-sustainable-mobility-in-the-aerospace-industry\/","url":"https:\/\/andaluciaaerospace.com\/en\/moeve-joins-andalucia-aerospace-to-promote-sustainable-mobility-in-the-aerospace-industry\/","name":"Moeve joins Andaluc\u00eda Aerospace to promote sustainable mobility in the aerospace industry - Andaluc\u00eda Aerospace","isPartOf":{"@id":"https:\/\/andaluciaaerospace.com\/en\/#website"},"primaryImageOfPage":{"@id":"https:\/\/andaluciaaerospace.com\/en\/moeve-joins-andalucia-aerospace-to-promote-sustainable-mobility-in-the-aerospace-industry\/#primaryimage"},"image":{"@id":"https:\/\/andaluciaaerospace.com\/en\/moeve-joins-andalucia-aerospace-to-promote-sustainable-mobility-in-the-aerospace-industry\/#primaryimage"},"thumbnailUrl":"https:\/\/andaluciaaerospace.com\/wp-content\/uploads\/2025\/05\/Incorporacion-MOEVE-mayo-2025-scaled-e1747813079857.jpeg","datePublished":"2025-05-21T07:35:09+00:00","dateModified":"2025-05-21T07:38:08+00:00","author":{"@id":"https:\/\/andaluciaaerospace.com\/en\/#\/schema\/person\/f31cd29a7bef441635ccd740480a73fe"},"breadcrumb":{"@id":"https:\/\/andaluciaaerospace.com\/en\/moeve-joins-andalucia-aerospace-to-promote-sustainable-mobility-in-the-aerospace-industry\/#breadcrumb"},"inLanguage":"en-US","potentialAction":[{"@type":"ReadAction","target":["https:\/\/andaluciaaerospace.com\/en\/moeve-joins-andalucia-aerospace-to-promote-sustainable-mobility-in-the-aerospace-industry\/"]}]},{"@type":"ImageObject","inLanguage":"en-US","@id":"https:\/\/andaluciaaerospace.com\/en\/moeve-joins-andalucia-aerospace-to-promote-sustainable-mobility-in-the-aerospace-industry\/#primaryimage","url":"https:\/\/andaluciaaerospace.com\/wp-content\/uploads\/2025\/05\/Incorporacion-MOEVE-mayo-2025-scaled-e1747813079857.jpeg","contentUrl":"https:\/\/andaluciaaerospace.com\/wp-content\/uploads\/2025\/05\/Incorporacion-MOEVE-mayo-2025-scaled-e1747813079857.jpeg","width":1600,"height":901},{"@type":"BreadcrumbList","@id":"https:\/\/andaluciaaerospace.com\/en\/moeve-joins-andalucia-aerospace-to-promote-sustainable-mobility-in-the-aerospace-industry\/#breadcrumb","itemListElement":[{"@type":"ListItem","position":1,"name":"Portada","item":"https:\/\/andaluciaaerospace.com\/en\/"},{"@type":"ListItem","position":2,"name":"Moeve joins Andaluc\u00eda Aerospace to promote sustainable mobility in the aerospace industry"}]},{"@type":"WebSite","@id":"https:\/\/andaluciaaerospace.com\/en\/#website","url":"https:\/\/andaluciaaerospace.com\/en\/","name":"Andaluc\u00eda Aerospace","description":"Cluster empresarial aeron\u00e1utico","potentialAction":[{"@type":"SearchAction","target":{"@type":"EntryPoint","urlTemplate":"https:\/\/andaluciaaerospace.com\/en\/?s={search_term_string}"},"query-input":{"@type":"PropertyValueSpecification","valueRequired":true,"valueName":"search_term_string"}}],"inLanguage":"en-US"},{"@type":"Person","@id":"https:\/\/andaluciaaerospace.com\/en\/#\/schema\/person\/f31cd29a7bef441635ccd740480a73fe","name":"Comunicacion Andaluc\u00eda Aerospace"}]}},"_links":{"self":[{"href":"https:\/\/andaluciaaerospace.com\/en\/wp-json\/wp\/v2\/posts\/30775","targetHints":{"allow":["GET"]}}],"collection":[{"href":"https:\/\/andaluciaaerospace.com\/en\/wp-json\/wp\/v2\/posts"}],"about":[{"href":"https:\/\/andaluciaaerospace.com\/en\/wp-json\/wp\/v2\/types\/post"}],"author":[{"embeddable":true,"href":"https:\/\/andaluciaaerospace.com\/en\/wp-json\/wp\/v2\/users\/7"}],"replies":[{"embeddable":true,"href":"https:\/\/andaluciaaerospace.com\/en\/wp-json\/wp\/v2\/comments?post=30775"}],"version-history":[{"count":2,"href":"https:\/\/andaluciaaerospace.com\/en\/wp-json\/wp\/v2\/posts\/30775\/revisions"}],"predecessor-version":[{"id":30781,"href":"https:\/\/andaluciaaerospace.com\/en\/wp-json\/wp\/v2\/posts\/30775\/revisions\/30781"}],"wp:featuredmedia":[{"embeddable":true,"href":"https:\/\/andaluciaaerospace.com\/en\/wp-json\/wp\/v2\/media\/30776"}],"wp:attachment":[{"href":"https:\/\/andaluciaaerospace.com\/en\/wp-json\/wp\/v2\/media?parent=30775"}],"wp:term":[{"taxonomy":"category","embeddable":true,"href":"https:\/\/andaluciaaerospace.com\/en\/wp-json\/wp\/v2\/categories?post=30775"},{"taxonomy":"post_tag","embeddable":true,"href":"https:\/\/andaluciaaerospace.com\/en\/wp-json\/wp\/v2\/tags?post=30775"}],"curies":[{"name":"wp","href":"https:\/\/api.w.org\/{rel}","templated":true}]}}