{"id":30691,"date":"2025-05-12T18:25:44","date_gmt":"2025-05-12T16:25:44","guid":{"rendered":"https:\/\/andaluciaaerospace.com\/?p=30691"},"modified":"2025-05-12T18:25:44","modified_gmt":"2025-05-12T16:25:44","slug":"feindef25-andalucia-logistics-and-andalucia-aerospace-sign-a-strategic-collaboration-agreement-to-boost-competitiveness-and-innovation-in-the-logistics-and-aerospace-sectors","status":"publish","type":"post","link":"https:\/\/andaluciaaerospace.com\/en\/feindef25-andalucia-logistics-and-andalucia-aerospace-sign-a-strategic-collaboration-agreement-to-boost-competitiveness-and-innovation-in-the-logistics-and-aerospace-sectors\/","title":{"rendered":"#FEINDEF25: Andaluc\u00eda Logistics and Andaluc\u00eda Aerospace sign a strategic collaboration agreement to boost competitiveness and innovation in the logistics and aerospace sectors"},"content":{"rendered":"<p>The President of Andaluc\u00eda Logistics, Miguel \u00c1ngel Tamarit, and the President of Andaluc\u00eda Aerospace, Antonio G\u00f3mez-Guillam\u00f3n, have signed a framework collaboration agreement on the first day of FEINDEF, the Spanish International Defence and Security Fair being held in Madrid from 12 to 14 May.<\/p>\n<p>This alliance was signed in the presence of the Andalusian Regional Government&#8217;s Minister for University, Research and Innovation, Jos\u00e9 Carlos G\u00f3mez Villamandos, and demonstrates the commitment of both clusters to intensify the achievement of their goals, promote synergies between the logistics and aerospace sectors, and improve the competitiveness of both business ecosystems. Both Andaluc\u00eda Logistics and Andaluc\u00eda Aerospace agree on the development of different areas of work where collaboration can generate added value for their associates and for the Andalusian economy in general.<\/p>\n<p>Among the various joint actions that have been contemplated, reciprocal invitations to participate in events organised by both entities, considered to be of mutual interest, thus promoting networking and knowledge exchange, stand out.<\/p>\n<p>Likewise, the participation of the associates in working groups aimed at developing R&amp;D&amp;I projects is also envisaged, promoting innovation and technology transfer between the sectors.<\/p>\n<p>Training and Education Support Programmes will also be developed in the aerospace and logistics sectors, as well as initiatives to attract talent, with the aim of strengthening human capital and specialisation. In addition, joint working days, business meetings and events of mutual interest will be organised, among other actions.<\/p>\n<p>The President of Andaluc\u00eda Logistics, Miguel \u00c1ngel Tamarit, stressed that \u2018this agreement strengthens Andalusia&#8217;s position in the defence industry, identifying logistics and aeronautics as fundamental pillars for the growth of this industry. We are convinced that the transformative initiatives developed by both clusters will facilitate readiness and growth opportunities for the Andalusian industry.<\/p>\n<p>For his part, the President of Andaluc\u00eda Aerospace, Antonio G\u00f3mez-Guillam\u00f3n, stressed that \u2018the aerospace and logistics sectors share common challenges and opportunities for development and technological cooperation. And this alliance between Andaluc\u00eda Logistics and Andaluc\u00eda Aerospace reinforces the collaboration between clusters as a way to promote synergies and generate innovation around advanced solutions for the transport, defence and mobility of the future\u2019.<\/p>\n<p>&nbsp;<\/p>\n","protected":false},"excerpt":{"rendered":"<p>The President of Andaluc\u00eda Logistics, Miguel \u00c1ngel Tamarit, and the President of Andaluc\u00eda Aerospace, Antonio G\u00f3mez-Guillam\u00f3n, have signed a framework collaboration agreement on the first day of FEINDEF, the Spanish International Defence and Security Fair being held in Madrid from 12 to 14 May. This alliance was signed in the presence of the Andalusian Regional<\/p>\n<a class=\"btn btn-primary read-more-button\" href=\"https:\/\/andaluciaaerospace.com\/en\/feindef25-andalucia-logistics-and-andalucia-aerospace-sign-a-strategic-collaboration-agreement-to-boost-competitiveness-and-innovation-in-the-logistics-and-aerospace-sectors\/\">Leer m\u00e1s...<\/a>","protected":false},"author":7,"featured_media":30692,"comment_status":"closed","ping_status":"closed","sticky":false,"template":"","format":"standard","meta":{"_acf_changed":false,"_bbp_topic_count":0,"_bbp_reply_count":0,"_bbp_total_topic_count":0,"_bbp_total_reply_count":0,"_bbp_voice_count":0,"_bbp_anonymous_reply_count":0,"_bbp_topic_count_hidden":0,"_bbp_reply_count_hidden":0,"_bbp_forum_subforum_count":0,"footnotes":""},"categories":[161],"tags":[],"class_list":["post-30691","post","type-post","status-publish","format-standard","has-post-thumbnail","hentry","category-cluster-news"],"acf":[],"yoast_head":"<!-- This site is optimized with the Yoast SEO plugin v23.6 - https:\/\/yoast.com\/wordpress\/plugins\/seo\/ -->\n<title>#FEINDEF25: Andaluc\u00eda Logistics and Andaluc\u00eda Aerospace sign a strategic collaboration agreement to boost competitiveness and innovation in the logistics and aerospace sectors - Andaluc\u00eda Aerospace<\/title>\n<meta name=\"robots\" content=\"index, follow, max-snippet:-1, max-image-preview:large, max-video-preview:-1\" \/>\n<link rel=\"canonical\" href=\"https:\/\/andaluciaaerospace.com\/en\/feindef25-andalucia-logistics-and-andalucia-aerospace-sign-a-strategic-collaboration-agreement-to-boost-competitiveness-and-innovation-in-the-logistics-and-aerospace-sectors\/\" \/>\n<meta property=\"og:locale\" content=\"en_US\" \/>\n<meta property=\"og:type\" content=\"article\" \/>\n<meta property=\"og:title\" content=\"#FEINDEF25: Andaluc\u00eda Logistics and Andaluc\u00eda Aerospace sign a strategic collaboration agreement to boost competitiveness and innovation in the logistics and aerospace sectors - Andaluc\u00eda Aerospace\" \/>\n<meta property=\"og:description\" content=\"The President of Andaluc\u00eda Logistics, Miguel \u00c1ngel Tamarit, and the President of Andaluc\u00eda Aerospace, Antonio G\u00f3mez-Guillam\u00f3n, have signed a framework collaboration agreement on the first day of FEINDEF, the Spanish International Defence and Security Fair being held in Madrid from 12 to 14 May. This alliance was signed in the presence of the Andalusian Regional\" \/>\n<meta property=\"og:url\" content=\"https:\/\/andaluciaaerospace.com\/en\/feindef25-andalucia-logistics-and-andalucia-aerospace-sign-a-strategic-collaboration-agreement-to-boost-competitiveness-and-innovation-in-the-logistics-and-aerospace-sectors\/\" \/>\n<meta property=\"og:site_name\" content=\"Andaluc\u00eda Aerospace\" \/>\n<meta property=\"article:published_time\" content=\"2025-05-12T16:25:44+00:00\" \/>\n<meta property=\"og:image\" content=\"http:\/\/andaluciaaerospace.com\/wp-content\/uploads\/2025\/05\/Firma-acuerdo-Andalucia-Logistics-y-Andalucia-Aerospace.jpeg\" \/>\n\t<meta property=\"og:image:width\" content=\"1600\" \/>\n\t<meta property=\"og:image:height\" content=\"1200\" \/>\n\t<meta property=\"og:image:type\" content=\"image\/jpeg\" \/>\n<meta name=\"author\" content=\"Comunicacion Andaluc\u00eda Aerospace\" \/>\n<meta name=\"twitter:card\" content=\"summary_large_image\" \/>\n<meta name=\"twitter:label1\" content=\"Written by\" \/>\n\t<meta name=\"twitter:data1\" content=\"Comunicacion Andaluc\u00eda Aerospace\" \/>\n\t<meta name=\"twitter:label2\" content=\"Est. reading time\" \/>\n\t<meta name=\"twitter:data2\" content=\"2 minutes\" \/>\n<script type=\"application\/ld+json\" class=\"yoast-schema-graph\">{\"@context\":\"https:\/\/schema.org\",\"@graph\":[{\"@type\":[\"WebPage\",\"ItemPage\"],\"@id\":\"https:\/\/andaluciaaerospace.com\/en\/feindef25-andalucia-logistics-and-andalucia-aerospace-sign-a-strategic-collaboration-agreement-to-boost-competitiveness-and-innovation-in-the-logistics-and-aerospace-sectors\/\",\"url\":\"https:\/\/andaluciaaerospace.com\/en\/feindef25-andalucia-logistics-and-andalucia-aerospace-sign-a-strategic-collaboration-agreement-to-boost-competitiveness-and-innovation-in-the-logistics-and-aerospace-sectors\/\",\"name\":\"#FEINDEF25: Andaluc\u00eda Logistics and Andaluc\u00eda Aerospace sign a strategic collaboration agreement to boost competitiveness and innovation in the logistics and aerospace sectors - Andaluc\u00eda Aerospace\",\"isPartOf\":{\"@id\":\"https:\/\/andaluciaaerospace.com\/en\/#website\"},\"primaryImageOfPage\":{\"@id\":\"https:\/\/andaluciaaerospace.com\/en\/feindef25-andalucia-logistics-and-andalucia-aerospace-sign-a-strategic-collaboration-agreement-to-boost-competitiveness-and-innovation-in-the-logistics-and-aerospace-sectors\/#primaryimage\"},\"image\":{\"@id\":\"https:\/\/andaluciaaerospace.com\/en\/feindef25-andalucia-logistics-and-andalucia-aerospace-sign-a-strategic-collaboration-agreement-to-boost-competitiveness-and-innovation-in-the-logistics-and-aerospace-sectors\/#primaryimage\"},\"thumbnailUrl\":\"https:\/\/andaluciaaerospace.com\/wp-content\/uploads\/2025\/05\/Firma-acuerdo-Andalucia-Logistics-y-Andalucia-Aerospace.jpeg\",\"datePublished\":\"2025-05-12T16:25:44+00:00\",\"dateModified\":\"2025-05-12T16:25:44+00:00\",\"author\":{\"@id\":\"https:\/\/andaluciaaerospace.com\/en\/#\/schema\/person\/f31cd29a7bef441635ccd740480a73fe\"},\"breadcrumb\":{\"@id\":\"https:\/\/andaluciaaerospace.com\/en\/feindef25-andalucia-logistics-and-andalucia-aerospace-sign-a-strategic-collaboration-agreement-to-boost-competitiveness-and-innovation-in-the-logistics-and-aerospace-sectors\/#breadcrumb\"},\"inLanguage\":\"en-US\",\"potentialAction\":[{\"@type\":\"ReadAction\",\"target\":[\"https:\/\/andaluciaaerospace.com\/en\/feindef25-andalucia-logistics-and-andalucia-aerospace-sign-a-strategic-collaboration-agreement-to-boost-competitiveness-and-innovation-in-the-logistics-and-aerospace-sectors\/\"]}]},{\"@type\":\"ImageObject\",\"inLanguage\":\"en-US\",\"@id\":\"https:\/\/andaluciaaerospace.com\/en\/feindef25-andalucia-logistics-and-andalucia-aerospace-sign-a-strategic-collaboration-agreement-to-boost-competitiveness-and-innovation-in-the-logistics-and-aerospace-sectors\/#primaryimage\",\"url\":\"https:\/\/andaluciaaerospace.com\/wp-content\/uploads\/2025\/05\/Firma-acuerdo-Andalucia-Logistics-y-Andalucia-Aerospace.jpeg\",\"contentUrl\":\"https:\/\/andaluciaaerospace.com\/wp-content\/uploads\/2025\/05\/Firma-acuerdo-Andalucia-Logistics-y-Andalucia-Aerospace.jpeg\",\"width\":1600,\"height\":1200},{\"@type\":\"BreadcrumbList\",\"@id\":\"https:\/\/andaluciaaerospace.com\/en\/feindef25-andalucia-logistics-and-andalucia-aerospace-sign-a-strategic-collaboration-agreement-to-boost-competitiveness-and-innovation-in-the-logistics-and-aerospace-sectors\/#breadcrumb\",\"itemListElement\":[{\"@type\":\"ListItem\",\"position\":1,\"name\":\"Portada\",\"item\":\"https:\/\/andaluciaaerospace.com\/en\/\"},{\"@type\":\"ListItem\",\"position\":2,\"name\":\"#FEINDEF25: Andaluc\u00eda Logistics and Andaluc\u00eda Aerospace sign a strategic collaboration agreement to boost competitiveness and innovation in the logistics and aerospace sectors\"}]},{\"@type\":\"WebSite\",\"@id\":\"https:\/\/andaluciaaerospace.com\/en\/#website\",\"url\":\"https:\/\/andaluciaaerospace.com\/en\/\",\"name\":\"Andaluc\u00eda Aerospace\",\"description\":\"Cluster empresarial aeron\u00e1utico\",\"potentialAction\":[{\"@type\":\"SearchAction\",\"target\":{\"@type\":\"EntryPoint\",\"urlTemplate\":\"https:\/\/andaluciaaerospace.com\/en\/?s={search_term_string}\"},\"query-input\":{\"@type\":\"PropertyValueSpecification\",\"valueRequired\":true,\"valueName\":\"search_term_string\"}}],\"inLanguage\":\"en-US\"},{\"@type\":\"Person\",\"@id\":\"https:\/\/andaluciaaerospace.com\/en\/#\/schema\/person\/f31cd29a7bef441635ccd740480a73fe\",\"name\":\"Comunicacion Andaluc\u00eda Aerospace\"}]}<\/script>\n<!-- \/ Yoast SEO plugin. -->","yoast_head_json":{"title":"#FEINDEF25: Andaluc\u00eda Logistics and Andaluc\u00eda Aerospace sign a strategic collaboration agreement to boost competitiveness and innovation in the logistics and aerospace sectors - Andaluc\u00eda Aerospace","robots":{"index":"index","follow":"follow","max-snippet":"max-snippet:-1","max-image-preview":"max-image-preview:large","max-video-preview":"max-video-preview:-1"},"canonical":"https:\/\/andaluciaaerospace.com\/en\/feindef25-andalucia-logistics-and-andalucia-aerospace-sign-a-strategic-collaboration-agreement-to-boost-competitiveness-and-innovation-in-the-logistics-and-aerospace-sectors\/","og_locale":"en_US","og_type":"article","og_title":"#FEINDEF25: Andaluc\u00eda Logistics and Andaluc\u00eda Aerospace sign a strategic collaboration agreement to boost competitiveness and innovation in the logistics and aerospace sectors - Andaluc\u00eda Aerospace","og_description":"The President of Andaluc\u00eda Logistics, Miguel \u00c1ngel Tamarit, and the President of Andaluc\u00eda Aerospace, Antonio G\u00f3mez-Guillam\u00f3n, have signed a framework collaboration agreement on the first day of FEINDEF, the Spanish International Defence and Security Fair being held in Madrid from 12 to 14 May. This alliance was signed in the presence of the Andalusian Regional","og_url":"https:\/\/andaluciaaerospace.com\/en\/feindef25-andalucia-logistics-and-andalucia-aerospace-sign-a-strategic-collaboration-agreement-to-boost-competitiveness-and-innovation-in-the-logistics-and-aerospace-sectors\/","og_site_name":"Andaluc\u00eda Aerospace","article_published_time":"2025-05-12T16:25:44+00:00","og_image":[{"width":1600,"height":1200,"url":"http:\/\/andaluciaaerospace.com\/wp-content\/uploads\/2025\/05\/Firma-acuerdo-Andalucia-Logistics-y-Andalucia-Aerospace.jpeg","type":"image\/jpeg"}],"author":"Comunicacion Andaluc\u00eda Aerospace","twitter_card":"summary_large_image","twitter_misc":{"Written by":"Comunicacion Andaluc\u00eda Aerospace","Est. reading time":"2 minutes"},"schema":{"@context":"https:\/\/schema.org","@graph":[{"@type":["WebPage","ItemPage"],"@id":"https:\/\/andaluciaaerospace.com\/en\/feindef25-andalucia-logistics-and-andalucia-aerospace-sign-a-strategic-collaboration-agreement-to-boost-competitiveness-and-innovation-in-the-logistics-and-aerospace-sectors\/","url":"https:\/\/andaluciaaerospace.com\/en\/feindef25-andalucia-logistics-and-andalucia-aerospace-sign-a-strategic-collaboration-agreement-to-boost-competitiveness-and-innovation-in-the-logistics-and-aerospace-sectors\/","name":"#FEINDEF25: Andaluc\u00eda Logistics and Andaluc\u00eda Aerospace sign a strategic collaboration agreement to boost competitiveness and innovation in the logistics and aerospace sectors - Andaluc\u00eda Aerospace","isPartOf":{"@id":"https:\/\/andaluciaaerospace.com\/en\/#website"},"primaryImageOfPage":{"@id":"https:\/\/andaluciaaerospace.com\/en\/feindef25-andalucia-logistics-and-andalucia-aerospace-sign-a-strategic-collaboration-agreement-to-boost-competitiveness-and-innovation-in-the-logistics-and-aerospace-sectors\/#primaryimage"},"image":{"@id":"https:\/\/andaluciaaerospace.com\/en\/feindef25-andalucia-logistics-and-andalucia-aerospace-sign-a-strategic-collaboration-agreement-to-boost-competitiveness-and-innovation-in-the-logistics-and-aerospace-sectors\/#primaryimage"},"thumbnailUrl":"https:\/\/andaluciaaerospace.com\/wp-content\/uploads\/2025\/05\/Firma-acuerdo-Andalucia-Logistics-y-Andalucia-Aerospace.jpeg","datePublished":"2025-05-12T16:25:44+00:00","dateModified":"2025-05-12T16:25:44+00:00","author":{"@id":"https:\/\/andaluciaaerospace.com\/en\/#\/schema\/person\/f31cd29a7bef441635ccd740480a73fe"},"breadcrumb":{"@id":"https:\/\/andaluciaaerospace.com\/en\/feindef25-andalucia-logistics-and-andalucia-aerospace-sign-a-strategic-collaboration-agreement-to-boost-competitiveness-and-innovation-in-the-logistics-and-aerospace-sectors\/#breadcrumb"},"inLanguage":"en-US","potentialAction":[{"@type":"ReadAction","target":["https:\/\/andaluciaaerospace.com\/en\/feindef25-andalucia-logistics-and-andalucia-aerospace-sign-a-strategic-collaboration-agreement-to-boost-competitiveness-and-innovation-in-the-logistics-and-aerospace-sectors\/"]}]},{"@type":"ImageObject","inLanguage":"en-US","@id":"https:\/\/andaluciaaerospace.com\/en\/feindef25-andalucia-logistics-and-andalucia-aerospace-sign-a-strategic-collaboration-agreement-to-boost-competitiveness-and-innovation-in-the-logistics-and-aerospace-sectors\/#primaryimage","url":"https:\/\/andaluciaaerospace.com\/wp-content\/uploads\/2025\/05\/Firma-acuerdo-Andalucia-Logistics-y-Andalucia-Aerospace.jpeg","contentUrl":"https:\/\/andaluciaaerospace.com\/wp-content\/uploads\/2025\/05\/Firma-acuerdo-Andalucia-Logistics-y-Andalucia-Aerospace.jpeg","width":1600,"height":1200},{"@type":"BreadcrumbList","@id":"https:\/\/andaluciaaerospace.com\/en\/feindef25-andalucia-logistics-and-andalucia-aerospace-sign-a-strategic-collaboration-agreement-to-boost-competitiveness-and-innovation-in-the-logistics-and-aerospace-sectors\/#breadcrumb","itemListElement":[{"@type":"ListItem","position":1,"name":"Portada","item":"https:\/\/andaluciaaerospace.com\/en\/"},{"@type":"ListItem","position":2,"name":"#FEINDEF25: Andaluc\u00eda Logistics and Andaluc\u00eda Aerospace sign a strategic collaboration agreement to boost competitiveness and innovation in the logistics and aerospace sectors"}]},{"@type":"WebSite","@id":"https:\/\/andaluciaaerospace.com\/en\/#website","url":"https:\/\/andaluciaaerospace.com\/en\/","name":"Andaluc\u00eda Aerospace","description":"Cluster empresarial aeron\u00e1utico","potentialAction":[{"@type":"SearchAction","target":{"@type":"EntryPoint","urlTemplate":"https:\/\/andaluciaaerospace.com\/en\/?s={search_term_string}"},"query-input":{"@type":"PropertyValueSpecification","valueRequired":true,"valueName":"search_term_string"}}],"inLanguage":"en-US"},{"@type":"Person","@id":"https:\/\/andaluciaaerospace.com\/en\/#\/schema\/person\/f31cd29a7bef441635ccd740480a73fe","name":"Comunicacion Andaluc\u00eda Aerospace"}]}},"_links":{"self":[{"href":"https:\/\/andaluciaaerospace.com\/en\/wp-json\/wp\/v2\/posts\/30691","targetHints":{"allow":["GET"]}}],"collection":[{"href":"https:\/\/andaluciaaerospace.com\/en\/wp-json\/wp\/v2\/posts"}],"about":[{"href":"https:\/\/andaluciaaerospace.com\/en\/wp-json\/wp\/v2\/types\/post"}],"author":[{"embeddable":true,"href":"https:\/\/andaluciaaerospace.com\/en\/wp-json\/wp\/v2\/users\/7"}],"replies":[{"embeddable":true,"href":"https:\/\/andaluciaaerospace.com\/en\/wp-json\/wp\/v2\/comments?post=30691"}],"version-history":[{"count":1,"href":"https:\/\/andaluciaaerospace.com\/en\/wp-json\/wp\/v2\/posts\/30691\/revisions"}],"predecessor-version":[{"id":30694,"href":"https:\/\/andaluciaaerospace.com\/en\/wp-json\/wp\/v2\/posts\/30691\/revisions\/30694"}],"wp:featuredmedia":[{"embeddable":true,"href":"https:\/\/andaluciaaerospace.com\/en\/wp-json\/wp\/v2\/media\/30692"}],"wp:attachment":[{"href":"https:\/\/andaluciaaerospace.com\/en\/wp-json\/wp\/v2\/media?parent=30691"}],"wp:term":[{"taxonomy":"category","embeddable":true,"href":"https:\/\/andaluciaaerospace.com\/en\/wp-json\/wp\/v2\/categories?post=30691"},{"taxonomy":"post_tag","embeddable":true,"href":"https:\/\/andaluciaaerospace.com\/en\/wp-json\/wp\/v2\/tags?post=30691"}],"curies":[{"name":"wp","href":"https:\/\/api.w.org\/{rel}","templated":true}]}}