{"id":29020,"date":"2024-06-20T10:29:26","date_gmt":"2024-06-20T08:29:26","guid":{"rendered":"https:\/\/andaluciaaerospace.com\/?p=29020"},"modified":"2024-08-20T14:30:00","modified_gmt":"2024-08-20T12:30:00","slug":"the-president-of-the-andalusian-government-meets-andalucia-aerospace-management-board","status":"publish","type":"post","link":"https:\/\/andaluciaaerospace.com\/en\/the-president-of-the-andalusian-government-meets-andalucia-aerospace-management-board\/","title":{"rendered":"The President of the Andalusian government to meet Andaluc\u00eda Aerospace Management Board"},"content":{"rendered":"<p>The Andaluc\u00eda Aerospace Management Board met some weeks ago the President of the Junta de Andaluc\u00eda, Juanma Moreno. During the meeting, the president of the Andalusian aerospace and defence cluster, Antonio G\u00f3mez-Guillam\u00f3n, highlighted the role of Andaluc\u00eda Aerospace as a key player and a dynamic agent of the one hundred companies that are already part of the association, with special emphasis on promoting the \u2018Andaluc\u00eda Aerospace\u2019 brand worldwide, boosting the internationalisation of the sector, promoting R&amp;D through shared projects, generating synergies and networking between companies to increase their business, identifying training needs to stimulate employment in the sector, and thus contributing to attracting investment to the Andalusian community.<\/p>\n<p>Andaluc\u00eda Aerospace cluster has conveyed to the president of the Andalusian government the importance of accelerating the pace of investment in the sector by implementing the action measures contemplated in the Andalusian Aerospace Strategy 2020-2027. \u2018With the aerospace market growing in all its segments, the investment will have a multiplier effect that we will see reflected in the growth of companies, greater technological differentiation and more international footprint,\u2019 said G\u00f3mez-Guillam\u00f3n, who also highlighted the permanent collaborative relationship that Andaluc\u00eda Aerospace has maintained with different Andalusian government bodies since its creation six years ago to support the aerospace sector, which already represents 12.84% of Andalusia&#8217;s industrial GDP.<\/p>\n<p>Juanma Moreno stressed that \u2018an optimistic future for the aerospace sector is emerging thanks to the work of the companies and the Andaluc\u00eda Aerospace cluster, with which we have held the first of many meetings in which we will share goals and challenges\u2019, stressing the importance of an industry that is strategic for Andalusia in economic terms and in terms of job creation.<\/p>\n<p><a href=\"https:\/\/andaluciaaerospace.com\/en\/the-president-of-the-andalusian-government-meets-andalucia-aerospace-management-board\/whatsapp-image-2024-06-19-at-15-48-35-2\/\" rel=\"attachment wp-att-28732\"><img decoding=\"async\" class=\"alignnone size-full wp-image-28732\" src=\"http:\/\/andaluciaaerospace.com\/wp-content\/uploads\/2024\/06\/WhatsApp-Image-2024-06-19-at-15.48.35.jpeg\" alt=\"\" width=\"1600\" height=\"1066\" srcset=\"https:\/\/andaluciaaerospace.com\/wp-content\/uploads\/2024\/06\/WhatsApp-Image-2024-06-19-at-15.48.35.jpeg 1600w, https:\/\/andaluciaaerospace.com\/wp-content\/uploads\/2024\/06\/WhatsApp-Image-2024-06-19-at-15.48.35-300x200.jpeg 300w, https:\/\/andaluciaaerospace.com\/wp-content\/uploads\/2024\/06\/WhatsApp-Image-2024-06-19-at-15.48.35-1024x682.jpeg 1024w, https:\/\/andaluciaaerospace.com\/wp-content\/uploads\/2024\/06\/WhatsApp-Image-2024-06-19-at-15.48.35-768x512.jpeg 768w, https:\/\/andaluciaaerospace.com\/wp-content\/uploads\/2024\/06\/WhatsApp-Image-2024-06-19-at-15.48.35-391x260.jpeg 391w, https:\/\/andaluciaaerospace.com\/wp-content\/uploads\/2024\/06\/WhatsApp-Image-2024-06-19-at-15.48.35-1536x1023.jpeg 1536w\" sizes=\"(max-width: 1600px) 100vw, 1600px\" \/><\/a><\/p>\n<p>The Andaluc\u00eda Aerospace Management Board has presented the main technological capabilities, expertise and qualifications of the hundred companies that make up the association, some of them already driving forces in technology applied to booming sectors such as space, drones or sustainable aviation.<\/p>\n<p>Antonio G\u00f3mez-Guillam\u00f3n stated that \u2018our auxiliary industry is evolving beyond being a supplier for manufacturers in the aerospace sector; many companies are making their way as creators of their own technology and are ahead of market demands in segments where being pioneers in innovation is key to acquiring competitive advantages, and many of our associated firms are taking advantage of this in areas where Andalusia is beginning to have a prominent presence, such as Space or Advanced Air Mobility\u2019.<\/p>\n","protected":false},"excerpt":{"rendered":"<p>The Andaluc\u00eda Aerospace Management Board met some weeks ago the President of the Junta de Andaluc\u00eda, Juanma Moreno. During the meeting, the president of the Andalusian aerospace and defence cluster, Antonio G\u00f3mez-Guillam\u00f3n, highlighted the role of Andaluc\u00eda Aerospace as a key player and a dynamic agent of the one hundred companies that are already part<\/p>\n<a class=\"btn btn-primary read-more-button\" href=\"https:\/\/andaluciaaerospace.com\/en\/the-president-of-the-andalusian-government-meets-andalucia-aerospace-management-board\/\">Leer m\u00e1s...<\/a>","protected":false},"author":7,"featured_media":28729,"comment_status":"closed","ping_status":"closed","sticky":false,"template":"","format":"standard","meta":{"_acf_changed":false,"_bbp_topic_count":0,"_bbp_reply_count":0,"_bbp_total_topic_count":0,"_bbp_total_reply_count":0,"_bbp_voice_count":0,"_bbp_anonymous_reply_count":0,"_bbp_topic_count_hidden":0,"_bbp_reply_count_hidden":0,"_bbp_forum_subforum_count":0,"footnotes":""},"categories":[161],"tags":[],"class_list":["post-29020","post","type-post","status-publish","format-standard","has-post-thumbnail","hentry","category-cluster-news"],"acf":[],"yoast_head":"<!-- This site is optimized with the Yoast SEO plugin v23.6 - https:\/\/yoast.com\/wordpress\/plugins\/seo\/ -->\n<title>The President of the Andalusian government to meet Andaluc\u00eda Aerospace Management Board - Andaluc\u00eda Aerospace<\/title>\n<meta name=\"robots\" content=\"index, follow, max-snippet:-1, max-image-preview:large, max-video-preview:-1\" \/>\n<link rel=\"canonical\" href=\"https:\/\/andaluciaaerospace.com\/en\/the-president-of-the-andalusian-government-meets-andalucia-aerospace-management-board\/\" \/>\n<meta property=\"og:locale\" content=\"en_US\" \/>\n<meta property=\"og:type\" content=\"article\" \/>\n<meta property=\"og:title\" content=\"The President of the Andalusian government to meet Andaluc\u00eda Aerospace Management Board - Andaluc\u00eda Aerospace\" \/>\n<meta property=\"og:description\" content=\"The Andaluc\u00eda Aerospace Management Board met some weeks ago the President of the Junta de Andaluc\u00eda, Juanma Moreno. During the meeting, the president of the Andalusian aerospace and defence cluster, Antonio G\u00f3mez-Guillam\u00f3n, highlighted the role of Andaluc\u00eda Aerospace as a key player and a dynamic agent of the one hundred companies that are already part\" \/>\n<meta property=\"og:url\" content=\"https:\/\/andaluciaaerospace.com\/en\/the-president-of-the-andalusian-government-meets-andalucia-aerospace-management-board\/\" \/>\n<meta property=\"og:site_name\" content=\"Andaluc\u00eda Aerospace\" \/>\n<meta property=\"article:published_time\" content=\"2024-06-20T08:29:26+00:00\" \/>\n<meta property=\"article:modified_time\" content=\"2024-08-20T12:30:00+00:00\" \/>\n<meta property=\"og:image\" content=\"http:\/\/andaluciaaerospace.com\/wp-content\/uploads\/2024\/06\/Foto-familia-reunion-AA-en-San-Telmo-jpg.jpg\" \/>\n\t<meta property=\"og:image:width\" content=\"1600\" \/>\n\t<meta property=\"og:image:height\" content=\"1066\" \/>\n\t<meta property=\"og:image:type\" content=\"image\/jpeg\" \/>\n<meta name=\"author\" content=\"Comunicacion Andaluc\u00eda Aerospace\" \/>\n<meta name=\"twitter:card\" content=\"summary_large_image\" \/>\n<meta name=\"twitter:label1\" content=\"Written by\" \/>\n\t<meta name=\"twitter:data1\" content=\"Comunicacion Andaluc\u00eda Aerospace\" \/>\n\t<meta name=\"twitter:label2\" content=\"Est. reading time\" \/>\n\t<meta name=\"twitter:data2\" content=\"2 minutes\" \/>\n<script type=\"application\/ld+json\" class=\"yoast-schema-graph\">{\"@context\":\"https:\/\/schema.org\",\"@graph\":[{\"@type\":[\"WebPage\",\"ItemPage\"],\"@id\":\"https:\/\/andaluciaaerospace.com\/en\/the-president-of-the-andalusian-government-meets-andalucia-aerospace-management-board\/\",\"url\":\"https:\/\/andaluciaaerospace.com\/en\/the-president-of-the-andalusian-government-meets-andalucia-aerospace-management-board\/\",\"name\":\"The President of the Andalusian government to meet Andaluc\u00eda Aerospace Management Board - Andaluc\u00eda Aerospace\",\"isPartOf\":{\"@id\":\"https:\/\/andaluciaaerospace.com\/en\/#website\"},\"primaryImageOfPage\":{\"@id\":\"https:\/\/andaluciaaerospace.com\/en\/the-president-of-the-andalusian-government-meets-andalucia-aerospace-management-board\/#primaryimage\"},\"image\":{\"@id\":\"https:\/\/andaluciaaerospace.com\/en\/the-president-of-the-andalusian-government-meets-andalucia-aerospace-management-board\/#primaryimage\"},\"thumbnailUrl\":\"https:\/\/andaluciaaerospace.com\/wp-content\/uploads\/2024\/06\/Foto-familia-reunion-AA-en-San-Telmo-jpg.jpg\",\"datePublished\":\"2024-06-20T08:29:26+00:00\",\"dateModified\":\"2024-08-20T12:30:00+00:00\",\"author\":{\"@id\":\"https:\/\/andaluciaaerospace.com\/en\/#\/schema\/person\/f31cd29a7bef441635ccd740480a73fe\"},\"breadcrumb\":{\"@id\":\"https:\/\/andaluciaaerospace.com\/en\/the-president-of-the-andalusian-government-meets-andalucia-aerospace-management-board\/#breadcrumb\"},\"inLanguage\":\"en-US\",\"potentialAction\":[{\"@type\":\"ReadAction\",\"target\":[\"https:\/\/andaluciaaerospace.com\/en\/the-president-of-the-andalusian-government-meets-andalucia-aerospace-management-board\/\"]}]},{\"@type\":\"ImageObject\",\"inLanguage\":\"en-US\",\"@id\":\"https:\/\/andaluciaaerospace.com\/en\/the-president-of-the-andalusian-government-meets-andalucia-aerospace-management-board\/#primaryimage\",\"url\":\"https:\/\/andaluciaaerospace.com\/wp-content\/uploads\/2024\/06\/Foto-familia-reunion-AA-en-San-Telmo-jpg.jpg\",\"contentUrl\":\"https:\/\/andaluciaaerospace.com\/wp-content\/uploads\/2024\/06\/Foto-familia-reunion-AA-en-San-Telmo-jpg.jpg\",\"width\":1600,\"height\":1066},{\"@type\":\"BreadcrumbList\",\"@id\":\"https:\/\/andaluciaaerospace.com\/en\/the-president-of-the-andalusian-government-meets-andalucia-aerospace-management-board\/#breadcrumb\",\"itemListElement\":[{\"@type\":\"ListItem\",\"position\":1,\"name\":\"Portada\",\"item\":\"https:\/\/andaluciaaerospace.com\/en\/\"},{\"@type\":\"ListItem\",\"position\":2,\"name\":\"The President of the Andalusian government to meet Andaluc\u00eda Aerospace Management Board\"}]},{\"@type\":\"WebSite\",\"@id\":\"https:\/\/andaluciaaerospace.com\/en\/#website\",\"url\":\"https:\/\/andaluciaaerospace.com\/en\/\",\"name\":\"Andaluc\u00eda Aerospace\",\"description\":\"Cluster empresarial aeron\u00e1utico\",\"potentialAction\":[{\"@type\":\"SearchAction\",\"target\":{\"@type\":\"EntryPoint\",\"urlTemplate\":\"https:\/\/andaluciaaerospace.com\/en\/?s={search_term_string}\"},\"query-input\":{\"@type\":\"PropertyValueSpecification\",\"valueRequired\":true,\"valueName\":\"search_term_string\"}}],\"inLanguage\":\"en-US\"},{\"@type\":\"Person\",\"@id\":\"https:\/\/andaluciaaerospace.com\/en\/#\/schema\/person\/f31cd29a7bef441635ccd740480a73fe\",\"name\":\"Comunicacion Andaluc\u00eda Aerospace\"}]}<\/script>\n<!-- \/ Yoast SEO plugin. -->","yoast_head_json":{"title":"The President of the Andalusian government to meet Andaluc\u00eda Aerospace Management Board - Andaluc\u00eda Aerospace","robots":{"index":"index","follow":"follow","max-snippet":"max-snippet:-1","max-image-preview":"max-image-preview:large","max-video-preview":"max-video-preview:-1"},"canonical":"https:\/\/andaluciaaerospace.com\/en\/the-president-of-the-andalusian-government-meets-andalucia-aerospace-management-board\/","og_locale":"en_US","og_type":"article","og_title":"The President of the Andalusian government to meet Andaluc\u00eda Aerospace Management Board - Andaluc\u00eda Aerospace","og_description":"The Andaluc\u00eda Aerospace Management Board met some weeks ago the President of the Junta de Andaluc\u00eda, Juanma Moreno. During the meeting, the president of the Andalusian aerospace and defence cluster, Antonio G\u00f3mez-Guillam\u00f3n, highlighted the role of Andaluc\u00eda Aerospace as a key player and a dynamic agent of the one hundred companies that are already part","og_url":"https:\/\/andaluciaaerospace.com\/en\/the-president-of-the-andalusian-government-meets-andalucia-aerospace-management-board\/","og_site_name":"Andaluc\u00eda Aerospace","article_published_time":"2024-06-20T08:29:26+00:00","article_modified_time":"2024-08-20T12:30:00+00:00","og_image":[{"width":1600,"height":1066,"url":"http:\/\/andaluciaaerospace.com\/wp-content\/uploads\/2024\/06\/Foto-familia-reunion-AA-en-San-Telmo-jpg.jpg","type":"image\/jpeg"}],"author":"Comunicacion Andaluc\u00eda Aerospace","twitter_card":"summary_large_image","twitter_misc":{"Written by":"Comunicacion Andaluc\u00eda Aerospace","Est. reading time":"2 minutes"},"schema":{"@context":"https:\/\/schema.org","@graph":[{"@type":["WebPage","ItemPage"],"@id":"https:\/\/andaluciaaerospace.com\/en\/the-president-of-the-andalusian-government-meets-andalucia-aerospace-management-board\/","url":"https:\/\/andaluciaaerospace.com\/en\/the-president-of-the-andalusian-government-meets-andalucia-aerospace-management-board\/","name":"The President of the Andalusian government to meet Andaluc\u00eda Aerospace Management Board - Andaluc\u00eda Aerospace","isPartOf":{"@id":"https:\/\/andaluciaaerospace.com\/en\/#website"},"primaryImageOfPage":{"@id":"https:\/\/andaluciaaerospace.com\/en\/the-president-of-the-andalusian-government-meets-andalucia-aerospace-management-board\/#primaryimage"},"image":{"@id":"https:\/\/andaluciaaerospace.com\/en\/the-president-of-the-andalusian-government-meets-andalucia-aerospace-management-board\/#primaryimage"},"thumbnailUrl":"https:\/\/andaluciaaerospace.com\/wp-content\/uploads\/2024\/06\/Foto-familia-reunion-AA-en-San-Telmo-jpg.jpg","datePublished":"2024-06-20T08:29:26+00:00","dateModified":"2024-08-20T12:30:00+00:00","author":{"@id":"https:\/\/andaluciaaerospace.com\/en\/#\/schema\/person\/f31cd29a7bef441635ccd740480a73fe"},"breadcrumb":{"@id":"https:\/\/andaluciaaerospace.com\/en\/the-president-of-the-andalusian-government-meets-andalucia-aerospace-management-board\/#breadcrumb"},"inLanguage":"en-US","potentialAction":[{"@type":"ReadAction","target":["https:\/\/andaluciaaerospace.com\/en\/the-president-of-the-andalusian-government-meets-andalucia-aerospace-management-board\/"]}]},{"@type":"ImageObject","inLanguage":"en-US","@id":"https:\/\/andaluciaaerospace.com\/en\/the-president-of-the-andalusian-government-meets-andalucia-aerospace-management-board\/#primaryimage","url":"https:\/\/andaluciaaerospace.com\/wp-content\/uploads\/2024\/06\/Foto-familia-reunion-AA-en-San-Telmo-jpg.jpg","contentUrl":"https:\/\/andaluciaaerospace.com\/wp-content\/uploads\/2024\/06\/Foto-familia-reunion-AA-en-San-Telmo-jpg.jpg","width":1600,"height":1066},{"@type":"BreadcrumbList","@id":"https:\/\/andaluciaaerospace.com\/en\/the-president-of-the-andalusian-government-meets-andalucia-aerospace-management-board\/#breadcrumb","itemListElement":[{"@type":"ListItem","position":1,"name":"Portada","item":"https:\/\/andaluciaaerospace.com\/en\/"},{"@type":"ListItem","position":2,"name":"The President of the Andalusian government to meet Andaluc\u00eda Aerospace Management Board"}]},{"@type":"WebSite","@id":"https:\/\/andaluciaaerospace.com\/en\/#website","url":"https:\/\/andaluciaaerospace.com\/en\/","name":"Andaluc\u00eda Aerospace","description":"Cluster empresarial aeron\u00e1utico","potentialAction":[{"@type":"SearchAction","target":{"@type":"EntryPoint","urlTemplate":"https:\/\/andaluciaaerospace.com\/en\/?s={search_term_string}"},"query-input":{"@type":"PropertyValueSpecification","valueRequired":true,"valueName":"search_term_string"}}],"inLanguage":"en-US"},{"@type":"Person","@id":"https:\/\/andaluciaaerospace.com\/en\/#\/schema\/person\/f31cd29a7bef441635ccd740480a73fe","name":"Comunicacion Andaluc\u00eda Aerospace"}]}},"_links":{"self":[{"href":"https:\/\/andaluciaaerospace.com\/en\/wp-json\/wp\/v2\/posts\/29020","targetHints":{"allow":["GET"]}}],"collection":[{"href":"https:\/\/andaluciaaerospace.com\/en\/wp-json\/wp\/v2\/posts"}],"about":[{"href":"https:\/\/andaluciaaerospace.com\/en\/wp-json\/wp\/v2\/types\/post"}],"author":[{"embeddable":true,"href":"https:\/\/andaluciaaerospace.com\/en\/wp-json\/wp\/v2\/users\/7"}],"replies":[{"embeddable":true,"href":"https:\/\/andaluciaaerospace.com\/en\/wp-json\/wp\/v2\/comments?post=29020"}],"version-history":[{"count":4,"href":"https:\/\/andaluciaaerospace.com\/en\/wp-json\/wp\/v2\/posts\/29020\/revisions"}],"predecessor-version":[{"id":29024,"href":"https:\/\/andaluciaaerospace.com\/en\/wp-json\/wp\/v2\/posts\/29020\/revisions\/29024"}],"wp:featuredmedia":[{"embeddable":true,"href":"https:\/\/andaluciaaerospace.com\/en\/wp-json\/wp\/v2\/media\/28729"}],"wp:attachment":[{"href":"https:\/\/andaluciaaerospace.com\/en\/wp-json\/wp\/v2\/media?parent=29020"}],"wp:term":[{"taxonomy":"category","embeddable":true,"href":"https:\/\/andaluciaaerospace.com\/en\/wp-json\/wp\/v2\/categories?post=29020"},{"taxonomy":"post_tag","embeddable":true,"href":"https:\/\/andaluciaaerospace.com\/en\/wp-json\/wp\/v2\/tags?post=29020"}],"curies":[{"name":"wp","href":"https:\/\/api.w.org\/{rel}","templated":true}]}}