{"id":28969,"date":"2024-07-26T13:17:22","date_gmt":"2024-07-26T11:17:22","guid":{"rendered":"https:\/\/andaluciaaerospace.com\/?p=28969"},"modified":"2024-07-26T13:17:23","modified_gmt":"2024-07-26T11:17:23","slug":"we-present-the-andalusian-aerospace-sector-report-2023-at-farnborough-international-airshow","status":"publish","type":"post","link":"https:\/\/andaluciaaerospace.com\/en\/we-present-the-andalusian-aerospace-sector-report-2023-at-farnborough-international-airshow\/","title":{"rendered":"We present the Andalusian aerospace sector report 2023 at Farnborough International Airshow"},"content":{"rendered":"<p>Andaluc\u00eda Aerospace has attended one of the most important events in the aerospace sector, Farnborough International Airshow, which is held from 22nd to 26th July. Our cluster is one of the entities that are part of the Andaluc\u00eda TRADE stand, from where we arranged some meetings and showcased the capabilities of our member companies.<\/p>\n<p>Also from this stand was held\u00a0 the presentation of the Andalusian aerospace sector report for 2023, which was attended by the president of Andaluc\u00eda Aerospace, Antonio G\u00f3mez-Guillam\u00f3n, and the Regional Minister of Industry, Energy and Mines, Jorge Paradela. This event has served to announce, on the part of the Regional Ministry of Industry, Energy and Mines of the Andalusian Regional Government, a call for aid with a budget of 16 million euros, which aims to support the development of a 100% Andalusian satellite system, from the design and manufacturing phase to the launch and putting into orbit. The new incentive order, as the minister explained, will cover all phases of the value chain. \u2018We want Andalusian industry to develop full technological and operational capabilities in all the work packages that make up a satellite space mission\u2019; hence the objective of the new incentives order is to \u201cdevelop the industrial capabilities demanded by the market from Andalusia\u201d.<\/p>\n<p><a href=\"https:\/\/andaluciaaerospace.com\/en\/we-present-the-andalusian-aerospace-sector-report-2023-at-farnborough-international-airshow\/foto-jorge-paradela-y-agg-en-fia-2024-2-2-2\/\" rel=\"attachment wp-att-28963\"><img decoding=\"async\" class=\"alignnone size-full wp-image-28963\" src=\"http:\/\/andaluciaaerospace.com\/wp-content\/uploads\/2024\/07\/Foto-Jorge-Paradela-y-AGG-en-FIA-2024-2-1-scaled.jpeg\" alt=\"\" width=\"1600\" height=\"1200\" srcset=\"https:\/\/andaluciaaerospace.com\/wp-content\/uploads\/2024\/07\/Foto-Jorge-Paradela-y-AGG-en-FIA-2024-2-1-scaled.jpeg 1600w, https:\/\/andaluciaaerospace.com\/wp-content\/uploads\/2024\/07\/Foto-Jorge-Paradela-y-AGG-en-FIA-2024-2-1-300x225.jpeg 300w, https:\/\/andaluciaaerospace.com\/wp-content\/uploads\/2024\/07\/Foto-Jorge-Paradela-y-AGG-en-FIA-2024-2-1-1024x768.jpeg 1024w, https:\/\/andaluciaaerospace.com\/wp-content\/uploads\/2024\/07\/Foto-Jorge-Paradela-y-AGG-en-FIA-2024-2-1-768x576.jpeg 768w, https:\/\/andaluciaaerospace.com\/wp-content\/uploads\/2024\/07\/Foto-Jorge-Paradela-y-AGG-en-FIA-2024-2-1-1536x1152.jpeg 1536w, https:\/\/andaluciaaerospace.com\/wp-content\/uploads\/2024\/07\/Foto-Jorge-Paradela-y-AGG-en-FIA-2024-2-1-913x685.jpeg 913w\" sizes=\"(max-width: 1600px) 100vw, 1600px\" \/><\/a><\/p>\n<p>Jorge Paradela, together with Antonio G\u00f3mez-Guillam\u00f3n and the managing director of Andaluc\u00eda Aerospace, Juan Rom\u00e1n, also explained the capabilities and potential of the Andalusian aerospace sector. Thus, they have detailed the performance of this industry in the 2023 financial year, which has closed with a 16.4% increase in turnover, reaching 2,743 million euros, and with a 10% improvement in employment, with 14,440 direct jobs.<\/p>\n<p>Andalusia is the only Spanish region with its own presence at FIA 2024, which has more than 1,200 exhibitors from 44 countries and 75,000 visitors from over a hundred countries.<\/p>\n","protected":false},"excerpt":{"rendered":"<p>Andaluc\u00eda Aerospace has attended one of the most important events in the aerospace sector, Farnborough International Airshow, which is held from 22nd to 26th July. Our cluster is one of the entities that are part of the Andaluc\u00eda TRADE stand, from where we arranged some meetings and showcased the capabilities of our member companies. Also<\/p>\n<a class=\"btn btn-primary read-more-button\" href=\"https:\/\/andaluciaaerospace.com\/en\/we-present-the-andalusian-aerospace-sector-report-2023-at-farnborough-international-airshow\/\">Leer m\u00e1s...<\/a>","protected":false},"author":7,"featured_media":28957,"comment_status":"closed","ping_status":"closed","sticky":false,"template":"","format":"standard","meta":{"_acf_changed":false,"_bbp_topic_count":0,"_bbp_reply_count":0,"_bbp_total_topic_count":0,"_bbp_total_reply_count":0,"_bbp_voice_count":0,"_bbp_anonymous_reply_count":0,"_bbp_topic_count_hidden":0,"_bbp_reply_count_hidden":0,"_bbp_forum_subforum_count":0,"footnotes":""},"categories":[161],"tags":[],"class_list":["post-28969","post","type-post","status-publish","format-standard","has-post-thumbnail","hentry","category-cluster-news"],"acf":[],"yoast_head":"<!-- This site is optimized with the Yoast SEO plugin v23.6 - https:\/\/yoast.com\/wordpress\/plugins\/seo\/ -->\n<title>We present the Andalusian aerospace sector report 2023 at Farnborough International Airshow - Andaluc\u00eda Aerospace<\/title>\n<meta name=\"robots\" content=\"index, follow, max-snippet:-1, max-image-preview:large, max-video-preview:-1\" \/>\n<link rel=\"canonical\" href=\"https:\/\/andaluciaaerospace.com\/en\/we-present-the-andalusian-aerospace-sector-report-2023-at-farnborough-international-airshow\/\" \/>\n<meta property=\"og:locale\" content=\"en_US\" \/>\n<meta property=\"og:type\" content=\"article\" \/>\n<meta property=\"og:title\" content=\"We present the Andalusian aerospace sector report 2023 at Farnborough International Airshow - Andaluc\u00eda Aerospace\" \/>\n<meta property=\"og:description\" content=\"Andaluc\u00eda Aerospace has attended one of the most important events in the aerospace sector, Farnborough International Airshow, which is held from 22nd to 26th July. Our cluster is one of the entities that are part of the Andaluc\u00eda TRADE stand, from where we arranged some meetings and showcased the capabilities of our member companies. Also\" \/>\n<meta property=\"og:url\" content=\"https:\/\/andaluciaaerospace.com\/en\/we-present-the-andalusian-aerospace-sector-report-2023-at-farnborough-international-airshow\/\" \/>\n<meta property=\"og:site_name\" content=\"Andaluc\u00eda Aerospace\" \/>\n<meta property=\"article:published_time\" content=\"2024-07-26T11:17:22+00:00\" \/>\n<meta property=\"article:modified_time\" content=\"2024-07-26T11:17:23+00:00\" \/>\n<meta property=\"og:image\" content=\"http:\/\/andaluciaaerospace.com\/wp-content\/uploads\/2024\/07\/Foto-Grupo-FIA-2024-presentacion-informe-scaled.jpeg\" \/>\n\t<meta property=\"og:image:width\" content=\"1600\" \/>\n\t<meta property=\"og:image:height\" content=\"1200\" \/>\n\t<meta property=\"og:image:type\" content=\"image\/jpeg\" \/>\n<meta name=\"author\" content=\"Comunicacion Andaluc\u00eda Aerospace\" \/>\n<meta name=\"twitter:card\" content=\"summary_large_image\" \/>\n<meta name=\"twitter:label1\" content=\"Written by\" \/>\n\t<meta name=\"twitter:data1\" content=\"Comunicacion Andaluc\u00eda Aerospace\" \/>\n\t<meta name=\"twitter:label2\" content=\"Est. reading time\" \/>\n\t<meta name=\"twitter:data2\" content=\"2 minutes\" \/>\n<script type=\"application\/ld+json\" class=\"yoast-schema-graph\">{\"@context\":\"https:\/\/schema.org\",\"@graph\":[{\"@type\":[\"WebPage\",\"ItemPage\"],\"@id\":\"https:\/\/andaluciaaerospace.com\/en\/we-present-the-andalusian-aerospace-sector-report-2023-at-farnborough-international-airshow\/\",\"url\":\"https:\/\/andaluciaaerospace.com\/en\/we-present-the-andalusian-aerospace-sector-report-2023-at-farnborough-international-airshow\/\",\"name\":\"We present the Andalusian aerospace sector report 2023 at Farnborough International Airshow - Andaluc\u00eda Aerospace\",\"isPartOf\":{\"@id\":\"https:\/\/andaluciaaerospace.com\/en\/#website\"},\"primaryImageOfPage\":{\"@id\":\"https:\/\/andaluciaaerospace.com\/en\/we-present-the-andalusian-aerospace-sector-report-2023-at-farnborough-international-airshow\/#primaryimage\"},\"image\":{\"@id\":\"https:\/\/andaluciaaerospace.com\/en\/we-present-the-andalusian-aerospace-sector-report-2023-at-farnborough-international-airshow\/#primaryimage\"},\"thumbnailUrl\":\"https:\/\/andaluciaaerospace.com\/wp-content\/uploads\/2024\/07\/Foto-Grupo-FIA-2024-presentacion-informe-scaled.jpeg\",\"datePublished\":\"2024-07-26T11:17:22+00:00\",\"dateModified\":\"2024-07-26T11:17:23+00:00\",\"author\":{\"@id\":\"https:\/\/andaluciaaerospace.com\/en\/#\/schema\/person\/f31cd29a7bef441635ccd740480a73fe\"},\"breadcrumb\":{\"@id\":\"https:\/\/andaluciaaerospace.com\/en\/we-present-the-andalusian-aerospace-sector-report-2023-at-farnborough-international-airshow\/#breadcrumb\"},\"inLanguage\":\"en-US\",\"potentialAction\":[{\"@type\":\"ReadAction\",\"target\":[\"https:\/\/andaluciaaerospace.com\/en\/we-present-the-andalusian-aerospace-sector-report-2023-at-farnborough-international-airshow\/\"]}]},{\"@type\":\"ImageObject\",\"inLanguage\":\"en-US\",\"@id\":\"https:\/\/andaluciaaerospace.com\/en\/we-present-the-andalusian-aerospace-sector-report-2023-at-farnborough-international-airshow\/#primaryimage\",\"url\":\"https:\/\/andaluciaaerospace.com\/wp-content\/uploads\/2024\/07\/Foto-Grupo-FIA-2024-presentacion-informe-scaled.jpeg\",\"contentUrl\":\"https:\/\/andaluciaaerospace.com\/wp-content\/uploads\/2024\/07\/Foto-Grupo-FIA-2024-presentacion-informe-scaled.jpeg\",\"width\":1600,\"height\":1200},{\"@type\":\"BreadcrumbList\",\"@id\":\"https:\/\/andaluciaaerospace.com\/en\/we-present-the-andalusian-aerospace-sector-report-2023-at-farnborough-international-airshow\/#breadcrumb\",\"itemListElement\":[{\"@type\":\"ListItem\",\"position\":1,\"name\":\"Portada\",\"item\":\"https:\/\/andaluciaaerospace.com\/en\/\"},{\"@type\":\"ListItem\",\"position\":2,\"name\":\"We present the Andalusian aerospace sector report 2023 at Farnborough International Airshow\"}]},{\"@type\":\"WebSite\",\"@id\":\"https:\/\/andaluciaaerospace.com\/en\/#website\",\"url\":\"https:\/\/andaluciaaerospace.com\/en\/\",\"name\":\"Andaluc\u00eda Aerospace\",\"description\":\"Cluster empresarial aeron\u00e1utico\",\"potentialAction\":[{\"@type\":\"SearchAction\",\"target\":{\"@type\":\"EntryPoint\",\"urlTemplate\":\"https:\/\/andaluciaaerospace.com\/en\/?s={search_term_string}\"},\"query-input\":{\"@type\":\"PropertyValueSpecification\",\"valueRequired\":true,\"valueName\":\"search_term_string\"}}],\"inLanguage\":\"en-US\"},{\"@type\":\"Person\",\"@id\":\"https:\/\/andaluciaaerospace.com\/en\/#\/schema\/person\/f31cd29a7bef441635ccd740480a73fe\",\"name\":\"Comunicacion Andaluc\u00eda Aerospace\"}]}<\/script>\n<!-- \/ Yoast SEO plugin. -->","yoast_head_json":{"title":"We present the Andalusian aerospace sector report 2023 at Farnborough International Airshow - Andaluc\u00eda Aerospace","robots":{"index":"index","follow":"follow","max-snippet":"max-snippet:-1","max-image-preview":"max-image-preview:large","max-video-preview":"max-video-preview:-1"},"canonical":"https:\/\/andaluciaaerospace.com\/en\/we-present-the-andalusian-aerospace-sector-report-2023-at-farnborough-international-airshow\/","og_locale":"en_US","og_type":"article","og_title":"We present the Andalusian aerospace sector report 2023 at Farnborough International Airshow - Andaluc\u00eda Aerospace","og_description":"Andaluc\u00eda Aerospace has attended one of the most important events in the aerospace sector, Farnborough International Airshow, which is held from 22nd to 26th July. Our cluster is one of the entities that are part of the Andaluc\u00eda TRADE stand, from where we arranged some meetings and showcased the capabilities of our member companies. Also","og_url":"https:\/\/andaluciaaerospace.com\/en\/we-present-the-andalusian-aerospace-sector-report-2023-at-farnborough-international-airshow\/","og_site_name":"Andaluc\u00eda Aerospace","article_published_time":"2024-07-26T11:17:22+00:00","article_modified_time":"2024-07-26T11:17:23+00:00","og_image":[{"width":1600,"height":1200,"url":"http:\/\/andaluciaaerospace.com\/wp-content\/uploads\/2024\/07\/Foto-Grupo-FIA-2024-presentacion-informe-scaled.jpeg","type":"image\/jpeg"}],"author":"Comunicacion Andaluc\u00eda Aerospace","twitter_card":"summary_large_image","twitter_misc":{"Written by":"Comunicacion Andaluc\u00eda Aerospace","Est. reading time":"2 minutes"},"schema":{"@context":"https:\/\/schema.org","@graph":[{"@type":["WebPage","ItemPage"],"@id":"https:\/\/andaluciaaerospace.com\/en\/we-present-the-andalusian-aerospace-sector-report-2023-at-farnborough-international-airshow\/","url":"https:\/\/andaluciaaerospace.com\/en\/we-present-the-andalusian-aerospace-sector-report-2023-at-farnborough-international-airshow\/","name":"We present the Andalusian aerospace sector report 2023 at Farnborough International Airshow - Andaluc\u00eda Aerospace","isPartOf":{"@id":"https:\/\/andaluciaaerospace.com\/en\/#website"},"primaryImageOfPage":{"@id":"https:\/\/andaluciaaerospace.com\/en\/we-present-the-andalusian-aerospace-sector-report-2023-at-farnborough-international-airshow\/#primaryimage"},"image":{"@id":"https:\/\/andaluciaaerospace.com\/en\/we-present-the-andalusian-aerospace-sector-report-2023-at-farnborough-international-airshow\/#primaryimage"},"thumbnailUrl":"https:\/\/andaluciaaerospace.com\/wp-content\/uploads\/2024\/07\/Foto-Grupo-FIA-2024-presentacion-informe-scaled.jpeg","datePublished":"2024-07-26T11:17:22+00:00","dateModified":"2024-07-26T11:17:23+00:00","author":{"@id":"https:\/\/andaluciaaerospace.com\/en\/#\/schema\/person\/f31cd29a7bef441635ccd740480a73fe"},"breadcrumb":{"@id":"https:\/\/andaluciaaerospace.com\/en\/we-present-the-andalusian-aerospace-sector-report-2023-at-farnborough-international-airshow\/#breadcrumb"},"inLanguage":"en-US","potentialAction":[{"@type":"ReadAction","target":["https:\/\/andaluciaaerospace.com\/en\/we-present-the-andalusian-aerospace-sector-report-2023-at-farnborough-international-airshow\/"]}]},{"@type":"ImageObject","inLanguage":"en-US","@id":"https:\/\/andaluciaaerospace.com\/en\/we-present-the-andalusian-aerospace-sector-report-2023-at-farnborough-international-airshow\/#primaryimage","url":"https:\/\/andaluciaaerospace.com\/wp-content\/uploads\/2024\/07\/Foto-Grupo-FIA-2024-presentacion-informe-scaled.jpeg","contentUrl":"https:\/\/andaluciaaerospace.com\/wp-content\/uploads\/2024\/07\/Foto-Grupo-FIA-2024-presentacion-informe-scaled.jpeg","width":1600,"height":1200},{"@type":"BreadcrumbList","@id":"https:\/\/andaluciaaerospace.com\/en\/we-present-the-andalusian-aerospace-sector-report-2023-at-farnborough-international-airshow\/#breadcrumb","itemListElement":[{"@type":"ListItem","position":1,"name":"Portada","item":"https:\/\/andaluciaaerospace.com\/en\/"},{"@type":"ListItem","position":2,"name":"We present the Andalusian aerospace sector report 2023 at Farnborough International Airshow"}]},{"@type":"WebSite","@id":"https:\/\/andaluciaaerospace.com\/en\/#website","url":"https:\/\/andaluciaaerospace.com\/en\/","name":"Andaluc\u00eda Aerospace","description":"Cluster empresarial aeron\u00e1utico","potentialAction":[{"@type":"SearchAction","target":{"@type":"EntryPoint","urlTemplate":"https:\/\/andaluciaaerospace.com\/en\/?s={search_term_string}"},"query-input":{"@type":"PropertyValueSpecification","valueRequired":true,"valueName":"search_term_string"}}],"inLanguage":"en-US"},{"@type":"Person","@id":"https:\/\/andaluciaaerospace.com\/en\/#\/schema\/person\/f31cd29a7bef441635ccd740480a73fe","name":"Comunicacion Andaluc\u00eda Aerospace"}]}},"_links":{"self":[{"href":"https:\/\/andaluciaaerospace.com\/en\/wp-json\/wp\/v2\/posts\/28969","targetHints":{"allow":["GET"]}}],"collection":[{"href":"https:\/\/andaluciaaerospace.com\/en\/wp-json\/wp\/v2\/posts"}],"about":[{"href":"https:\/\/andaluciaaerospace.com\/en\/wp-json\/wp\/v2\/types\/post"}],"author":[{"embeddable":true,"href":"https:\/\/andaluciaaerospace.com\/en\/wp-json\/wp\/v2\/users\/7"}],"replies":[{"embeddable":true,"href":"https:\/\/andaluciaaerospace.com\/en\/wp-json\/wp\/v2\/comments?post=28969"}],"version-history":[{"count":2,"href":"https:\/\/andaluciaaerospace.com\/en\/wp-json\/wp\/v2\/posts\/28969\/revisions"}],"predecessor-version":[{"id":28971,"href":"https:\/\/andaluciaaerospace.com\/en\/wp-json\/wp\/v2\/posts\/28969\/revisions\/28971"}],"wp:featuredmedia":[{"embeddable":true,"href":"https:\/\/andaluciaaerospace.com\/en\/wp-json\/wp\/v2\/media\/28957"}],"wp:attachment":[{"href":"https:\/\/andaluciaaerospace.com\/en\/wp-json\/wp\/v2\/media?parent=28969"}],"wp:term":[{"taxonomy":"category","embeddable":true,"href":"https:\/\/andaluciaaerospace.com\/en\/wp-json\/wp\/v2\/categories?post=28969"},{"taxonomy":"post_tag","embeddable":true,"href":"https:\/\/andaluciaaerospace.com\/en\/wp-json\/wp\/v2\/tags?post=28969"}],"curies":[{"name":"wp","href":"https:\/\/api.w.org\/{rel}","templated":true}]}}