{"id":28902,"date":"2024-07-11T13:08:54","date_gmt":"2024-07-11T11:08:54","guid":{"rendered":"https:\/\/andaluciaaerospace.com\/?p=28902"},"modified":"2024-07-19T13:14:08","modified_gmt":"2024-07-19T11:14:08","slug":"andalucia-aerospace-celebrates-the-milestone-of-reaching-one-hundred-members","status":"publish","type":"post","link":"https:\/\/andaluciaaerospace.com\/en\/andalucia-aerospace-celebrates-the-milestone-of-reaching-one-hundred-members\/","title":{"rendered":"Andaluc\u00eda Aerospace celebrates the milestone of reaching one hundred members"},"content":{"rendered":"<p>Andaluc\u00eda Aerospace recently held its General Assembly under the slogan \u2018We have reached 100 members\u2019. The Andalusian aerospace cluster, since it started its activity in 2018, has been growing progressively and steadily every year in number of members, reaching already one hundred. That is why the Assembly served to thank the cluster&#8217;s associates for their commitment to the growth of the association, holding an event in which participated some of the companies that have been part of Andaluc\u00eda Aerospace since its beginnings, such as Grupo Sevilla Control, and others that have just joined, such as Safran Electronics &amp; Defence. A very special event for the cluster, sponsored by Lamaignere and the Sebasti\u00e1n Almagro Foundation.<\/p>\n<p>One of the novelties approved this year by the Board of Directors of Andaluc\u00eda Aerospace has been to facilitate the incorporation of startups, to encourage and support the development of new companies, promoting their participation in the cluster community from its first steps. In the words of Antonio G\u00f3mez-Guillam\u00f3n, president of Andaluc\u00eda Aerospace, \u2018the incorporation of startups to the cluster reflects a reality that is taking place in Andalusia, which is the creation of new companies in the aerospace field, and that will be endorsed with the launch in September of the aerospace business incubator in Seville. Our cluster will be open to all those start-ups that come to join the Andalusian aerospace and defence business ecosystem\u2019.<\/p>\n<p>The Andaluc\u00eda Aerospace General Assembly was opened by the Regional Minister for University, Research and Innovation of the Government of Andalusia, Jos\u00e9 Carlos G\u00f3mez Villamandos, together with the Secretary General of the Confederation of Entrepreneurs of Andalusia (CEA), Luis Fern\u00e1ndez-Palacios, and the President of Andaluc\u00eda Aerospace, Antonio G\u00f3mez-Guillam\u00f3n.<\/p>\n<p><a href=\"https:\/\/andaluciaaerospace.com\/en\/andalucia-aerospace-celebrates-the-milestone-of-reaching-one-hundred-members\/bienvenida-institucional-jpg\/\" rel=\"attachment wp-att-28903\"><img decoding=\"async\" class=\"alignnone size-full wp-image-28903\" src=\"http:\/\/andaluciaaerospace.com\/wp-content\/uploads\/2024\/07\/Bienvenida-Institucional-jpg-scaled.jpg\" alt=\"\" width=\"1600\" height=\"1200\" srcset=\"https:\/\/andaluciaaerospace.com\/wp-content\/uploads\/2024\/07\/Bienvenida-Institucional-jpg-scaled.jpg 1600w, https:\/\/andaluciaaerospace.com\/wp-content\/uploads\/2024\/07\/Bienvenida-Institucional-jpg-300x225.jpg 300w, https:\/\/andaluciaaerospace.com\/wp-content\/uploads\/2024\/07\/Bienvenida-Institucional-jpg-1024x768.jpg 1024w, https:\/\/andaluciaaerospace.com\/wp-content\/uploads\/2024\/07\/Bienvenida-Institucional-jpg-768x576.jpg 768w, https:\/\/andaluciaaerospace.com\/wp-content\/uploads\/2024\/07\/Bienvenida-Institucional-jpg-1536x1152.jpg 1536w, https:\/\/andaluciaaerospace.com\/wp-content\/uploads\/2024\/07\/Bienvenida-Institucional-jpg-913x685.jpg 913w\" sizes=\"(max-width: 1600px) 100vw, 1600px\" \/><\/a><\/p>\n<p>During his speech, G\u00f3mez Villamandos highlighted the role of the Andaluc\u00eda Aerospace cluster as an interlocutor with the institutions of the Andalusian Regional Government, with which it works in close collaboration.<\/p>\n<p>The Assembly was also attended by Carlos Maestro, Director of the El Arenosillo Experimentation Centre CEDEA &#8211; CEUS, who gave a conference on the CEUS project and the opportunity it represents for the aerospace sector. Its opening ceremony is very close to becoming \u2018the largest unmanned aerial systems test centre in Europe\u2019, as Maestro pointed out.<\/p>\n<p>Andaluc\u00eda Aerospace has established itself as an entity representing companies in the aerospace and defence sector in Andalusia. Among its main objectives are to strengthen the positioning of companies in the national and international market, increase their competitiveness, foster collaboration and networking, promote the development of R&amp;D, actively contribute to the training of professionals in the sector and act as an institutional representative.<\/p>\n<p>&nbsp;<\/p>\n","protected":false},"excerpt":{"rendered":"<p>Andaluc\u00eda Aerospace recently held its General Assembly under the slogan \u2018We have reached 100 members\u2019. The Andalusian aerospace cluster, since it started its activity in 2018, has been growing progressively and steadily every year in number of members, reaching already one hundred. That is why the Assembly served to thank the cluster&#8217;s associates for their<\/p>\n<a class=\"btn btn-primary read-more-button\" href=\"https:\/\/andaluciaaerospace.com\/en\/andalucia-aerospace-celebrates-the-milestone-of-reaching-one-hundred-members\/\">Leer m\u00e1s...<\/a>","protected":false},"author":7,"featured_media":28852,"comment_status":"closed","ping_status":"closed","sticky":false,"template":"","format":"standard","meta":{"_acf_changed":false,"_bbp_topic_count":0,"_bbp_reply_count":0,"_bbp_total_topic_count":0,"_bbp_total_reply_count":0,"_bbp_voice_count":0,"_bbp_anonymous_reply_count":0,"_bbp_topic_count_hidden":0,"_bbp_reply_count_hidden":0,"_bbp_forum_subforum_count":0,"footnotes":""},"categories":[161],"tags":[],"class_list":["post-28902","post","type-post","status-publish","format-standard","has-post-thumbnail","hentry","category-cluster-news"],"acf":[],"yoast_head":"<!-- This site is optimized with the Yoast SEO plugin v23.6 - https:\/\/yoast.com\/wordpress\/plugins\/seo\/ -->\n<title>Andaluc\u00eda Aerospace celebrates the milestone of reaching one hundred members - Andaluc\u00eda Aerospace<\/title>\n<meta name=\"robots\" content=\"index, follow, max-snippet:-1, max-image-preview:large, max-video-preview:-1\" \/>\n<link rel=\"canonical\" href=\"https:\/\/andaluciaaerospace.com\/en\/andalucia-aerospace-celebrates-the-milestone-of-reaching-one-hundred-members\/\" \/>\n<meta property=\"og:locale\" content=\"en_US\" \/>\n<meta property=\"og:type\" content=\"article\" \/>\n<meta property=\"og:title\" content=\"Andaluc\u00eda Aerospace celebrates the milestone of reaching one hundred members - Andaluc\u00eda Aerospace\" \/>\n<meta property=\"og:description\" content=\"Andaluc\u00eda Aerospace recently held its General Assembly under the slogan \u2018We have reached 100 members\u2019. The Andalusian aerospace cluster, since it started its activity in 2018, has been growing progressively and steadily every year in number of members, reaching already one hundred. That is why the Assembly served to thank the cluster&#8217;s associates for their\" \/>\n<meta property=\"og:url\" content=\"https:\/\/andaluciaaerospace.com\/en\/andalucia-aerospace-celebrates-the-milestone-of-reaching-one-hundred-members\/\" \/>\n<meta property=\"og:site_name\" content=\"Andaluc\u00eda Aerospace\" \/>\n<meta property=\"article:published_time\" content=\"2024-07-11T11:08:54+00:00\" \/>\n<meta property=\"article:modified_time\" content=\"2024-07-19T11:14:08+00:00\" \/>\n<meta property=\"og:image\" content=\"http:\/\/andaluciaaerospace.com\/wp-content\/uploads\/2024\/07\/WhatsApp-Image-2024-07-10-at-16.14.07-scaled.jpeg\" \/>\n\t<meta property=\"og:image:width\" content=\"1600\" \/>\n\t<meta property=\"og:image:height\" content=\"721\" \/>\n\t<meta property=\"og:image:type\" content=\"image\/jpeg\" \/>\n<meta name=\"author\" content=\"Comunicacion Andaluc\u00eda Aerospace\" \/>\n<meta name=\"twitter:card\" content=\"summary_large_image\" \/>\n<meta name=\"twitter:label1\" content=\"Written by\" \/>\n\t<meta name=\"twitter:data1\" content=\"Comunicacion Andaluc\u00eda Aerospace\" \/>\n\t<meta name=\"twitter:label2\" content=\"Est. reading time\" \/>\n\t<meta name=\"twitter:data2\" content=\"2 minutes\" \/>\n<script type=\"application\/ld+json\" class=\"yoast-schema-graph\">{\"@context\":\"https:\/\/schema.org\",\"@graph\":[{\"@type\":[\"WebPage\",\"ItemPage\"],\"@id\":\"https:\/\/andaluciaaerospace.com\/en\/andalucia-aerospace-celebrates-the-milestone-of-reaching-one-hundred-members\/\",\"url\":\"https:\/\/andaluciaaerospace.com\/en\/andalucia-aerospace-celebrates-the-milestone-of-reaching-one-hundred-members\/\",\"name\":\"Andaluc\u00eda Aerospace celebrates the milestone of reaching one hundred members - Andaluc\u00eda Aerospace\",\"isPartOf\":{\"@id\":\"https:\/\/andaluciaaerospace.com\/en\/#website\"},\"primaryImageOfPage\":{\"@id\":\"https:\/\/andaluciaaerospace.com\/en\/andalucia-aerospace-celebrates-the-milestone-of-reaching-one-hundred-members\/#primaryimage\"},\"image\":{\"@id\":\"https:\/\/andaluciaaerospace.com\/en\/andalucia-aerospace-celebrates-the-milestone-of-reaching-one-hundred-members\/#primaryimage\"},\"thumbnailUrl\":\"https:\/\/andaluciaaerospace.com\/wp-content\/uploads\/2024\/07\/WhatsApp-Image-2024-07-10-at-16.14.07-scaled.jpeg\",\"datePublished\":\"2024-07-11T11:08:54+00:00\",\"dateModified\":\"2024-07-19T11:14:08+00:00\",\"author\":{\"@id\":\"https:\/\/andaluciaaerospace.com\/en\/#\/schema\/person\/f31cd29a7bef441635ccd740480a73fe\"},\"breadcrumb\":{\"@id\":\"https:\/\/andaluciaaerospace.com\/en\/andalucia-aerospace-celebrates-the-milestone-of-reaching-one-hundred-members\/#breadcrumb\"},\"inLanguage\":\"en-US\",\"potentialAction\":[{\"@type\":\"ReadAction\",\"target\":[\"https:\/\/andaluciaaerospace.com\/en\/andalucia-aerospace-celebrates-the-milestone-of-reaching-one-hundred-members\/\"]}]},{\"@type\":\"ImageObject\",\"inLanguage\":\"en-US\",\"@id\":\"https:\/\/andaluciaaerospace.com\/en\/andalucia-aerospace-celebrates-the-milestone-of-reaching-one-hundred-members\/#primaryimage\",\"url\":\"https:\/\/andaluciaaerospace.com\/wp-content\/uploads\/2024\/07\/WhatsApp-Image-2024-07-10-at-16.14.07-scaled.jpeg\",\"contentUrl\":\"https:\/\/andaluciaaerospace.com\/wp-content\/uploads\/2024\/07\/WhatsApp-Image-2024-07-10-at-16.14.07-scaled.jpeg\",\"width\":1600,\"height\":721},{\"@type\":\"BreadcrumbList\",\"@id\":\"https:\/\/andaluciaaerospace.com\/en\/andalucia-aerospace-celebrates-the-milestone-of-reaching-one-hundred-members\/#breadcrumb\",\"itemListElement\":[{\"@type\":\"ListItem\",\"position\":1,\"name\":\"Portada\",\"item\":\"https:\/\/andaluciaaerospace.com\/en\/\"},{\"@type\":\"ListItem\",\"position\":2,\"name\":\"Andaluc\u00eda Aerospace celebrates the milestone of reaching one hundred members\"}]},{\"@type\":\"WebSite\",\"@id\":\"https:\/\/andaluciaaerospace.com\/en\/#website\",\"url\":\"https:\/\/andaluciaaerospace.com\/en\/\",\"name\":\"Andaluc\u00eda Aerospace\",\"description\":\"Cluster empresarial aeron\u00e1utico\",\"potentialAction\":[{\"@type\":\"SearchAction\",\"target\":{\"@type\":\"EntryPoint\",\"urlTemplate\":\"https:\/\/andaluciaaerospace.com\/en\/?s={search_term_string}\"},\"query-input\":{\"@type\":\"PropertyValueSpecification\",\"valueRequired\":true,\"valueName\":\"search_term_string\"}}],\"inLanguage\":\"en-US\"},{\"@type\":\"Person\",\"@id\":\"https:\/\/andaluciaaerospace.com\/en\/#\/schema\/person\/f31cd29a7bef441635ccd740480a73fe\",\"name\":\"Comunicacion Andaluc\u00eda Aerospace\"}]}<\/script>\n<!-- \/ Yoast SEO plugin. -->","yoast_head_json":{"title":"Andaluc\u00eda Aerospace celebrates the milestone of reaching one hundred members - Andaluc\u00eda Aerospace","robots":{"index":"index","follow":"follow","max-snippet":"max-snippet:-1","max-image-preview":"max-image-preview:large","max-video-preview":"max-video-preview:-1"},"canonical":"https:\/\/andaluciaaerospace.com\/en\/andalucia-aerospace-celebrates-the-milestone-of-reaching-one-hundred-members\/","og_locale":"en_US","og_type":"article","og_title":"Andaluc\u00eda Aerospace celebrates the milestone of reaching one hundred members - Andaluc\u00eda Aerospace","og_description":"Andaluc\u00eda Aerospace recently held its General Assembly under the slogan \u2018We have reached 100 members\u2019. The Andalusian aerospace cluster, since it started its activity in 2018, has been growing progressively and steadily every year in number of members, reaching already one hundred. That is why the Assembly served to thank the cluster&#8217;s associates for their","og_url":"https:\/\/andaluciaaerospace.com\/en\/andalucia-aerospace-celebrates-the-milestone-of-reaching-one-hundred-members\/","og_site_name":"Andaluc\u00eda Aerospace","article_published_time":"2024-07-11T11:08:54+00:00","article_modified_time":"2024-07-19T11:14:08+00:00","og_image":[{"width":1600,"height":721,"url":"http:\/\/andaluciaaerospace.com\/wp-content\/uploads\/2024\/07\/WhatsApp-Image-2024-07-10-at-16.14.07-scaled.jpeg","type":"image\/jpeg"}],"author":"Comunicacion Andaluc\u00eda Aerospace","twitter_card":"summary_large_image","twitter_misc":{"Written by":"Comunicacion Andaluc\u00eda Aerospace","Est. reading time":"2 minutes"},"schema":{"@context":"https:\/\/schema.org","@graph":[{"@type":["WebPage","ItemPage"],"@id":"https:\/\/andaluciaaerospace.com\/en\/andalucia-aerospace-celebrates-the-milestone-of-reaching-one-hundred-members\/","url":"https:\/\/andaluciaaerospace.com\/en\/andalucia-aerospace-celebrates-the-milestone-of-reaching-one-hundred-members\/","name":"Andaluc\u00eda Aerospace celebrates the milestone of reaching one hundred members - Andaluc\u00eda Aerospace","isPartOf":{"@id":"https:\/\/andaluciaaerospace.com\/en\/#website"},"primaryImageOfPage":{"@id":"https:\/\/andaluciaaerospace.com\/en\/andalucia-aerospace-celebrates-the-milestone-of-reaching-one-hundred-members\/#primaryimage"},"image":{"@id":"https:\/\/andaluciaaerospace.com\/en\/andalucia-aerospace-celebrates-the-milestone-of-reaching-one-hundred-members\/#primaryimage"},"thumbnailUrl":"https:\/\/andaluciaaerospace.com\/wp-content\/uploads\/2024\/07\/WhatsApp-Image-2024-07-10-at-16.14.07-scaled.jpeg","datePublished":"2024-07-11T11:08:54+00:00","dateModified":"2024-07-19T11:14:08+00:00","author":{"@id":"https:\/\/andaluciaaerospace.com\/en\/#\/schema\/person\/f31cd29a7bef441635ccd740480a73fe"},"breadcrumb":{"@id":"https:\/\/andaluciaaerospace.com\/en\/andalucia-aerospace-celebrates-the-milestone-of-reaching-one-hundred-members\/#breadcrumb"},"inLanguage":"en-US","potentialAction":[{"@type":"ReadAction","target":["https:\/\/andaluciaaerospace.com\/en\/andalucia-aerospace-celebrates-the-milestone-of-reaching-one-hundred-members\/"]}]},{"@type":"ImageObject","inLanguage":"en-US","@id":"https:\/\/andaluciaaerospace.com\/en\/andalucia-aerospace-celebrates-the-milestone-of-reaching-one-hundred-members\/#primaryimage","url":"https:\/\/andaluciaaerospace.com\/wp-content\/uploads\/2024\/07\/WhatsApp-Image-2024-07-10-at-16.14.07-scaled.jpeg","contentUrl":"https:\/\/andaluciaaerospace.com\/wp-content\/uploads\/2024\/07\/WhatsApp-Image-2024-07-10-at-16.14.07-scaled.jpeg","width":1600,"height":721},{"@type":"BreadcrumbList","@id":"https:\/\/andaluciaaerospace.com\/en\/andalucia-aerospace-celebrates-the-milestone-of-reaching-one-hundred-members\/#breadcrumb","itemListElement":[{"@type":"ListItem","position":1,"name":"Portada","item":"https:\/\/andaluciaaerospace.com\/en\/"},{"@type":"ListItem","position":2,"name":"Andaluc\u00eda Aerospace celebrates the milestone of reaching one hundred members"}]},{"@type":"WebSite","@id":"https:\/\/andaluciaaerospace.com\/en\/#website","url":"https:\/\/andaluciaaerospace.com\/en\/","name":"Andaluc\u00eda Aerospace","description":"Cluster empresarial aeron\u00e1utico","potentialAction":[{"@type":"SearchAction","target":{"@type":"EntryPoint","urlTemplate":"https:\/\/andaluciaaerospace.com\/en\/?s={search_term_string}"},"query-input":{"@type":"PropertyValueSpecification","valueRequired":true,"valueName":"search_term_string"}}],"inLanguage":"en-US"},{"@type":"Person","@id":"https:\/\/andaluciaaerospace.com\/en\/#\/schema\/person\/f31cd29a7bef441635ccd740480a73fe","name":"Comunicacion Andaluc\u00eda Aerospace"}]}},"_links":{"self":[{"href":"https:\/\/andaluciaaerospace.com\/en\/wp-json\/wp\/v2\/posts\/28902","targetHints":{"allow":["GET"]}}],"collection":[{"href":"https:\/\/andaluciaaerospace.com\/en\/wp-json\/wp\/v2\/posts"}],"about":[{"href":"https:\/\/andaluciaaerospace.com\/en\/wp-json\/wp\/v2\/types\/post"}],"author":[{"embeddable":true,"href":"https:\/\/andaluciaaerospace.com\/en\/wp-json\/wp\/v2\/users\/7"}],"replies":[{"embeddable":true,"href":"https:\/\/andaluciaaerospace.com\/en\/wp-json\/wp\/v2\/comments?post=28902"}],"version-history":[{"count":2,"href":"https:\/\/andaluciaaerospace.com\/en\/wp-json\/wp\/v2\/posts\/28902\/revisions"}],"predecessor-version":[{"id":28906,"href":"https:\/\/andaluciaaerospace.com\/en\/wp-json\/wp\/v2\/posts\/28902\/revisions\/28906"}],"wp:featuredmedia":[{"embeddable":true,"href":"https:\/\/andaluciaaerospace.com\/en\/wp-json\/wp\/v2\/media\/28852"}],"wp:attachment":[{"href":"https:\/\/andaluciaaerospace.com\/en\/wp-json\/wp\/v2\/media?parent=28902"}],"wp:term":[{"taxonomy":"category","embeddable":true,"href":"https:\/\/andaluciaaerospace.com\/en\/wp-json\/wp\/v2\/categories?post=28902"},{"taxonomy":"post_tag","embeddable":true,"href":"https:\/\/andaluciaaerospace.com\/en\/wp-json\/wp\/v2\/tags?post=28902"}],"curies":[{"name":"wp","href":"https:\/\/api.w.org\/{rel}","templated":true}]}}