{"id":28487,"date":"2024-04-22T11:39:28","date_gmt":"2024-04-22T09:39:28","guid":{"rendered":"https:\/\/andaluciaaerospace.com\/?p=28487"},"modified":"2024-04-22T11:39:28","modified_gmt":"2024-04-22T09:39:28","slug":"our-innovation-manager-melanie-durth-participates-in-this-last-european-cluster-collaboration-platform-eccp-talks-about-autonomy-innovation-and-security-eu-strategies-for-aerospace-and-defence","status":"publish","type":"post","link":"https:\/\/andaluciaaerospace.com\/en\/our-innovation-manager-melanie-durth-participates-in-this-last-european-cluster-collaboration-platform-eccp-talks-about-autonomy-innovation-and-security-eu-strategies-for-aerospace-and-defence\/","title":{"rendered":"Our innovation manager M\u00e9lanie Durth participates in this last European Cluster Collaboration Platform (ECCP) Talks about &#8220;Autonomy, innovation and security: EU strategies for Aerospace and Defence&#8221;"},"content":{"rendered":"<h1>Our innovation manager M\u00e9lanie Durth participates in this last European Cluster Collaboration Platform (ECCP) Talks about &#8220;Autonomy, innovation and security: EU strategies for Aerospace and Defence&#8221;<\/h1>\n<p>&nbsp;<\/p>\n<p>Thanks for the invitation Nina Catherine Hoppmann and the opportunity to tell more about our innovative technological projects such as ANALISIS-F2, IMAGINA, IMPULSO-F3 from the AEI funded call of the Ministerio de Industria y Turismo.<\/p>\n<p>We pointed out that cooperation is key to foster the innovation in the Aerospace ecosystem. And we are very excited about our new iniciative in Spain ECOAERO that brings together aerospace clusters (ANDALUC\u00cdA AEROSPACE Cluster Empresarial HEGAN BASQUE AEROSPACE CLUSTER Asime), national aerospace industry representative (PAE (Plataforma Tecnol\u00f3gica Aeroespacial Espa\u00f1ola) TEDAE, Asociaci\u00f3n Espa\u00f1ola de Empresas Tecnol\u00f3gicas de Defensa, Seguridad, Aeron\u00e1utica y Espacio) and technological centers (Centro Avanzado de Tecnolog\u00edas Aeroespaciales (CATEC) FIDAMC &#8211; Fundaci\u00f3n para la Investigaci\u00f3n, Desarrollo y aplicaci\u00f3n de los Materiales Compuestos Tekniker) in order to work together and bring the technology closer to the industry and the SMEs in particular (Airbus).<\/p>\n<p>Time was running out and we had to stop the debate, but we would like to remark as a conclusion that the European Aerospace Cluster Partnership (EACP) and European Cluster Collaboration Platform (ECCP) are real success stories of cooperation for innovation.<\/p>\n<p>If you are interested in learning more about the program \u2013 &gt; <a href=\"https:\/\/www.youtube.com\/watch?v=-8Fix9KVxeQ\">https:\/\/www.youtube.com\/watch?v=-8Fix9KVxeQ<\/a><\/p>\n","protected":false},"excerpt":{"rendered":"<p>Our innovation manager M\u00e9lanie Durth participates in this last European Cluster Collaboration Platform (ECCP) Talks about &#8220;Autonomy, innovation and security: EU strategies for Aerospace and Defence&#8221; &nbsp; Thanks for the invitation Nina Catherine Hoppmann and the opportunity to tell more about our innovative technological projects such as ANALISIS-F2, IMAGINA, IMPULSO-F3 from the AEI funded call<\/p>\n<a class=\"btn btn-primary read-more-button\" href=\"https:\/\/andaluciaaerospace.com\/en\/our-innovation-manager-melanie-durth-participates-in-this-last-european-cluster-collaboration-platform-eccp-talks-about-autonomy-innovation-and-security-eu-strategies-for-aerospace-and-defence\/\">Leer m\u00e1s...<\/a>","protected":false},"author":7,"featured_media":28485,"comment_status":"closed","ping_status":"closed","sticky":false,"template":"","format":"standard","meta":{"_acf_changed":false,"_bbp_topic_count":0,"_bbp_reply_count":0,"_bbp_total_topic_count":0,"_bbp_total_reply_count":0,"_bbp_voice_count":0,"_bbp_anonymous_reply_count":0,"_bbp_topic_count_hidden":0,"_bbp_reply_count_hidden":0,"_bbp_forum_subforum_count":0,"footnotes":""},"categories":[161],"tags":[],"class_list":["post-28487","post","type-post","status-publish","format-standard","has-post-thumbnail","hentry","category-cluster-news"],"acf":[],"yoast_head":"<!-- This site is optimized with the Yoast SEO plugin v23.6 - https:\/\/yoast.com\/wordpress\/plugins\/seo\/ -->\n<title>Our innovation manager M\u00e9lanie Durth participates in this last European Cluster Collaboration Platform (ECCP) Talks about &quot;Autonomy, innovation and security: EU strategies for Aerospace and Defence&quot; - Andaluc\u00eda Aerospace<\/title>\n<meta name=\"robots\" content=\"index, follow, max-snippet:-1, max-image-preview:large, max-video-preview:-1\" \/>\n<link rel=\"canonical\" href=\"https:\/\/andaluciaaerospace.com\/en\/our-innovation-manager-melanie-durth-participates-in-this-last-european-cluster-collaboration-platform-eccp-talks-about-autonomy-innovation-and-security-eu-strategies-for-aerospace-and-defence\/\" \/>\n<meta property=\"og:locale\" content=\"en_US\" \/>\n<meta property=\"og:type\" content=\"article\" \/>\n<meta property=\"og:title\" content=\"Our innovation manager M\u00e9lanie Durth participates in this last European Cluster Collaboration Platform (ECCP) Talks about &quot;Autonomy, innovation and security: EU strategies for Aerospace and Defence&quot; - Andaluc\u00eda Aerospace\" \/>\n<meta property=\"og:description\" content=\"Our innovation manager M\u00e9lanie Durth participates in this last European Cluster Collaboration Platform (ECCP) Talks about &#8220;Autonomy, innovation and security: EU strategies for Aerospace and Defence&#8221; &nbsp; Thanks for the invitation Nina Catherine Hoppmann and the opportunity to tell more about our innovative technological projects such as ANALISIS-F2, IMAGINA, IMPULSO-F3 from the AEI funded call\" \/>\n<meta property=\"og:url\" content=\"https:\/\/andaluciaaerospace.com\/en\/our-innovation-manager-melanie-durth-participates-in-this-last-european-cluster-collaboration-platform-eccp-talks-about-autonomy-innovation-and-security-eu-strategies-for-aerospace-and-defence\/\" \/>\n<meta property=\"og:site_name\" content=\"Andaluc\u00eda Aerospace\" \/>\n<meta property=\"article:published_time\" content=\"2024-04-22T09:39:28+00:00\" \/>\n<meta property=\"og:image\" content=\"http:\/\/andaluciaaerospace.com\/wp-content\/uploads\/2024\/04\/Captura-de-Pantalla-2024-04-19-a-las-11.50.39.png\" \/>\n\t<meta property=\"og:image:width\" content=\"555\" \/>\n\t<meta property=\"og:image:height\" content=\"313\" \/>\n\t<meta property=\"og:image:type\" content=\"image\/png\" \/>\n<meta name=\"author\" content=\"Comunicacion Andaluc\u00eda Aerospace\" \/>\n<meta name=\"twitter:card\" content=\"summary_large_image\" \/>\n<meta name=\"twitter:label1\" content=\"Written by\" \/>\n\t<meta name=\"twitter:data1\" content=\"Comunicacion Andaluc\u00eda Aerospace\" \/>\n\t<meta name=\"twitter:label2\" content=\"Est. reading time\" \/>\n\t<meta name=\"twitter:data2\" content=\"1 minute\" \/>\n<script type=\"application\/ld+json\" class=\"yoast-schema-graph\">{\"@context\":\"https:\/\/schema.org\",\"@graph\":[{\"@type\":[\"WebPage\",\"ItemPage\"],\"@id\":\"https:\/\/andaluciaaerospace.com\/en\/our-innovation-manager-melanie-durth-participates-in-this-last-european-cluster-collaboration-platform-eccp-talks-about-autonomy-innovation-and-security-eu-strategies-for-aerospace-and-defence\/\",\"url\":\"https:\/\/andaluciaaerospace.com\/en\/our-innovation-manager-melanie-durth-participates-in-this-last-european-cluster-collaboration-platform-eccp-talks-about-autonomy-innovation-and-security-eu-strategies-for-aerospace-and-defence\/\",\"name\":\"Our innovation manager M\u00e9lanie Durth participates in this last European Cluster Collaboration Platform (ECCP) Talks about \\\"Autonomy, innovation and security: EU strategies for Aerospace and Defence\\\" - Andaluc\u00eda Aerospace\",\"isPartOf\":{\"@id\":\"https:\/\/andaluciaaerospace.com\/en\/#website\"},\"primaryImageOfPage\":{\"@id\":\"https:\/\/andaluciaaerospace.com\/en\/our-innovation-manager-melanie-durth-participates-in-this-last-european-cluster-collaboration-platform-eccp-talks-about-autonomy-innovation-and-security-eu-strategies-for-aerospace-and-defence\/#primaryimage\"},\"image\":{\"@id\":\"https:\/\/andaluciaaerospace.com\/en\/our-innovation-manager-melanie-durth-participates-in-this-last-european-cluster-collaboration-platform-eccp-talks-about-autonomy-innovation-and-security-eu-strategies-for-aerospace-and-defence\/#primaryimage\"},\"thumbnailUrl\":\"https:\/\/andaluciaaerospace.com\/wp-content\/uploads\/2024\/04\/Captura-de-Pantalla-2024-04-19-a-las-11.50.39.png\",\"datePublished\":\"2024-04-22T09:39:28+00:00\",\"dateModified\":\"2024-04-22T09:39:28+00:00\",\"author\":{\"@id\":\"https:\/\/andaluciaaerospace.com\/en\/#\/schema\/person\/f31cd29a7bef441635ccd740480a73fe\"},\"breadcrumb\":{\"@id\":\"https:\/\/andaluciaaerospace.com\/en\/our-innovation-manager-melanie-durth-participates-in-this-last-european-cluster-collaboration-platform-eccp-talks-about-autonomy-innovation-and-security-eu-strategies-for-aerospace-and-defence\/#breadcrumb\"},\"inLanguage\":\"en-US\",\"potentialAction\":[{\"@type\":\"ReadAction\",\"target\":[\"https:\/\/andaluciaaerospace.com\/en\/our-innovation-manager-melanie-durth-participates-in-this-last-european-cluster-collaboration-platform-eccp-talks-about-autonomy-innovation-and-security-eu-strategies-for-aerospace-and-defence\/\"]}]},{\"@type\":\"ImageObject\",\"inLanguage\":\"en-US\",\"@id\":\"https:\/\/andaluciaaerospace.com\/en\/our-innovation-manager-melanie-durth-participates-in-this-last-european-cluster-collaboration-platform-eccp-talks-about-autonomy-innovation-and-security-eu-strategies-for-aerospace-and-defence\/#primaryimage\",\"url\":\"https:\/\/andaluciaaerospace.com\/wp-content\/uploads\/2024\/04\/Captura-de-Pantalla-2024-04-19-a-las-11.50.39.png\",\"contentUrl\":\"https:\/\/andaluciaaerospace.com\/wp-content\/uploads\/2024\/04\/Captura-de-Pantalla-2024-04-19-a-las-11.50.39.png\",\"width\":555,\"height\":313},{\"@type\":\"BreadcrumbList\",\"@id\":\"https:\/\/andaluciaaerospace.com\/en\/our-innovation-manager-melanie-durth-participates-in-this-last-european-cluster-collaboration-platform-eccp-talks-about-autonomy-innovation-and-security-eu-strategies-for-aerospace-and-defence\/#breadcrumb\",\"itemListElement\":[{\"@type\":\"ListItem\",\"position\":1,\"name\":\"Portada\",\"item\":\"https:\/\/andaluciaaerospace.com\/en\/\"},{\"@type\":\"ListItem\",\"position\":2,\"name\":\"Our innovation manager M\u00e9lanie Durth participates in this last European Cluster Collaboration Platform (ECCP) Talks about &#8220;Autonomy, innovation and security: EU strategies for Aerospace and Defence&#8221;\"}]},{\"@type\":\"WebSite\",\"@id\":\"https:\/\/andaluciaaerospace.com\/en\/#website\",\"url\":\"https:\/\/andaluciaaerospace.com\/en\/\",\"name\":\"Andaluc\u00eda Aerospace\",\"description\":\"Cluster empresarial aeron\u00e1utico\",\"potentialAction\":[{\"@type\":\"SearchAction\",\"target\":{\"@type\":\"EntryPoint\",\"urlTemplate\":\"https:\/\/andaluciaaerospace.com\/en\/?s={search_term_string}\"},\"query-input\":{\"@type\":\"PropertyValueSpecification\",\"valueRequired\":true,\"valueName\":\"search_term_string\"}}],\"inLanguage\":\"en-US\"},{\"@type\":\"Person\",\"@id\":\"https:\/\/andaluciaaerospace.com\/en\/#\/schema\/person\/f31cd29a7bef441635ccd740480a73fe\",\"name\":\"Comunicacion Andaluc\u00eda Aerospace\"}]}<\/script>\n<!-- \/ Yoast SEO plugin. -->","yoast_head_json":{"title":"Our innovation manager M\u00e9lanie Durth participates in this last European Cluster Collaboration Platform (ECCP) Talks about \"Autonomy, innovation and security: EU strategies for Aerospace and Defence\" - Andaluc\u00eda Aerospace","robots":{"index":"index","follow":"follow","max-snippet":"max-snippet:-1","max-image-preview":"max-image-preview:large","max-video-preview":"max-video-preview:-1"},"canonical":"https:\/\/andaluciaaerospace.com\/en\/our-innovation-manager-melanie-durth-participates-in-this-last-european-cluster-collaboration-platform-eccp-talks-about-autonomy-innovation-and-security-eu-strategies-for-aerospace-and-defence\/","og_locale":"en_US","og_type":"article","og_title":"Our innovation manager M\u00e9lanie Durth participates in this last European Cluster Collaboration Platform (ECCP) Talks about \"Autonomy, innovation and security: EU strategies for Aerospace and Defence\" - Andaluc\u00eda Aerospace","og_description":"Our innovation manager M\u00e9lanie Durth participates in this last European Cluster Collaboration Platform (ECCP) Talks about &#8220;Autonomy, innovation and security: EU strategies for Aerospace and Defence&#8221; &nbsp; Thanks for the invitation Nina Catherine Hoppmann and the opportunity to tell more about our innovative technological projects such as ANALISIS-F2, IMAGINA, IMPULSO-F3 from the AEI funded call","og_url":"https:\/\/andaluciaaerospace.com\/en\/our-innovation-manager-melanie-durth-participates-in-this-last-european-cluster-collaboration-platform-eccp-talks-about-autonomy-innovation-and-security-eu-strategies-for-aerospace-and-defence\/","og_site_name":"Andaluc\u00eda Aerospace","article_published_time":"2024-04-22T09:39:28+00:00","og_image":[{"width":555,"height":313,"url":"http:\/\/andaluciaaerospace.com\/wp-content\/uploads\/2024\/04\/Captura-de-Pantalla-2024-04-19-a-las-11.50.39.png","type":"image\/png"}],"author":"Comunicacion Andaluc\u00eda Aerospace","twitter_card":"summary_large_image","twitter_misc":{"Written by":"Comunicacion Andaluc\u00eda Aerospace","Est. reading time":"1 minute"},"schema":{"@context":"https:\/\/schema.org","@graph":[{"@type":["WebPage","ItemPage"],"@id":"https:\/\/andaluciaaerospace.com\/en\/our-innovation-manager-melanie-durth-participates-in-this-last-european-cluster-collaboration-platform-eccp-talks-about-autonomy-innovation-and-security-eu-strategies-for-aerospace-and-defence\/","url":"https:\/\/andaluciaaerospace.com\/en\/our-innovation-manager-melanie-durth-participates-in-this-last-european-cluster-collaboration-platform-eccp-talks-about-autonomy-innovation-and-security-eu-strategies-for-aerospace-and-defence\/","name":"Our innovation manager M\u00e9lanie Durth participates in this last European Cluster Collaboration Platform (ECCP) Talks about \"Autonomy, innovation and security: EU strategies for Aerospace and Defence\" - Andaluc\u00eda Aerospace","isPartOf":{"@id":"https:\/\/andaluciaaerospace.com\/en\/#website"},"primaryImageOfPage":{"@id":"https:\/\/andaluciaaerospace.com\/en\/our-innovation-manager-melanie-durth-participates-in-this-last-european-cluster-collaboration-platform-eccp-talks-about-autonomy-innovation-and-security-eu-strategies-for-aerospace-and-defence\/#primaryimage"},"image":{"@id":"https:\/\/andaluciaaerospace.com\/en\/our-innovation-manager-melanie-durth-participates-in-this-last-european-cluster-collaboration-platform-eccp-talks-about-autonomy-innovation-and-security-eu-strategies-for-aerospace-and-defence\/#primaryimage"},"thumbnailUrl":"https:\/\/andaluciaaerospace.com\/wp-content\/uploads\/2024\/04\/Captura-de-Pantalla-2024-04-19-a-las-11.50.39.png","datePublished":"2024-04-22T09:39:28+00:00","dateModified":"2024-04-22T09:39:28+00:00","author":{"@id":"https:\/\/andaluciaaerospace.com\/en\/#\/schema\/person\/f31cd29a7bef441635ccd740480a73fe"},"breadcrumb":{"@id":"https:\/\/andaluciaaerospace.com\/en\/our-innovation-manager-melanie-durth-participates-in-this-last-european-cluster-collaboration-platform-eccp-talks-about-autonomy-innovation-and-security-eu-strategies-for-aerospace-and-defence\/#breadcrumb"},"inLanguage":"en-US","potentialAction":[{"@type":"ReadAction","target":["https:\/\/andaluciaaerospace.com\/en\/our-innovation-manager-melanie-durth-participates-in-this-last-european-cluster-collaboration-platform-eccp-talks-about-autonomy-innovation-and-security-eu-strategies-for-aerospace-and-defence\/"]}]},{"@type":"ImageObject","inLanguage":"en-US","@id":"https:\/\/andaluciaaerospace.com\/en\/our-innovation-manager-melanie-durth-participates-in-this-last-european-cluster-collaboration-platform-eccp-talks-about-autonomy-innovation-and-security-eu-strategies-for-aerospace-and-defence\/#primaryimage","url":"https:\/\/andaluciaaerospace.com\/wp-content\/uploads\/2024\/04\/Captura-de-Pantalla-2024-04-19-a-las-11.50.39.png","contentUrl":"https:\/\/andaluciaaerospace.com\/wp-content\/uploads\/2024\/04\/Captura-de-Pantalla-2024-04-19-a-las-11.50.39.png","width":555,"height":313},{"@type":"BreadcrumbList","@id":"https:\/\/andaluciaaerospace.com\/en\/our-innovation-manager-melanie-durth-participates-in-this-last-european-cluster-collaboration-platform-eccp-talks-about-autonomy-innovation-and-security-eu-strategies-for-aerospace-and-defence\/#breadcrumb","itemListElement":[{"@type":"ListItem","position":1,"name":"Portada","item":"https:\/\/andaluciaaerospace.com\/en\/"},{"@type":"ListItem","position":2,"name":"Our innovation manager M\u00e9lanie Durth participates in this last European Cluster Collaboration Platform (ECCP) Talks about &#8220;Autonomy, innovation and security: EU strategies for Aerospace and Defence&#8221;"}]},{"@type":"WebSite","@id":"https:\/\/andaluciaaerospace.com\/en\/#website","url":"https:\/\/andaluciaaerospace.com\/en\/","name":"Andaluc\u00eda Aerospace","description":"Cluster empresarial aeron\u00e1utico","potentialAction":[{"@type":"SearchAction","target":{"@type":"EntryPoint","urlTemplate":"https:\/\/andaluciaaerospace.com\/en\/?s={search_term_string}"},"query-input":{"@type":"PropertyValueSpecification","valueRequired":true,"valueName":"search_term_string"}}],"inLanguage":"en-US"},{"@type":"Person","@id":"https:\/\/andaluciaaerospace.com\/en\/#\/schema\/person\/f31cd29a7bef441635ccd740480a73fe","name":"Comunicacion Andaluc\u00eda Aerospace"}]}},"_links":{"self":[{"href":"https:\/\/andaluciaaerospace.com\/en\/wp-json\/wp\/v2\/posts\/28487","targetHints":{"allow":["GET"]}}],"collection":[{"href":"https:\/\/andaluciaaerospace.com\/en\/wp-json\/wp\/v2\/posts"}],"about":[{"href":"https:\/\/andaluciaaerospace.com\/en\/wp-json\/wp\/v2\/types\/post"}],"author":[{"embeddable":true,"href":"https:\/\/andaluciaaerospace.com\/en\/wp-json\/wp\/v2\/users\/7"}],"replies":[{"embeddable":true,"href":"https:\/\/andaluciaaerospace.com\/en\/wp-json\/wp\/v2\/comments?post=28487"}],"version-history":[{"count":1,"href":"https:\/\/andaluciaaerospace.com\/en\/wp-json\/wp\/v2\/posts\/28487\/revisions"}],"predecessor-version":[{"id":28488,"href":"https:\/\/andaluciaaerospace.com\/en\/wp-json\/wp\/v2\/posts\/28487\/revisions\/28488"}],"wp:featuredmedia":[{"embeddable":true,"href":"https:\/\/andaluciaaerospace.com\/en\/wp-json\/wp\/v2\/media\/28485"}],"wp:attachment":[{"href":"https:\/\/andaluciaaerospace.com\/en\/wp-json\/wp\/v2\/media?parent=28487"}],"wp:term":[{"taxonomy":"category","embeddable":true,"href":"https:\/\/andaluciaaerospace.com\/en\/wp-json\/wp\/v2\/categories?post=28487"},{"taxonomy":"post_tag","embeddable":true,"href":"https:\/\/andaluciaaerospace.com\/en\/wp-json\/wp\/v2\/tags?post=28487"}],"curies":[{"name":"wp","href":"https:\/\/api.w.org\/{rel}","templated":true}]}}