{"id":28298,"date":"2024-02-14T13:33:47","date_gmt":"2024-02-14T12:33:47","guid":{"rendered":"https:\/\/andaluciaaerospace.com\/?p=28298"},"modified":"2024-03-11T13:42:43","modified_gmt":"2024-03-11T12:42:43","slug":"miguel-angel-tamarit-almagro-vice-president-of-pegasus-aero-group-receives-the-aerospace-executive-2023-award-from-andalucia-aerospace","status":"publish","type":"post","link":"https:\/\/andaluciaaerospace.com\/en\/miguel-angel-tamarit-almagro-vice-president-of-pegasus-aero-group-receives-the-aerospace-executive-2023-award-from-andalucia-aerospace\/","title":{"rendered":"Miguel \u00c1ngel Tamarit Almagro, Vice President of Pegasus Aero Group, receives the &#8220;Aerospace Executive 2023&#8221; award from Andaluc\u00eda Aerospace"},"content":{"rendered":"<p><strong>Miguel \u00c1ngel Tamarit Almagro, Vice President of Pegasus Aero Group, receives the &#8220;Aerospace Executive 2023&#8221; award from Andaluc\u00eda Aerospace<\/strong><\/p>\n<p><strong>Andaluc\u00eda Aerospace holds its General Assembly of members on the campus of the CEU Fernando III University<\/strong><\/p>\n<p><strong>General Planells, deputy to the Director General of Armament and Material (DGAM), gave a lecture on the challenges of the defence industry in Spain<\/strong><\/p>\n<p>The Andaluc\u00eda Aerospace cluster reaches its seventh year of activity in the Andalusian aerospace sector with a significant increase in the number of members and great challenges for 2024.<\/p>\n<p>Meeting at the General Assembly on the campus of the CEU Fernando III University, the president Antonio G\u00f3mez-Guillam\u00f3n, thanked the new University for hosting the cluster in its magnificent facilities to hold this Assembly, as well as the commitment to work together to bring the university world closer to the aerospace industry, after the agreement signed to incorporate CEU as a collaborating partner of the Andalusian cluster.<\/p>\n<p>During the Assembly, the budgets of the association for 2024 were approved and the action plan of the cluster for this new year was presented, which will be very focused on continuing to give visibility to the companies in the sector, seeking to diversify business opportunities for them, increasing the international presence of the Andalusian aerospace sector and developing new innovation and technological projects.<\/p>\n<p>There was an express mention of the need to promote the Andalusian Aerospace Strategy 2020-2027 as a necessary tool for the development of the sector, which has yet to be developed in its most relevant projects.<\/p>\n<p>In the space sector, the cluster has offered to work closely with the new Spanish Space Agency and was pleased that the Andalusat project, the cluster&#8217;s initiative to build a 100% Andalusian satellite, can go ahead with the commitment of funding from the Junta de Andaluc\u00eda.<\/p>\n<p>In his report, Juan Rom\u00e1n, the cluster&#8217;s director, stressed that the cluster continues to grow in number of members and that it now has 95 member companies. The incorporation of eleven new aerospace companies to the cluster in 2023 was ratified, companies with very diverse capabilities and which reflect the strength of the Andalusian sector to cover all the needs of the aerospace industry.<\/p>\n<p><img decoding=\"async\" class=\" wp-image-28183 aligncenter\" src=\"http:\/\/andaluciaaerospace.com\/wp-content\/uploads\/2024\/02\/026-ANDALUCIA-AEROSPACE-13-02-24-BAJA-\u00a9-LUIS-ROMERO-scaled.jpg\" alt=\"\" width=\"309\" height=\"206\" srcset=\"https:\/\/andaluciaaerospace.com\/wp-content\/uploads\/2024\/02\/026-ANDALUCIA-AEROSPACE-13-02-24-BAJA-\u00a9-LUIS-ROMERO-scaled.jpg 1600w, https:\/\/andaluciaaerospace.com\/wp-content\/uploads\/2024\/02\/026-ANDALUCIA-AEROSPACE-13-02-24-BAJA-\u00a9-LUIS-ROMERO-300x200.jpg 300w, https:\/\/andaluciaaerospace.com\/wp-content\/uploads\/2024\/02\/026-ANDALUCIA-AEROSPACE-13-02-24-BAJA-\u00a9-LUIS-ROMERO-1024x682.jpg 1024w, https:\/\/andaluciaaerospace.com\/wp-content\/uploads\/2024\/02\/026-ANDALUCIA-AEROSPACE-13-02-24-BAJA-\u00a9-LUIS-ROMERO-768x512.jpg 768w, https:\/\/andaluciaaerospace.com\/wp-content\/uploads\/2024\/02\/026-ANDALUCIA-AEROSPACE-13-02-24-BAJA-\u00a9-LUIS-ROMERO-391x260.jpg 391w, https:\/\/andaluciaaerospace.com\/wp-content\/uploads\/2024\/02\/026-ANDALUCIA-AEROSPACE-13-02-24-BAJA-\u00a9-LUIS-ROMERO-1536x1024.jpg 1536w\" sizes=\"(max-width: 309px) 100vw, 309px\" \/><\/p>\n<p>Andaluc\u00eda Aerospace&#8217;s interest in a growing collaboration with Universities was also highlighted, hence the relevance of the agreement reached with the CEU Fernando III University.<\/p>\n<p>In the field of innovation, three new projects led by the cluster have been approved: Imagina, Analysis Phase II and Impulse Phase III, involving 9 companies in the sector. The projects are co-financed by the Ministry of Industry, Trade and Tourism. On the other hand, the cluster has participated in several European projects such as Prestigious, ASSETs+ and Aeris+.<\/p>\n<p>During the Assembly, there was also time to recall the celebration of the ADM (Aerospace and Defence Meeting) to be held in Seville from 14 to 16 May 2024. All companies were encouraged to participate, as this is the most important event of its kind to be held in Spain.<\/p>\n<p>The event included the important conference on &#8220;Challenges of the Defence Industry&#8221;, given by General Planells, Deputy Director General of Armament and Material (DGAM) of the Ministry of Defence. General Planells explained the functions and responsibilities of the DGAM. At the same time, he gave an overview of the priority projects in which they are currently involved and which affect the aerospace sector. Finally, he also explained what could be the opportunities for industrial companies working in defence, recognising that we were at a time when there was a greater awareness of the need to invest in national security and defence.<\/p>\n<p>&nbsp;<\/p>\n<p><img decoding=\"async\" class=\" wp-image-28175 aligncenter\" src=\"http:\/\/andaluciaaerospace.com\/wp-content\/uploads\/2024\/02\/150-ANDALUCIA-AEROSPACE-13-02-24-BAJA-\u00a9-LUIS-ROMERO-scaled.jpg\" alt=\"\" width=\"312\" height=\"208\" srcset=\"https:\/\/andaluciaaerospace.com\/wp-content\/uploads\/2024\/02\/150-ANDALUCIA-AEROSPACE-13-02-24-BAJA-\u00a9-LUIS-ROMERO-scaled.jpg 1600w, https:\/\/andaluciaaerospace.com\/wp-content\/uploads\/2024\/02\/150-ANDALUCIA-AEROSPACE-13-02-24-BAJA-\u00a9-LUIS-ROMERO-300x200.jpg 300w, https:\/\/andaluciaaerospace.com\/wp-content\/uploads\/2024\/02\/150-ANDALUCIA-AEROSPACE-13-02-24-BAJA-\u00a9-LUIS-ROMERO-1024x682.jpg 1024w, https:\/\/andaluciaaerospace.com\/wp-content\/uploads\/2024\/02\/150-ANDALUCIA-AEROSPACE-13-02-24-BAJA-\u00a9-LUIS-ROMERO-768x512.jpg 768w, https:\/\/andaluciaaerospace.com\/wp-content\/uploads\/2024\/02\/150-ANDALUCIA-AEROSPACE-13-02-24-BAJA-\u00a9-LUIS-ROMERO-391x260.jpg 391w, https:\/\/andaluciaaerospace.com\/wp-content\/uploads\/2024\/02\/150-ANDALUCIA-AEROSPACE-13-02-24-BAJA-\u00a9-LUIS-ROMERO-1536x1024.jpg 1536w\" sizes=\"(max-width: 312px) 100vw, 312px\" \/><\/p>\n<p>Finally, the businessman Miguel \u00c1ngel Tamarit Almagro, Vice President of Pegasus Aero Group, received the &#8220;Andalusian Aerospace Executive 2023&#8221; award from the Andalucia Aerospace cluster. The award was presented by the president of the cluster, Antonio G\u00f3mez-Guillam\u00f3n and the president of CEA, Javier Gonzalez de Lara.<\/p>\n<p><img decoding=\"async\" class=\" wp-image-28179 aligncenter\" src=\"http:\/\/andaluciaaerospace.com\/wp-content\/uploads\/2024\/02\/098-ANDALUCIA-AEROSPACE-13-02-24-BAJA-\u00a9-LUIS-ROMERO-scaled.jpg\" alt=\"\" width=\"297\" height=\"198\" srcset=\"https:\/\/andaluciaaerospace.com\/wp-content\/uploads\/2024\/02\/098-ANDALUCIA-AEROSPACE-13-02-24-BAJA-\u00a9-LUIS-ROMERO-scaled.jpg 1600w, https:\/\/andaluciaaerospace.com\/wp-content\/uploads\/2024\/02\/098-ANDALUCIA-AEROSPACE-13-02-24-BAJA-\u00a9-LUIS-ROMERO-300x200.jpg 300w, https:\/\/andaluciaaerospace.com\/wp-content\/uploads\/2024\/02\/098-ANDALUCIA-AEROSPACE-13-02-24-BAJA-\u00a9-LUIS-ROMERO-1024x682.jpg 1024w, https:\/\/andaluciaaerospace.com\/wp-content\/uploads\/2024\/02\/098-ANDALUCIA-AEROSPACE-13-02-24-BAJA-\u00a9-LUIS-ROMERO-768x512.jpg 768w, https:\/\/andaluciaaerospace.com\/wp-content\/uploads\/2024\/02\/098-ANDALUCIA-AEROSPACE-13-02-24-BAJA-\u00a9-LUIS-ROMERO-391x260.jpg 391w, https:\/\/andaluciaaerospace.com\/wp-content\/uploads\/2024\/02\/098-ANDALUCIA-AEROSPACE-13-02-24-BAJA-\u00a9-LUIS-ROMERO-1536x1024.jpg 1536w\" sizes=\"(max-width: 297px) 100vw, 297px\" \/><\/p>\n<p>The cluster has recognised Miguel \u00c1ngel Tamarit Almagro for his intense activity in 2023 to promote and dignify the aerospace sector and the Defence sector in general. From his corporate headquarters in Palma del R\u00edo (C\u00f3rdoba), Tamarit Almagro has promoted business unity to face all the important requirements that the future Army Logistics Base in C\u00f3rdoba will entail. His participation in different associative forums has demonstrated his interest and generosity in collaborating to develop the aerospace sector, beyond his particular interests in his company Pegasus Aero Group, where he is vice-president.<\/p>\n<p><img decoding=\"async\" class=\" wp-image-28177 aligncenter\" src=\"http:\/\/andaluciaaerospace.com\/wp-content\/uploads\/2024\/02\/184-ANDALUCIA-AEROSPACE-13-02-24-BAJA-\u00a9-LUIS-ROMERO-scaled.jpg\" alt=\"\" width=\"301\" height=\"200\" srcset=\"https:\/\/andaluciaaerospace.com\/wp-content\/uploads\/2024\/02\/184-ANDALUCIA-AEROSPACE-13-02-24-BAJA-\u00a9-LUIS-ROMERO-scaled.jpg 1600w, https:\/\/andaluciaaerospace.com\/wp-content\/uploads\/2024\/02\/184-ANDALUCIA-AEROSPACE-13-02-24-BAJA-\u00a9-LUIS-ROMERO-300x200.jpg 300w, https:\/\/andaluciaaerospace.com\/wp-content\/uploads\/2024\/02\/184-ANDALUCIA-AEROSPACE-13-02-24-BAJA-\u00a9-LUIS-ROMERO-1024x682.jpg 1024w, https:\/\/andaluciaaerospace.com\/wp-content\/uploads\/2024\/02\/184-ANDALUCIA-AEROSPACE-13-02-24-BAJA-\u00a9-LUIS-ROMERO-768x512.jpg 768w, https:\/\/andaluciaaerospace.com\/wp-content\/uploads\/2024\/02\/184-ANDALUCIA-AEROSPACE-13-02-24-BAJA-\u00a9-LUIS-ROMERO-391x260.jpg 391w, https:\/\/andaluciaaerospace.com\/wp-content\/uploads\/2024\/02\/184-ANDALUCIA-AEROSPACE-13-02-24-BAJA-\u00a9-LUIS-ROMERO-1536x1024.jpg 1536w\" sizes=\"(max-width: 301px) 100vw, 301px\" \/><\/p>\n<p>Pegasus Aero Group has become a leader in aerial services and helicopter emergencies, with a major international expansion. It has also created an aeronautical training school in Palma del R\u00edo. It now has more than 110 aircraft, has a turnover of more than 90 million and employs more than 600 people.<\/p>\n<p>The event ended with a speech by Javier Gonz\u00e1lez de Lara, president of the Andalusian Confederation of Employers (CEA), who encouraged everyone to continue building an Andalusian aerospace sector that is more united, stronger and committed to the great challenges of sustainability and technological development. He stressed the importance of a cluster such as Andaluc\u00eda Aerospace as a necessary instrument to achieve these major objectives and the full collaboration of CEA in total harmony with the work being done by the cluster.<\/p>\n<p><img decoding=\"async\" class=\" wp-image-28181 aligncenter\" src=\"http:\/\/andaluciaaerospace.com\/wp-content\/uploads\/2024\/02\/197-ANDALUCIA-AEROSPACE-13-02-24-BAJA-\u00a9-LUIS-ROMERO-scaled.jpg\" alt=\"\" width=\"312\" height=\"208\" srcset=\"https:\/\/andaluciaaerospace.com\/wp-content\/uploads\/2024\/02\/197-ANDALUCIA-AEROSPACE-13-02-24-BAJA-\u00a9-LUIS-ROMERO-scaled.jpg 1600w, https:\/\/andaluciaaerospace.com\/wp-content\/uploads\/2024\/02\/197-ANDALUCIA-AEROSPACE-13-02-24-BAJA-\u00a9-LUIS-ROMERO-300x200.jpg 300w, https:\/\/andaluciaaerospace.com\/wp-content\/uploads\/2024\/02\/197-ANDALUCIA-AEROSPACE-13-02-24-BAJA-\u00a9-LUIS-ROMERO-1024x682.jpg 1024w, https:\/\/andaluciaaerospace.com\/wp-content\/uploads\/2024\/02\/197-ANDALUCIA-AEROSPACE-13-02-24-BAJA-\u00a9-LUIS-ROMERO-768x512.jpg 768w, https:\/\/andaluciaaerospace.com\/wp-content\/uploads\/2024\/02\/197-ANDALUCIA-AEROSPACE-13-02-24-BAJA-\u00a9-LUIS-ROMERO-391x260.jpg 391w, https:\/\/andaluciaaerospace.com\/wp-content\/uploads\/2024\/02\/197-ANDALUCIA-AEROSPACE-13-02-24-BAJA-\u00a9-LUIS-ROMERO-1536x1024.jpg 1536w\" sizes=\"(max-width: 312px) 100vw, 312px\" \/><\/p>\n","protected":false},"excerpt":{"rendered":"<p>Miguel \u00c1ngel Tamarit Almagro, Vice President of Pegasus Aero Group, receives the &#8220;Aerospace Executive 2023&#8221; award from Andaluc\u00eda Aerospace Andaluc\u00eda Aerospace holds its General Assembly of members on the campus of the CEU Fernando III University General Planells, deputy to the Director General of Armament and Material (DGAM), gave a lecture on the challenges of<\/p>\n<a class=\"btn btn-primary read-more-button\" href=\"https:\/\/andaluciaaerospace.com\/en\/miguel-angel-tamarit-almagro-vice-president-of-pegasus-aero-group-receives-the-aerospace-executive-2023-award-from-andalucia-aerospace\/\">Leer m\u00e1s...<\/a>","protected":false},"author":7,"featured_media":28173,"comment_status":"closed","ping_status":"closed","sticky":false,"template":"","format":"standard","meta":{"_acf_changed":false,"_bbp_topic_count":0,"_bbp_reply_count":0,"_bbp_total_topic_count":0,"_bbp_total_reply_count":0,"_bbp_voice_count":0,"_bbp_anonymous_reply_count":0,"_bbp_topic_count_hidden":0,"_bbp_reply_count_hidden":0,"_bbp_forum_subforum_count":0,"footnotes":""},"categories":[161],"tags":[],"class_list":["post-28298","post","type-post","status-publish","format-standard","has-post-thumbnail","hentry","category-cluster-news"],"acf":[],"yoast_head":"<!-- This site is optimized with the Yoast SEO plugin v23.6 - https:\/\/yoast.com\/wordpress\/plugins\/seo\/ -->\n<title>Miguel \u00c1ngel Tamarit Almagro, Vice President of Pegasus Aero Group, receives the &quot;Aerospace Executive 2023&quot; award from Andaluc\u00eda Aerospace - Andaluc\u00eda Aerospace<\/title>\n<meta name=\"robots\" content=\"index, follow, max-snippet:-1, max-image-preview:large, max-video-preview:-1\" \/>\n<link rel=\"canonical\" href=\"https:\/\/andaluciaaerospace.com\/en\/miguel-angel-tamarit-almagro-vice-president-of-pegasus-aero-group-receives-the-aerospace-executive-2023-award-from-andalucia-aerospace\/\" \/>\n<meta property=\"og:locale\" content=\"en_US\" \/>\n<meta property=\"og:type\" content=\"article\" \/>\n<meta property=\"og:title\" content=\"Miguel \u00c1ngel Tamarit Almagro, Vice President of Pegasus Aero Group, receives the &quot;Aerospace Executive 2023&quot; award from Andaluc\u00eda Aerospace - Andaluc\u00eda Aerospace\" \/>\n<meta property=\"og:description\" content=\"Miguel \u00c1ngel Tamarit Almagro, Vice President of Pegasus Aero Group, receives the &#8220;Aerospace Executive 2023&#8221; award from Andaluc\u00eda Aerospace Andaluc\u00eda Aerospace holds its General Assembly of members on the campus of the CEU Fernando III University General Planells, deputy to the Director General of Armament and Material (DGAM), gave a lecture on the challenges of\" \/>\n<meta property=\"og:url\" content=\"https:\/\/andaluciaaerospace.com\/en\/miguel-angel-tamarit-almagro-vice-president-of-pegasus-aero-group-receives-the-aerospace-executive-2023-award-from-andalucia-aerospace\/\" \/>\n<meta property=\"og:site_name\" content=\"Andaluc\u00eda Aerospace\" \/>\n<meta property=\"article:published_time\" content=\"2024-02-14T12:33:47+00:00\" \/>\n<meta property=\"article:modified_time\" content=\"2024-03-11T12:42:43+00:00\" \/>\n<meta property=\"og:image\" content=\"https:\/\/andaluciaaerospace.com\/wp-content\/uploads\/2024\/02\/058-ANDALUCIA-AEROSPACE-13-02-24-BAJA-\u00a9-LUIS-ROMERO-scaled.jpg\" \/>\n\t<meta property=\"og:image:width\" content=\"1600\" \/>\n\t<meta property=\"og:image:height\" content=\"1066\" \/>\n\t<meta property=\"og:image:type\" content=\"image\/jpeg\" \/>\n<meta name=\"author\" content=\"Comunicacion Andaluc\u00eda Aerospace\" \/>\n<meta name=\"twitter:card\" content=\"summary_large_image\" \/>\n<meta name=\"twitter:label1\" content=\"Written by\" \/>\n\t<meta name=\"twitter:data1\" content=\"Comunicacion Andaluc\u00eda Aerospace\" \/>\n\t<meta name=\"twitter:label2\" content=\"Est. reading time\" \/>\n\t<meta name=\"twitter:data2\" content=\"4 minutes\" \/>\n<script type=\"application\/ld+json\" class=\"yoast-schema-graph\">{\"@context\":\"https:\/\/schema.org\",\"@graph\":[{\"@type\":[\"WebPage\",\"ItemPage\"],\"@id\":\"https:\/\/andaluciaaerospace.com\/en\/miguel-angel-tamarit-almagro-vice-president-of-pegasus-aero-group-receives-the-aerospace-executive-2023-award-from-andalucia-aerospace\/\",\"url\":\"https:\/\/andaluciaaerospace.com\/en\/miguel-angel-tamarit-almagro-vice-president-of-pegasus-aero-group-receives-the-aerospace-executive-2023-award-from-andalucia-aerospace\/\",\"name\":\"Miguel \u00c1ngel Tamarit Almagro, Vice President of Pegasus Aero Group, receives the \\\"Aerospace Executive 2023\\\" award from Andaluc\u00eda Aerospace - Andaluc\u00eda Aerospace\",\"isPartOf\":{\"@id\":\"https:\/\/andaluciaaerospace.com\/en\/#website\"},\"primaryImageOfPage\":{\"@id\":\"https:\/\/andaluciaaerospace.com\/en\/miguel-angel-tamarit-almagro-vice-president-of-pegasus-aero-group-receives-the-aerospace-executive-2023-award-from-andalucia-aerospace\/#primaryimage\"},\"image\":{\"@id\":\"https:\/\/andaluciaaerospace.com\/en\/miguel-angel-tamarit-almagro-vice-president-of-pegasus-aero-group-receives-the-aerospace-executive-2023-award-from-andalucia-aerospace\/#primaryimage\"},\"thumbnailUrl\":\"https:\/\/andaluciaaerospace.com\/wp-content\/uploads\/2024\/02\/058-ANDALUCIA-AEROSPACE-13-02-24-BAJA-\u00a9-LUIS-ROMERO-scaled.jpg\",\"datePublished\":\"2024-02-14T12:33:47+00:00\",\"dateModified\":\"2024-03-11T12:42:43+00:00\",\"author\":{\"@id\":\"https:\/\/andaluciaaerospace.com\/en\/#\/schema\/person\/f31cd29a7bef441635ccd740480a73fe\"},\"breadcrumb\":{\"@id\":\"https:\/\/andaluciaaerospace.com\/en\/miguel-angel-tamarit-almagro-vice-president-of-pegasus-aero-group-receives-the-aerospace-executive-2023-award-from-andalucia-aerospace\/#breadcrumb\"},\"inLanguage\":\"en-US\",\"potentialAction\":[{\"@type\":\"ReadAction\",\"target\":[\"https:\/\/andaluciaaerospace.com\/en\/miguel-angel-tamarit-almagro-vice-president-of-pegasus-aero-group-receives-the-aerospace-executive-2023-award-from-andalucia-aerospace\/\"]}]},{\"@type\":\"ImageObject\",\"inLanguage\":\"en-US\",\"@id\":\"https:\/\/andaluciaaerospace.com\/en\/miguel-angel-tamarit-almagro-vice-president-of-pegasus-aero-group-receives-the-aerospace-executive-2023-award-from-andalucia-aerospace\/#primaryimage\",\"url\":\"https:\/\/andaluciaaerospace.com\/wp-content\/uploads\/2024\/02\/058-ANDALUCIA-AEROSPACE-13-02-24-BAJA-\u00a9-LUIS-ROMERO-scaled.jpg\",\"contentUrl\":\"https:\/\/andaluciaaerospace.com\/wp-content\/uploads\/2024\/02\/058-ANDALUCIA-AEROSPACE-13-02-24-BAJA-\u00a9-LUIS-ROMERO-scaled.jpg\",\"width\":1600,\"height\":1066},{\"@type\":\"BreadcrumbList\",\"@id\":\"https:\/\/andaluciaaerospace.com\/en\/miguel-angel-tamarit-almagro-vice-president-of-pegasus-aero-group-receives-the-aerospace-executive-2023-award-from-andalucia-aerospace\/#breadcrumb\",\"itemListElement\":[{\"@type\":\"ListItem\",\"position\":1,\"name\":\"Portada\",\"item\":\"https:\/\/andaluciaaerospace.com\/en\/\"},{\"@type\":\"ListItem\",\"position\":2,\"name\":\"Miguel \u00c1ngel Tamarit Almagro, Vice President of Pegasus Aero Group, receives the &#8220;Aerospace Executive 2023&#8221; award from Andaluc\u00eda Aerospace\"}]},{\"@type\":\"WebSite\",\"@id\":\"https:\/\/andaluciaaerospace.com\/en\/#website\",\"url\":\"https:\/\/andaluciaaerospace.com\/en\/\",\"name\":\"Andaluc\u00eda Aerospace\",\"description\":\"Cluster empresarial aeron\u00e1utico\",\"potentialAction\":[{\"@type\":\"SearchAction\",\"target\":{\"@type\":\"EntryPoint\",\"urlTemplate\":\"https:\/\/andaluciaaerospace.com\/en\/?s={search_term_string}\"},\"query-input\":{\"@type\":\"PropertyValueSpecification\",\"valueRequired\":true,\"valueName\":\"search_term_string\"}}],\"inLanguage\":\"en-US\"},{\"@type\":\"Person\",\"@id\":\"https:\/\/andaluciaaerospace.com\/en\/#\/schema\/person\/f31cd29a7bef441635ccd740480a73fe\",\"name\":\"Comunicacion Andaluc\u00eda Aerospace\"}]}<\/script>\n<!-- \/ Yoast SEO plugin. -->","yoast_head_json":{"title":"Miguel \u00c1ngel Tamarit Almagro, Vice President of Pegasus Aero Group, receives the \"Aerospace Executive 2023\" award from Andaluc\u00eda Aerospace - Andaluc\u00eda Aerospace","robots":{"index":"index","follow":"follow","max-snippet":"max-snippet:-1","max-image-preview":"max-image-preview:large","max-video-preview":"max-video-preview:-1"},"canonical":"https:\/\/andaluciaaerospace.com\/en\/miguel-angel-tamarit-almagro-vice-president-of-pegasus-aero-group-receives-the-aerospace-executive-2023-award-from-andalucia-aerospace\/","og_locale":"en_US","og_type":"article","og_title":"Miguel \u00c1ngel Tamarit Almagro, Vice President of Pegasus Aero Group, receives the \"Aerospace Executive 2023\" award from Andaluc\u00eda Aerospace - Andaluc\u00eda Aerospace","og_description":"Miguel \u00c1ngel Tamarit Almagro, Vice President of Pegasus Aero Group, receives the &#8220;Aerospace Executive 2023&#8221; award from Andaluc\u00eda Aerospace Andaluc\u00eda Aerospace holds its General Assembly of members on the campus of the CEU Fernando III University General Planells, deputy to the Director General of Armament and Material (DGAM), gave a lecture on the challenges of","og_url":"https:\/\/andaluciaaerospace.com\/en\/miguel-angel-tamarit-almagro-vice-president-of-pegasus-aero-group-receives-the-aerospace-executive-2023-award-from-andalucia-aerospace\/","og_site_name":"Andaluc\u00eda Aerospace","article_published_time":"2024-02-14T12:33:47+00:00","article_modified_time":"2024-03-11T12:42:43+00:00","og_image":[{"width":1600,"height":1066,"url":"https:\/\/andaluciaaerospace.com\/wp-content\/uploads\/2024\/02\/058-ANDALUCIA-AEROSPACE-13-02-24-BAJA-\u00a9-LUIS-ROMERO-scaled.jpg","type":"image\/jpeg"}],"author":"Comunicacion Andaluc\u00eda Aerospace","twitter_card":"summary_large_image","twitter_misc":{"Written by":"Comunicacion Andaluc\u00eda Aerospace","Est. reading time":"4 minutes"},"schema":{"@context":"https:\/\/schema.org","@graph":[{"@type":["WebPage","ItemPage"],"@id":"https:\/\/andaluciaaerospace.com\/en\/miguel-angel-tamarit-almagro-vice-president-of-pegasus-aero-group-receives-the-aerospace-executive-2023-award-from-andalucia-aerospace\/","url":"https:\/\/andaluciaaerospace.com\/en\/miguel-angel-tamarit-almagro-vice-president-of-pegasus-aero-group-receives-the-aerospace-executive-2023-award-from-andalucia-aerospace\/","name":"Miguel \u00c1ngel Tamarit Almagro, Vice President of Pegasus Aero Group, receives the \"Aerospace Executive 2023\" award from Andaluc\u00eda Aerospace - Andaluc\u00eda Aerospace","isPartOf":{"@id":"https:\/\/andaluciaaerospace.com\/en\/#website"},"primaryImageOfPage":{"@id":"https:\/\/andaluciaaerospace.com\/en\/miguel-angel-tamarit-almagro-vice-president-of-pegasus-aero-group-receives-the-aerospace-executive-2023-award-from-andalucia-aerospace\/#primaryimage"},"image":{"@id":"https:\/\/andaluciaaerospace.com\/en\/miguel-angel-tamarit-almagro-vice-president-of-pegasus-aero-group-receives-the-aerospace-executive-2023-award-from-andalucia-aerospace\/#primaryimage"},"thumbnailUrl":"https:\/\/andaluciaaerospace.com\/wp-content\/uploads\/2024\/02\/058-ANDALUCIA-AEROSPACE-13-02-24-BAJA-\u00a9-LUIS-ROMERO-scaled.jpg","datePublished":"2024-02-14T12:33:47+00:00","dateModified":"2024-03-11T12:42:43+00:00","author":{"@id":"https:\/\/andaluciaaerospace.com\/en\/#\/schema\/person\/f31cd29a7bef441635ccd740480a73fe"},"breadcrumb":{"@id":"https:\/\/andaluciaaerospace.com\/en\/miguel-angel-tamarit-almagro-vice-president-of-pegasus-aero-group-receives-the-aerospace-executive-2023-award-from-andalucia-aerospace\/#breadcrumb"},"inLanguage":"en-US","potentialAction":[{"@type":"ReadAction","target":["https:\/\/andaluciaaerospace.com\/en\/miguel-angel-tamarit-almagro-vice-president-of-pegasus-aero-group-receives-the-aerospace-executive-2023-award-from-andalucia-aerospace\/"]}]},{"@type":"ImageObject","inLanguage":"en-US","@id":"https:\/\/andaluciaaerospace.com\/en\/miguel-angel-tamarit-almagro-vice-president-of-pegasus-aero-group-receives-the-aerospace-executive-2023-award-from-andalucia-aerospace\/#primaryimage","url":"https:\/\/andaluciaaerospace.com\/wp-content\/uploads\/2024\/02\/058-ANDALUCIA-AEROSPACE-13-02-24-BAJA-\u00a9-LUIS-ROMERO-scaled.jpg","contentUrl":"https:\/\/andaluciaaerospace.com\/wp-content\/uploads\/2024\/02\/058-ANDALUCIA-AEROSPACE-13-02-24-BAJA-\u00a9-LUIS-ROMERO-scaled.jpg","width":1600,"height":1066},{"@type":"BreadcrumbList","@id":"https:\/\/andaluciaaerospace.com\/en\/miguel-angel-tamarit-almagro-vice-president-of-pegasus-aero-group-receives-the-aerospace-executive-2023-award-from-andalucia-aerospace\/#breadcrumb","itemListElement":[{"@type":"ListItem","position":1,"name":"Portada","item":"https:\/\/andaluciaaerospace.com\/en\/"},{"@type":"ListItem","position":2,"name":"Miguel \u00c1ngel Tamarit Almagro, Vice President of Pegasus Aero Group, receives the &#8220;Aerospace Executive 2023&#8221; award from Andaluc\u00eda Aerospace"}]},{"@type":"WebSite","@id":"https:\/\/andaluciaaerospace.com\/en\/#website","url":"https:\/\/andaluciaaerospace.com\/en\/","name":"Andaluc\u00eda Aerospace","description":"Cluster empresarial aeron\u00e1utico","potentialAction":[{"@type":"SearchAction","target":{"@type":"EntryPoint","urlTemplate":"https:\/\/andaluciaaerospace.com\/en\/?s={search_term_string}"},"query-input":{"@type":"PropertyValueSpecification","valueRequired":true,"valueName":"search_term_string"}}],"inLanguage":"en-US"},{"@type":"Person","@id":"https:\/\/andaluciaaerospace.com\/en\/#\/schema\/person\/f31cd29a7bef441635ccd740480a73fe","name":"Comunicacion Andaluc\u00eda Aerospace"}]}},"_links":{"self":[{"href":"https:\/\/andaluciaaerospace.com\/en\/wp-json\/wp\/v2\/posts\/28298","targetHints":{"allow":["GET"]}}],"collection":[{"href":"https:\/\/andaluciaaerospace.com\/en\/wp-json\/wp\/v2\/posts"}],"about":[{"href":"https:\/\/andaluciaaerospace.com\/en\/wp-json\/wp\/v2\/types\/post"}],"author":[{"embeddable":true,"href":"https:\/\/andaluciaaerospace.com\/en\/wp-json\/wp\/v2\/users\/7"}],"replies":[{"embeddable":true,"href":"https:\/\/andaluciaaerospace.com\/en\/wp-json\/wp\/v2\/comments?post=28298"}],"version-history":[{"count":1,"href":"https:\/\/andaluciaaerospace.com\/en\/wp-json\/wp\/v2\/posts\/28298\/revisions"}],"predecessor-version":[{"id":28300,"href":"https:\/\/andaluciaaerospace.com\/en\/wp-json\/wp\/v2\/posts\/28298\/revisions\/28300"}],"wp:featuredmedia":[{"embeddable":true,"href":"https:\/\/andaluciaaerospace.com\/en\/wp-json\/wp\/v2\/media\/28173"}],"wp:attachment":[{"href":"https:\/\/andaluciaaerospace.com\/en\/wp-json\/wp\/v2\/media?parent=28298"}],"wp:term":[{"taxonomy":"category","embeddable":true,"href":"https:\/\/andaluciaaerospace.com\/en\/wp-json\/wp\/v2\/categories?post=28298"},{"taxonomy":"post_tag","embeddable":true,"href":"https:\/\/andaluciaaerospace.com\/en\/wp-json\/wp\/v2\/tags?post=28298"}],"curies":[{"name":"wp","href":"https:\/\/api.w.org\/{rel}","templated":true}]}}