{"id":27707,"date":"2023-10-24T10:14:32","date_gmt":"2023-10-24T08:14:32","guid":{"rendered":"https:\/\/andaluciaaerospace.com\/?p=27707"},"modified":"2023-10-25T10:17:42","modified_gmt":"2023-10-25T08:17:42","slug":"isoin-joins-andalucia-aerospace","status":"publish","type":"post","link":"https:\/\/andaluciaaerospace.com\/en\/isoin-joins-andalucia-aerospace\/","title":{"rendered":"ISOIN joins Andaluc\u00eda Aerospace"},"content":{"rendered":"<p><strong><a href=\"https:\/\/www.isoin.es\/\">ISOIN<\/a> joins Andaluc\u00eda Aerospace<\/strong><\/p>\n<p>The signing for the adhesion of the company has taken place on<strong> Tuesday 24th October<\/strong>, with the presence of Jos\u00e9 Ram\u00f3n S\u00e1nchez Gracia, Managing Director of ISOIN accompanied by Manuel Bada Tom\u00e1s, project manager, and Olivia Carmona, administration manager.<\/p>\n<p>ISOIN is a technology company that offers Engineering and IT Services in the sectors of Industry, Logistics, Public Administrations and Transport. It develops a technology line on Industry 4.0 oriented to the Aerospace sector, through which it structures and executes innovative projects applied to the production chain of the Aeronautics and Space Industry. The most relevant technological capabilities in this line are: Digitalisation, PLM-ERP-MES systems, MBSE modelling, intensive use of Data, Simulation, Digital Twin and Industrial Artificial Intelligence.<\/p>\n<p>From the cluster it is a pleasure to have this company that will bring us so much in the aerospace sector.<\/p>\n<p style=\"text-align: left;\">Welcome!<br \/>\n#Togetherweflyhigher #ISOIN<\/p>\n<p style=\"text-align: left;\"><img decoding=\"async\" class=\"wp-image-27705 aligncenter\" src=\"https:\/\/andaluciaaerospace.com\/wp-content\/uploads\/2023\/10\/Firma-ISOIN-e1698221605662.jpeg\" alt=\"\" width=\"558\" height=\"368\" \/><\/p>\n<p>&nbsp;<\/p>\n","protected":false},"excerpt":{"rendered":"<p>ISOIN joins Andaluc\u00eda Aerospace The signing for the adhesion of the company has taken place on Tuesday 24th October, with the presence of Jos\u00e9 Ram\u00f3n S\u00e1nchez Gracia, Managing Director of ISOIN accompanied by Manuel Bada Tom\u00e1s, project manager, and Olivia Carmona, administration manager. ISOIN is a technology company that offers Engineering and IT Services in<\/p>\n<a class=\"btn btn-primary read-more-button\" href=\"https:\/\/andaluciaaerospace.com\/en\/isoin-joins-andalucia-aerospace\/\">Leer m\u00e1s...<\/a>","protected":false},"author":7,"featured_media":27705,"comment_status":"open","ping_status":"open","sticky":false,"template":"","format":"standard","meta":{"_acf_changed":false,"_bbp_topic_count":0,"_bbp_reply_count":0,"_bbp_total_topic_count":0,"_bbp_total_reply_count":0,"_bbp_voice_count":0,"_bbp_anonymous_reply_count":0,"_bbp_topic_count_hidden":0,"_bbp_reply_count_hidden":0,"_bbp_forum_subforum_count":0,"footnotes":""},"categories":[161],"tags":[],"class_list":["post-27707","post","type-post","status-publish","format-standard","has-post-thumbnail","hentry","category-cluster-news"],"acf":[],"yoast_head":"<!-- This site is optimized with the Yoast SEO plugin v23.6 - https:\/\/yoast.com\/wordpress\/plugins\/seo\/ -->\n<title>ISOIN joins Andaluc\u00eda Aerospace - Andaluc\u00eda Aerospace<\/title>\n<meta name=\"robots\" content=\"index, follow, max-snippet:-1, max-image-preview:large, max-video-preview:-1\" \/>\n<link rel=\"canonical\" href=\"https:\/\/andaluciaaerospace.com\/en\/isoin-joins-andalucia-aerospace\/\" \/>\n<meta property=\"og:locale\" content=\"en_US\" \/>\n<meta property=\"og:type\" content=\"article\" \/>\n<meta property=\"og:title\" content=\"ISOIN joins Andaluc\u00eda Aerospace - Andaluc\u00eda Aerospace\" \/>\n<meta property=\"og:description\" content=\"ISOIN joins Andaluc\u00eda Aerospace The signing for the adhesion of the company has taken place on Tuesday 24th October, with the presence of Jos\u00e9 Ram\u00f3n S\u00e1nchez Gracia, Managing Director of ISOIN accompanied by Manuel Bada Tom\u00e1s, project manager, and Olivia Carmona, administration manager. ISOIN is a technology company that offers Engineering and IT Services in\" \/>\n<meta property=\"og:url\" content=\"https:\/\/andaluciaaerospace.com\/en\/isoin-joins-andalucia-aerospace\/\" \/>\n<meta property=\"og:site_name\" content=\"Andaluc\u00eda Aerospace\" \/>\n<meta property=\"article:published_time\" content=\"2023-10-24T08:14:32+00:00\" \/>\n<meta property=\"article:modified_time\" content=\"2023-10-25T08:17:42+00:00\" \/>\n<meta property=\"og:image\" content=\"https:\/\/andaluciaaerospace.com\/wp-content\/uploads\/2023\/10\/Firma-ISOIN-e1698221605662.jpeg\" \/>\n\t<meta property=\"og:image:width\" content=\"1600\" \/>\n\t<meta property=\"og:image:height\" content=\"1197\" \/>\n\t<meta property=\"og:image:type\" content=\"image\/jpeg\" \/>\n<meta name=\"author\" content=\"Comunicacion Andaluc\u00eda Aerospace\" \/>\n<meta name=\"twitter:card\" content=\"summary_large_image\" \/>\n<meta name=\"twitter:label1\" content=\"Written by\" \/>\n\t<meta name=\"twitter:data1\" content=\"Comunicacion Andaluc\u00eda Aerospace\" \/>\n\t<meta name=\"twitter:label2\" content=\"Est. reading time\" \/>\n\t<meta name=\"twitter:data2\" content=\"1 minute\" \/>\n<script type=\"application\/ld+json\" class=\"yoast-schema-graph\">{\"@context\":\"https:\/\/schema.org\",\"@graph\":[{\"@type\":[\"WebPage\",\"ItemPage\"],\"@id\":\"https:\/\/andaluciaaerospace.com\/en\/isoin-joins-andalucia-aerospace\/\",\"url\":\"https:\/\/andaluciaaerospace.com\/en\/isoin-joins-andalucia-aerospace\/\",\"name\":\"ISOIN joins Andaluc\u00eda Aerospace - Andaluc\u00eda Aerospace\",\"isPartOf\":{\"@id\":\"https:\/\/andaluciaaerospace.com\/en\/#website\"},\"primaryImageOfPage\":{\"@id\":\"https:\/\/andaluciaaerospace.com\/en\/isoin-joins-andalucia-aerospace\/#primaryimage\"},\"image\":{\"@id\":\"https:\/\/andaluciaaerospace.com\/en\/isoin-joins-andalucia-aerospace\/#primaryimage\"},\"thumbnailUrl\":\"https:\/\/andaluciaaerospace.com\/wp-content\/uploads\/2023\/10\/Firma-ISOIN-e1698221605662.jpeg\",\"datePublished\":\"2023-10-24T08:14:32+00:00\",\"dateModified\":\"2023-10-25T08:17:42+00:00\",\"author\":{\"@id\":\"https:\/\/andaluciaaerospace.com\/en\/#\/schema\/person\/f31cd29a7bef441635ccd740480a73fe\"},\"breadcrumb\":{\"@id\":\"https:\/\/andaluciaaerospace.com\/en\/isoin-joins-andalucia-aerospace\/#breadcrumb\"},\"inLanguage\":\"en-US\",\"potentialAction\":[{\"@type\":\"ReadAction\",\"target\":[\"https:\/\/andaluciaaerospace.com\/en\/isoin-joins-andalucia-aerospace\/\"]}]},{\"@type\":\"ImageObject\",\"inLanguage\":\"en-US\",\"@id\":\"https:\/\/andaluciaaerospace.com\/en\/isoin-joins-andalucia-aerospace\/#primaryimage\",\"url\":\"https:\/\/andaluciaaerospace.com\/wp-content\/uploads\/2023\/10\/Firma-ISOIN-e1698221605662.jpeg\",\"contentUrl\":\"https:\/\/andaluciaaerospace.com\/wp-content\/uploads\/2023\/10\/Firma-ISOIN-e1698221605662.jpeg\",\"width\":1600,\"height\":1197},{\"@type\":\"BreadcrumbList\",\"@id\":\"https:\/\/andaluciaaerospace.com\/en\/isoin-joins-andalucia-aerospace\/#breadcrumb\",\"itemListElement\":[{\"@type\":\"ListItem\",\"position\":1,\"name\":\"Portada\",\"item\":\"https:\/\/andaluciaaerospace.com\/en\/\"},{\"@type\":\"ListItem\",\"position\":2,\"name\":\"ISOIN joins Andaluc\u00eda Aerospace\"}]},{\"@type\":\"WebSite\",\"@id\":\"https:\/\/andaluciaaerospace.com\/en\/#website\",\"url\":\"https:\/\/andaluciaaerospace.com\/en\/\",\"name\":\"Andaluc\u00eda Aerospace\",\"description\":\"Cluster empresarial aeron\u00e1utico\",\"potentialAction\":[{\"@type\":\"SearchAction\",\"target\":{\"@type\":\"EntryPoint\",\"urlTemplate\":\"https:\/\/andaluciaaerospace.com\/en\/?s={search_term_string}\"},\"query-input\":{\"@type\":\"PropertyValueSpecification\",\"valueRequired\":true,\"valueName\":\"search_term_string\"}}],\"inLanguage\":\"en-US\"},{\"@type\":\"Person\",\"@id\":\"https:\/\/andaluciaaerospace.com\/en\/#\/schema\/person\/f31cd29a7bef441635ccd740480a73fe\",\"name\":\"Comunicacion Andaluc\u00eda Aerospace\"}]}<\/script>\n<!-- \/ Yoast SEO plugin. -->","yoast_head_json":{"title":"ISOIN joins Andaluc\u00eda Aerospace - Andaluc\u00eda Aerospace","robots":{"index":"index","follow":"follow","max-snippet":"max-snippet:-1","max-image-preview":"max-image-preview:large","max-video-preview":"max-video-preview:-1"},"canonical":"https:\/\/andaluciaaerospace.com\/en\/isoin-joins-andalucia-aerospace\/","og_locale":"en_US","og_type":"article","og_title":"ISOIN joins Andaluc\u00eda Aerospace - Andaluc\u00eda Aerospace","og_description":"ISOIN joins Andaluc\u00eda Aerospace The signing for the adhesion of the company has taken place on Tuesday 24th October, with the presence of Jos\u00e9 Ram\u00f3n S\u00e1nchez Gracia, Managing Director of ISOIN accompanied by Manuel Bada Tom\u00e1s, project manager, and Olivia Carmona, administration manager. ISOIN is a technology company that offers Engineering and IT Services in","og_url":"https:\/\/andaluciaaerospace.com\/en\/isoin-joins-andalucia-aerospace\/","og_site_name":"Andaluc\u00eda Aerospace","article_published_time":"2023-10-24T08:14:32+00:00","article_modified_time":"2023-10-25T08:17:42+00:00","og_image":[{"width":1600,"height":1197,"url":"https:\/\/andaluciaaerospace.com\/wp-content\/uploads\/2023\/10\/Firma-ISOIN-e1698221605662.jpeg","type":"image\/jpeg"}],"author":"Comunicacion Andaluc\u00eda Aerospace","twitter_card":"summary_large_image","twitter_misc":{"Written by":"Comunicacion Andaluc\u00eda Aerospace","Est. reading time":"1 minute"},"schema":{"@context":"https:\/\/schema.org","@graph":[{"@type":["WebPage","ItemPage"],"@id":"https:\/\/andaluciaaerospace.com\/en\/isoin-joins-andalucia-aerospace\/","url":"https:\/\/andaluciaaerospace.com\/en\/isoin-joins-andalucia-aerospace\/","name":"ISOIN joins Andaluc\u00eda Aerospace - Andaluc\u00eda Aerospace","isPartOf":{"@id":"https:\/\/andaluciaaerospace.com\/en\/#website"},"primaryImageOfPage":{"@id":"https:\/\/andaluciaaerospace.com\/en\/isoin-joins-andalucia-aerospace\/#primaryimage"},"image":{"@id":"https:\/\/andaluciaaerospace.com\/en\/isoin-joins-andalucia-aerospace\/#primaryimage"},"thumbnailUrl":"https:\/\/andaluciaaerospace.com\/wp-content\/uploads\/2023\/10\/Firma-ISOIN-e1698221605662.jpeg","datePublished":"2023-10-24T08:14:32+00:00","dateModified":"2023-10-25T08:17:42+00:00","author":{"@id":"https:\/\/andaluciaaerospace.com\/en\/#\/schema\/person\/f31cd29a7bef441635ccd740480a73fe"},"breadcrumb":{"@id":"https:\/\/andaluciaaerospace.com\/en\/isoin-joins-andalucia-aerospace\/#breadcrumb"},"inLanguage":"en-US","potentialAction":[{"@type":"ReadAction","target":["https:\/\/andaluciaaerospace.com\/en\/isoin-joins-andalucia-aerospace\/"]}]},{"@type":"ImageObject","inLanguage":"en-US","@id":"https:\/\/andaluciaaerospace.com\/en\/isoin-joins-andalucia-aerospace\/#primaryimage","url":"https:\/\/andaluciaaerospace.com\/wp-content\/uploads\/2023\/10\/Firma-ISOIN-e1698221605662.jpeg","contentUrl":"https:\/\/andaluciaaerospace.com\/wp-content\/uploads\/2023\/10\/Firma-ISOIN-e1698221605662.jpeg","width":1600,"height":1197},{"@type":"BreadcrumbList","@id":"https:\/\/andaluciaaerospace.com\/en\/isoin-joins-andalucia-aerospace\/#breadcrumb","itemListElement":[{"@type":"ListItem","position":1,"name":"Portada","item":"https:\/\/andaluciaaerospace.com\/en\/"},{"@type":"ListItem","position":2,"name":"ISOIN joins Andaluc\u00eda Aerospace"}]},{"@type":"WebSite","@id":"https:\/\/andaluciaaerospace.com\/en\/#website","url":"https:\/\/andaluciaaerospace.com\/en\/","name":"Andaluc\u00eda Aerospace","description":"Cluster empresarial aeron\u00e1utico","potentialAction":[{"@type":"SearchAction","target":{"@type":"EntryPoint","urlTemplate":"https:\/\/andaluciaaerospace.com\/en\/?s={search_term_string}"},"query-input":{"@type":"PropertyValueSpecification","valueRequired":true,"valueName":"search_term_string"}}],"inLanguage":"en-US"},{"@type":"Person","@id":"https:\/\/andaluciaaerospace.com\/en\/#\/schema\/person\/f31cd29a7bef441635ccd740480a73fe","name":"Comunicacion Andaluc\u00eda Aerospace"}]}},"_links":{"self":[{"href":"https:\/\/andaluciaaerospace.com\/en\/wp-json\/wp\/v2\/posts\/27707","targetHints":{"allow":["GET"]}}],"collection":[{"href":"https:\/\/andaluciaaerospace.com\/en\/wp-json\/wp\/v2\/posts"}],"about":[{"href":"https:\/\/andaluciaaerospace.com\/en\/wp-json\/wp\/v2\/types\/post"}],"author":[{"embeddable":true,"href":"https:\/\/andaluciaaerospace.com\/en\/wp-json\/wp\/v2\/users\/7"}],"replies":[{"embeddable":true,"href":"https:\/\/andaluciaaerospace.com\/en\/wp-json\/wp\/v2\/comments?post=27707"}],"version-history":[{"count":1,"href":"https:\/\/andaluciaaerospace.com\/en\/wp-json\/wp\/v2\/posts\/27707\/revisions"}],"predecessor-version":[{"id":27708,"href":"https:\/\/andaluciaaerospace.com\/en\/wp-json\/wp\/v2\/posts\/27707\/revisions\/27708"}],"wp:featuredmedia":[{"embeddable":true,"href":"https:\/\/andaluciaaerospace.com\/en\/wp-json\/wp\/v2\/media\/27705"}],"wp:attachment":[{"href":"https:\/\/andaluciaaerospace.com\/en\/wp-json\/wp\/v2\/media?parent=27707"}],"wp:term":[{"taxonomy":"category","embeddable":true,"href":"https:\/\/andaluciaaerospace.com\/en\/wp-json\/wp\/v2\/categories?post=27707"},{"taxonomy":"post_tag","embeddable":true,"href":"https:\/\/andaluciaaerospace.com\/en\/wp-json\/wp\/v2\/tags?post=27707"}],"curies":[{"name":"wp","href":"https:\/\/api.w.org\/{rel}","templated":true}]}}