{"id":27584,"date":"2023-09-26T11:57:39","date_gmt":"2023-09-26T09:57:39","guid":{"rendered":"https:\/\/andaluciaaerospace.com\/?p=27584"},"modified":"2023-10-18T12:06:03","modified_gmt":"2023-10-18T10:06:03","slug":"mpe-group-new-collaboratin-partner-of-andalucia-aerospace","status":"publish","type":"post","link":"https:\/\/andaluciaaerospace.com\/en\/mpe-group-new-collaboratin-partner-of-andalucia-aerospace\/","title":{"rendered":"MPE Group new collaboratin partner of Andaluc\u00eda Aerospace"},"content":{"rendered":"<p><strong>MPE Group new partner of Andaluc\u00eda Aerospace. We celebrated the signing with Javier Neria Amaya, commercial manager of Grupo MPE.<\/strong><\/p>\n<p>Grupo MPE was founded in 1996 as an occupational risk prevention service with the aim of ensuring the health and safety of workers, as well as contributing to the reduction of occupational accidents. Accredited and established throughout Spain, it has the most appropriate human and technical resources to offer the best advice to its clients. Its origin and subsequent growth is due to the daily effort and dedication of all its staff, who have placed their extensive experience at the service of their clients.<\/p>\n<p>Grupo MPE has diversified its business lines over time to provide a comprehensive service to its clients, including professional and subsidised training services, safety on construction sites, coordination of business activities (CAE), self-protection plans and consultancy services.<\/p>\n<p><img decoding=\"async\" class=\" wp-image-27586 aligncenter\" src=\"https:\/\/andaluciaaerospace.com\/wp-content\/uploads\/2023\/10\/mpe.jpg\" alt=\"\" width=\"513\" height=\"462\" srcset=\"https:\/\/andaluciaaerospace.com\/wp-content\/uploads\/2023\/10\/mpe.jpg 390w, https:\/\/andaluciaaerospace.com\/wp-content\/uploads\/2023\/10\/mpe-300x270.jpg 300w\" sizes=\"(max-width: 513px) 100vw, 513px\" \/><\/p>\n","protected":false},"excerpt":{"rendered":"<p>MPE Group new partner of Andaluc\u00eda Aerospace. We celebrated the signing with Javier Neria Amaya, commercial manager of Grupo MPE. Grupo MPE was founded in 1996 as an occupational risk prevention service with the aim of ensuring the health and safety of workers, as well as contributing to the reduction of occupational accidents. Accredited and<\/p>\n<a class=\"btn btn-primary read-more-button\" href=\"https:\/\/andaluciaaerospace.com\/en\/mpe-group-new-collaboratin-partner-of-andalucia-aerospace\/\">Leer m\u00e1s...<\/a>","protected":false},"author":7,"featured_media":27586,"comment_status":"open","ping_status":"open","sticky":false,"template":"","format":"standard","meta":{"_acf_changed":false,"_bbp_topic_count":0,"_bbp_reply_count":0,"_bbp_total_topic_count":0,"_bbp_total_reply_count":0,"_bbp_voice_count":0,"_bbp_anonymous_reply_count":0,"_bbp_topic_count_hidden":0,"_bbp_reply_count_hidden":0,"_bbp_forum_subforum_count":0,"footnotes":""},"categories":[161],"tags":[],"class_list":["post-27584","post","type-post","status-publish","format-standard","has-post-thumbnail","hentry","category-cluster-news"],"acf":[],"yoast_head":"<!-- This site is optimized with the Yoast SEO plugin v23.6 - https:\/\/yoast.com\/wordpress\/plugins\/seo\/ -->\n<title>MPE Group new collaboratin partner of Andaluc\u00eda Aerospace - Andaluc\u00eda Aerospace<\/title>\n<meta name=\"robots\" content=\"index, follow, max-snippet:-1, max-image-preview:large, max-video-preview:-1\" \/>\n<link rel=\"canonical\" href=\"https:\/\/andaluciaaerospace.com\/en\/mpe-group-new-collaboratin-partner-of-andalucia-aerospace\/\" \/>\n<meta property=\"og:locale\" content=\"en_US\" \/>\n<meta property=\"og:type\" content=\"article\" \/>\n<meta property=\"og:title\" content=\"MPE Group new collaboratin partner of Andaluc\u00eda Aerospace - Andaluc\u00eda Aerospace\" \/>\n<meta property=\"og:description\" content=\"MPE Group new partner of Andaluc\u00eda Aerospace. We celebrated the signing with Javier Neria Amaya, commercial manager of Grupo MPE. Grupo MPE was founded in 1996 as an occupational risk prevention service with the aim of ensuring the health and safety of workers, as well as contributing to the reduction of occupational accidents. Accredited and\" \/>\n<meta property=\"og:url\" content=\"https:\/\/andaluciaaerospace.com\/en\/mpe-group-new-collaboratin-partner-of-andalucia-aerospace\/\" \/>\n<meta property=\"og:site_name\" content=\"Andaluc\u00eda Aerospace\" \/>\n<meta property=\"article:published_time\" content=\"2023-09-26T09:57:39+00:00\" \/>\n<meta property=\"article:modified_time\" content=\"2023-10-18T10:06:03+00:00\" \/>\n<meta property=\"og:image\" content=\"https:\/\/andaluciaaerospace.com\/wp-content\/uploads\/2023\/10\/mpe.jpg\" \/>\n\t<meta property=\"og:image:width\" content=\"390\" \/>\n\t<meta property=\"og:image:height\" content=\"351\" \/>\n\t<meta property=\"og:image:type\" content=\"image\/jpeg\" \/>\n<meta name=\"author\" content=\"Comunicacion Andaluc\u00eda Aerospace\" \/>\n<meta name=\"twitter:card\" content=\"summary_large_image\" \/>\n<meta name=\"twitter:label1\" content=\"Written by\" \/>\n\t<meta name=\"twitter:data1\" content=\"Comunicacion Andaluc\u00eda Aerospace\" \/>\n\t<meta name=\"twitter:label2\" content=\"Est. reading time\" \/>\n\t<meta name=\"twitter:data2\" content=\"1 minute\" \/>\n<script type=\"application\/ld+json\" class=\"yoast-schema-graph\">{\"@context\":\"https:\/\/schema.org\",\"@graph\":[{\"@type\":[\"WebPage\",\"ItemPage\"],\"@id\":\"https:\/\/andaluciaaerospace.com\/en\/mpe-group-new-collaboratin-partner-of-andalucia-aerospace\/\",\"url\":\"https:\/\/andaluciaaerospace.com\/en\/mpe-group-new-collaboratin-partner-of-andalucia-aerospace\/\",\"name\":\"MPE Group new collaboratin partner of Andaluc\u00eda Aerospace - Andaluc\u00eda Aerospace\",\"isPartOf\":{\"@id\":\"https:\/\/andaluciaaerospace.com\/en\/#website\"},\"primaryImageOfPage\":{\"@id\":\"https:\/\/andaluciaaerospace.com\/en\/mpe-group-new-collaboratin-partner-of-andalucia-aerospace\/#primaryimage\"},\"image\":{\"@id\":\"https:\/\/andaluciaaerospace.com\/en\/mpe-group-new-collaboratin-partner-of-andalucia-aerospace\/#primaryimage\"},\"thumbnailUrl\":\"https:\/\/andaluciaaerospace.com\/wp-content\/uploads\/2023\/10\/mpe.jpg\",\"datePublished\":\"2023-09-26T09:57:39+00:00\",\"dateModified\":\"2023-10-18T10:06:03+00:00\",\"author\":{\"@id\":\"https:\/\/andaluciaaerospace.com\/en\/#\/schema\/person\/f31cd29a7bef441635ccd740480a73fe\"},\"breadcrumb\":{\"@id\":\"https:\/\/andaluciaaerospace.com\/en\/mpe-group-new-collaboratin-partner-of-andalucia-aerospace\/#breadcrumb\"},\"inLanguage\":\"en-US\",\"potentialAction\":[{\"@type\":\"ReadAction\",\"target\":[\"https:\/\/andaluciaaerospace.com\/en\/mpe-group-new-collaboratin-partner-of-andalucia-aerospace\/\"]}]},{\"@type\":\"ImageObject\",\"inLanguage\":\"en-US\",\"@id\":\"https:\/\/andaluciaaerospace.com\/en\/mpe-group-new-collaboratin-partner-of-andalucia-aerospace\/#primaryimage\",\"url\":\"https:\/\/andaluciaaerospace.com\/wp-content\/uploads\/2023\/10\/mpe.jpg\",\"contentUrl\":\"https:\/\/andaluciaaerospace.com\/wp-content\/uploads\/2023\/10\/mpe.jpg\",\"width\":390,\"height\":351},{\"@type\":\"BreadcrumbList\",\"@id\":\"https:\/\/andaluciaaerospace.com\/en\/mpe-group-new-collaboratin-partner-of-andalucia-aerospace\/#breadcrumb\",\"itemListElement\":[{\"@type\":\"ListItem\",\"position\":1,\"name\":\"Portada\",\"item\":\"https:\/\/andaluciaaerospace.com\/en\/\"},{\"@type\":\"ListItem\",\"position\":2,\"name\":\"MPE Group new collaboratin partner of Andaluc\u00eda Aerospace\"}]},{\"@type\":\"WebSite\",\"@id\":\"https:\/\/andaluciaaerospace.com\/en\/#website\",\"url\":\"https:\/\/andaluciaaerospace.com\/en\/\",\"name\":\"Andaluc\u00eda Aerospace\",\"description\":\"Cluster empresarial aeron\u00e1utico\",\"potentialAction\":[{\"@type\":\"SearchAction\",\"target\":{\"@type\":\"EntryPoint\",\"urlTemplate\":\"https:\/\/andaluciaaerospace.com\/en\/?s={search_term_string}\"},\"query-input\":{\"@type\":\"PropertyValueSpecification\",\"valueRequired\":true,\"valueName\":\"search_term_string\"}}],\"inLanguage\":\"en-US\"},{\"@type\":\"Person\",\"@id\":\"https:\/\/andaluciaaerospace.com\/en\/#\/schema\/person\/f31cd29a7bef441635ccd740480a73fe\",\"name\":\"Comunicacion Andaluc\u00eda Aerospace\"}]}<\/script>\n<!-- \/ Yoast SEO plugin. -->","yoast_head_json":{"title":"MPE Group new collaboratin partner of Andaluc\u00eda Aerospace - Andaluc\u00eda Aerospace","robots":{"index":"index","follow":"follow","max-snippet":"max-snippet:-1","max-image-preview":"max-image-preview:large","max-video-preview":"max-video-preview:-1"},"canonical":"https:\/\/andaluciaaerospace.com\/en\/mpe-group-new-collaboratin-partner-of-andalucia-aerospace\/","og_locale":"en_US","og_type":"article","og_title":"MPE Group new collaboratin partner of Andaluc\u00eda Aerospace - Andaluc\u00eda Aerospace","og_description":"MPE Group new partner of Andaluc\u00eda Aerospace. We celebrated the signing with Javier Neria Amaya, commercial manager of Grupo MPE. Grupo MPE was founded in 1996 as an occupational risk prevention service with the aim of ensuring the health and safety of workers, as well as contributing to the reduction of occupational accidents. Accredited and","og_url":"https:\/\/andaluciaaerospace.com\/en\/mpe-group-new-collaboratin-partner-of-andalucia-aerospace\/","og_site_name":"Andaluc\u00eda Aerospace","article_published_time":"2023-09-26T09:57:39+00:00","article_modified_time":"2023-10-18T10:06:03+00:00","og_image":[{"width":390,"height":351,"url":"https:\/\/andaluciaaerospace.com\/wp-content\/uploads\/2023\/10\/mpe.jpg","type":"image\/jpeg"}],"author":"Comunicacion Andaluc\u00eda Aerospace","twitter_card":"summary_large_image","twitter_misc":{"Written by":"Comunicacion Andaluc\u00eda Aerospace","Est. reading time":"1 minute"},"schema":{"@context":"https:\/\/schema.org","@graph":[{"@type":["WebPage","ItemPage"],"@id":"https:\/\/andaluciaaerospace.com\/en\/mpe-group-new-collaboratin-partner-of-andalucia-aerospace\/","url":"https:\/\/andaluciaaerospace.com\/en\/mpe-group-new-collaboratin-partner-of-andalucia-aerospace\/","name":"MPE Group new collaboratin partner of Andaluc\u00eda Aerospace - Andaluc\u00eda Aerospace","isPartOf":{"@id":"https:\/\/andaluciaaerospace.com\/en\/#website"},"primaryImageOfPage":{"@id":"https:\/\/andaluciaaerospace.com\/en\/mpe-group-new-collaboratin-partner-of-andalucia-aerospace\/#primaryimage"},"image":{"@id":"https:\/\/andaluciaaerospace.com\/en\/mpe-group-new-collaboratin-partner-of-andalucia-aerospace\/#primaryimage"},"thumbnailUrl":"https:\/\/andaluciaaerospace.com\/wp-content\/uploads\/2023\/10\/mpe.jpg","datePublished":"2023-09-26T09:57:39+00:00","dateModified":"2023-10-18T10:06:03+00:00","author":{"@id":"https:\/\/andaluciaaerospace.com\/en\/#\/schema\/person\/f31cd29a7bef441635ccd740480a73fe"},"breadcrumb":{"@id":"https:\/\/andaluciaaerospace.com\/en\/mpe-group-new-collaboratin-partner-of-andalucia-aerospace\/#breadcrumb"},"inLanguage":"en-US","potentialAction":[{"@type":"ReadAction","target":["https:\/\/andaluciaaerospace.com\/en\/mpe-group-new-collaboratin-partner-of-andalucia-aerospace\/"]}]},{"@type":"ImageObject","inLanguage":"en-US","@id":"https:\/\/andaluciaaerospace.com\/en\/mpe-group-new-collaboratin-partner-of-andalucia-aerospace\/#primaryimage","url":"https:\/\/andaluciaaerospace.com\/wp-content\/uploads\/2023\/10\/mpe.jpg","contentUrl":"https:\/\/andaluciaaerospace.com\/wp-content\/uploads\/2023\/10\/mpe.jpg","width":390,"height":351},{"@type":"BreadcrumbList","@id":"https:\/\/andaluciaaerospace.com\/en\/mpe-group-new-collaboratin-partner-of-andalucia-aerospace\/#breadcrumb","itemListElement":[{"@type":"ListItem","position":1,"name":"Portada","item":"https:\/\/andaluciaaerospace.com\/en\/"},{"@type":"ListItem","position":2,"name":"MPE Group new collaboratin partner of Andaluc\u00eda Aerospace"}]},{"@type":"WebSite","@id":"https:\/\/andaluciaaerospace.com\/en\/#website","url":"https:\/\/andaluciaaerospace.com\/en\/","name":"Andaluc\u00eda Aerospace","description":"Cluster empresarial aeron\u00e1utico","potentialAction":[{"@type":"SearchAction","target":{"@type":"EntryPoint","urlTemplate":"https:\/\/andaluciaaerospace.com\/en\/?s={search_term_string}"},"query-input":{"@type":"PropertyValueSpecification","valueRequired":true,"valueName":"search_term_string"}}],"inLanguage":"en-US"},{"@type":"Person","@id":"https:\/\/andaluciaaerospace.com\/en\/#\/schema\/person\/f31cd29a7bef441635ccd740480a73fe","name":"Comunicacion Andaluc\u00eda Aerospace"}]}},"_links":{"self":[{"href":"https:\/\/andaluciaaerospace.com\/en\/wp-json\/wp\/v2\/posts\/27584","targetHints":{"allow":["GET"]}}],"collection":[{"href":"https:\/\/andaluciaaerospace.com\/en\/wp-json\/wp\/v2\/posts"}],"about":[{"href":"https:\/\/andaluciaaerospace.com\/en\/wp-json\/wp\/v2\/types\/post"}],"author":[{"embeddable":true,"href":"https:\/\/andaluciaaerospace.com\/en\/wp-json\/wp\/v2\/users\/7"}],"replies":[{"embeddable":true,"href":"https:\/\/andaluciaaerospace.com\/en\/wp-json\/wp\/v2\/comments?post=27584"}],"version-history":[{"count":1,"href":"https:\/\/andaluciaaerospace.com\/en\/wp-json\/wp\/v2\/posts\/27584\/revisions"}],"predecessor-version":[{"id":27589,"href":"https:\/\/andaluciaaerospace.com\/en\/wp-json\/wp\/v2\/posts\/27584\/revisions\/27589"}],"wp:featuredmedia":[{"embeddable":true,"href":"https:\/\/andaluciaaerospace.com\/en\/wp-json\/wp\/v2\/media\/27586"}],"wp:attachment":[{"href":"https:\/\/andaluciaaerospace.com\/en\/wp-json\/wp\/v2\/media?parent=27584"}],"wp:term":[{"taxonomy":"category","embeddable":true,"href":"https:\/\/andaluciaaerospace.com\/en\/wp-json\/wp\/v2\/categories?post=27584"},{"taxonomy":"post_tag","embeddable":true,"href":"https:\/\/andaluciaaerospace.com\/en\/wp-json\/wp\/v2\/tags?post=27584"}],"curies":[{"name":"wp","href":"https:\/\/api.w.org\/{rel}","templated":true}]}}