{"id":26400,"date":"2022-10-26T09:55:08","date_gmt":"2022-10-26T07:55:08","guid":{"rendered":"https:\/\/andaluciaaerospace.com\/la-confederacion-de-empresarios-de-andalucia-respalda-la-candidatura-de-sevilla-para-la-agencia-aeroespacial-espanola\/"},"modified":"2023-10-16T10:38:18","modified_gmt":"2023-10-16T08:38:18","slug":"la-confederacion-de-empresarios-de-andalucia-respalda-la-candidatura-de-sevilla-para-la-agencia-aeroespacial-espanola","status":"publish","type":"post","link":"https:\/\/andaluciaaerospace.com\/en\/la-confederacion-de-empresarios-de-andalucia-respalda-la-candidatura-de-sevilla-para-la-agencia-aeroespacial-espanola\/","title":{"rendered":"Andalusian entrepreneurs support Seville&#8217;s candidacy for the Spanish Space Agency"},"content":{"rendered":"<p>The Seville City Council, headed by its mayor, Antonio Mu\u00f1oz, held a working meeting this Tuesday with members of the Aerospace and Defense Industry Commission of the Andalusian Confederation of Employers, led by the president of this commission and president of Andaluc\u00eda Aerospace, Antonio G\u00f3mez-Guillam\u00f3n Manrique, and the secretary general of the CEA itself, Luis Fern\u00e1ndez-Palacios Gonz\u00e1lez de Castej\u00f3n, to explain the details of the candidacy of the city of Seville to host the headquarters of the future Spanish Space Agency. Mu\u00f1oz has obtained the support of the CEA for a candidacy that, he stressed the alderman, not only benefits the city, but the whole of the aerospace industry in Andalusia.<\/p>\n<p>In this meeting, where they have also been present, as members of the Commission of Aerospace Industry and Defense of the Confederation of Employers of Andalusia, representatives of various companies in the aerospace industry (Gaha Aranda, Ghenova Engineering, ADA-ITS, Pegasus AERO Group and Solarmems), the Federation of Metal Companies of Seville (Fedeme) and our business cluster Andaluc\u00eda Aerospace, as well as the president of the Confederation of Employers of Seville (CES), Miguel Rus, and where the broad business and social support that Seville&#8217;s candidacy is obtaining was highlighted.<\/p>\n","protected":false},"excerpt":{"rendered":"<p>The Seville City Council, headed by its mayor, Antonio Mu\u00f1oz, held a working meeting this Tuesday with members of the Aerospace and Defense Industry Commission of the Andalusian Confederation of Employers, led by the president of this commission and president of Andaluc\u00eda Aerospace, Antonio G\u00f3mez-Guillam\u00f3n Manrique, and the secretary general of the CEA itself, Luis<\/p>\n<a class=\"btn btn-primary read-more-button\" href=\"https:\/\/andaluciaaerospace.com\/en\/la-confederacion-de-empresarios-de-andalucia-respalda-la-candidatura-de-sevilla-para-la-agencia-aeroespacial-espanola\/\">Leer m\u00e1s...<\/a>","protected":false},"author":7,"featured_media":26313,"comment_status":"open","ping_status":"open","sticky":false,"template":"","format":"standard","meta":{"_acf_changed":false,"_bbp_topic_count":0,"_bbp_reply_count":0,"_bbp_total_topic_count":0,"_bbp_total_reply_count":0,"_bbp_voice_count":0,"_bbp_anonymous_reply_count":0,"_bbp_topic_count_hidden":0,"_bbp_reply_count_hidden":0,"_bbp_forum_subforum_count":0,"footnotes":""},"categories":[161],"tags":[],"class_list":["post-26400","post","type-post","status-publish","format-standard","has-post-thumbnail","hentry","category-cluster-news"],"acf":[],"yoast_head":"<!-- This site is optimized with the Yoast SEO plugin v23.6 - https:\/\/yoast.com\/wordpress\/plugins\/seo\/ -->\n<title>Andalusian entrepreneurs support Seville&#039;s candidacy for the Spanish Space Agency - Andaluc\u00eda Aerospace<\/title>\n<meta name=\"robots\" content=\"index, follow, max-snippet:-1, max-image-preview:large, max-video-preview:-1\" \/>\n<link rel=\"canonical\" href=\"https:\/\/andaluciaaerospace.com\/en\/la-confederacion-de-empresarios-de-andalucia-respalda-la-candidatura-de-sevilla-para-la-agencia-aeroespacial-espanola\/\" \/>\n<meta property=\"og:locale\" content=\"en_US\" \/>\n<meta property=\"og:type\" content=\"article\" \/>\n<meta property=\"og:title\" content=\"Andalusian entrepreneurs support Seville&#039;s candidacy for the Spanish Space Agency - Andaluc\u00eda Aerospace\" \/>\n<meta property=\"og:description\" content=\"The Seville City Council, headed by its mayor, Antonio Mu\u00f1oz, held a working meeting this Tuesday with members of the Aerospace and Defense Industry Commission of the Andalusian Confederation of Employers, led by the president of this commission and president of Andaluc\u00eda Aerospace, Antonio G\u00f3mez-Guillam\u00f3n Manrique, and the secretary general of the CEA itself, Luis\" \/>\n<meta property=\"og:url\" content=\"https:\/\/andaluciaaerospace.com\/en\/la-confederacion-de-empresarios-de-andalucia-respalda-la-candidatura-de-sevilla-para-la-agencia-aeroespacial-espanola\/\" \/>\n<meta property=\"og:site_name\" content=\"Andaluc\u00eda Aerospace\" \/>\n<meta property=\"article:published_time\" content=\"2022-10-26T07:55:08+00:00\" \/>\n<meta property=\"article:modified_time\" content=\"2023-10-16T08:38:18+00:00\" \/>\n<meta property=\"og:image\" content=\"https:\/\/andaluciaaerospace.com\/wp-content\/uploads\/2022\/10\/1666712736359.jpg\" \/>\n\t<meta property=\"og:image:width\" content=\"800\" \/>\n\t<meta property=\"og:image:height\" content=\"533\" \/>\n\t<meta property=\"og:image:type\" content=\"image\/jpeg\" \/>\n<meta name=\"author\" content=\"Comunicacion Andaluc\u00eda Aerospace\" \/>\n<meta name=\"twitter:card\" content=\"summary_large_image\" \/>\n<meta name=\"twitter:label1\" content=\"Written by\" \/>\n\t<meta name=\"twitter:data1\" content=\"Comunicacion Andaluc\u00eda Aerospace\" \/>\n\t<meta name=\"twitter:label2\" content=\"Est. reading time\" \/>\n\t<meta name=\"twitter:data2\" content=\"1 minute\" \/>\n<script type=\"application\/ld+json\" class=\"yoast-schema-graph\">{\"@context\":\"https:\/\/schema.org\",\"@graph\":[{\"@type\":[\"WebPage\",\"ItemPage\"],\"@id\":\"https:\/\/andaluciaaerospace.com\/en\/la-confederacion-de-empresarios-de-andalucia-respalda-la-candidatura-de-sevilla-para-la-agencia-aeroespacial-espanola\/\",\"url\":\"https:\/\/andaluciaaerospace.com\/en\/la-confederacion-de-empresarios-de-andalucia-respalda-la-candidatura-de-sevilla-para-la-agencia-aeroespacial-espanola\/\",\"name\":\"Andalusian entrepreneurs support Seville's candidacy for the Spanish Space Agency - Andaluc\u00eda Aerospace\",\"isPartOf\":{\"@id\":\"https:\/\/andaluciaaerospace.com\/en\/#website\"},\"primaryImageOfPage\":{\"@id\":\"https:\/\/andaluciaaerospace.com\/en\/la-confederacion-de-empresarios-de-andalucia-respalda-la-candidatura-de-sevilla-para-la-agencia-aeroespacial-espanola\/#primaryimage\"},\"image\":{\"@id\":\"https:\/\/andaluciaaerospace.com\/en\/la-confederacion-de-empresarios-de-andalucia-respalda-la-candidatura-de-sevilla-para-la-agencia-aeroespacial-espanola\/#primaryimage\"},\"thumbnailUrl\":\"https:\/\/andaluciaaerospace.com\/wp-content\/uploads\/2022\/10\/1666712736359.jpg\",\"datePublished\":\"2022-10-26T07:55:08+00:00\",\"dateModified\":\"2023-10-16T08:38:18+00:00\",\"author\":{\"@id\":\"https:\/\/andaluciaaerospace.com\/en\/#\/schema\/person\/f31cd29a7bef441635ccd740480a73fe\"},\"breadcrumb\":{\"@id\":\"https:\/\/andaluciaaerospace.com\/en\/la-confederacion-de-empresarios-de-andalucia-respalda-la-candidatura-de-sevilla-para-la-agencia-aeroespacial-espanola\/#breadcrumb\"},\"inLanguage\":\"en-US\",\"potentialAction\":[{\"@type\":\"ReadAction\",\"target\":[\"https:\/\/andaluciaaerospace.com\/en\/la-confederacion-de-empresarios-de-andalucia-respalda-la-candidatura-de-sevilla-para-la-agencia-aeroespacial-espanola\/\"]}]},{\"@type\":\"ImageObject\",\"inLanguage\":\"en-US\",\"@id\":\"https:\/\/andaluciaaerospace.com\/en\/la-confederacion-de-empresarios-de-andalucia-respalda-la-candidatura-de-sevilla-para-la-agencia-aeroespacial-espanola\/#primaryimage\",\"url\":\"https:\/\/andaluciaaerospace.com\/wp-content\/uploads\/2022\/10\/1666712736359.jpg\",\"contentUrl\":\"https:\/\/andaluciaaerospace.com\/wp-content\/uploads\/2022\/10\/1666712736359.jpg\",\"width\":800,\"height\":533},{\"@type\":\"BreadcrumbList\",\"@id\":\"https:\/\/andaluciaaerospace.com\/en\/la-confederacion-de-empresarios-de-andalucia-respalda-la-candidatura-de-sevilla-para-la-agencia-aeroespacial-espanola\/#breadcrumb\",\"itemListElement\":[{\"@type\":\"ListItem\",\"position\":1,\"name\":\"Portada\",\"item\":\"https:\/\/andaluciaaerospace.com\/en\/\"},{\"@type\":\"ListItem\",\"position\":2,\"name\":\"Andalusian entrepreneurs support Seville&#8217;s candidacy for the Spanish Space Agency\"}]},{\"@type\":\"WebSite\",\"@id\":\"https:\/\/andaluciaaerospace.com\/en\/#website\",\"url\":\"https:\/\/andaluciaaerospace.com\/en\/\",\"name\":\"Andaluc\u00eda Aerospace\",\"description\":\"Cluster empresarial aeron\u00e1utico\",\"potentialAction\":[{\"@type\":\"SearchAction\",\"target\":{\"@type\":\"EntryPoint\",\"urlTemplate\":\"https:\/\/andaluciaaerospace.com\/en\/?s={search_term_string}\"},\"query-input\":{\"@type\":\"PropertyValueSpecification\",\"valueRequired\":true,\"valueName\":\"search_term_string\"}}],\"inLanguage\":\"en-US\"},{\"@type\":\"Person\",\"@id\":\"https:\/\/andaluciaaerospace.com\/en\/#\/schema\/person\/f31cd29a7bef441635ccd740480a73fe\",\"name\":\"Comunicacion Andaluc\u00eda Aerospace\"}]}<\/script>\n<!-- \/ Yoast SEO plugin. -->","yoast_head_json":{"title":"Andalusian entrepreneurs support Seville's candidacy for the Spanish Space Agency - Andaluc\u00eda Aerospace","robots":{"index":"index","follow":"follow","max-snippet":"max-snippet:-1","max-image-preview":"max-image-preview:large","max-video-preview":"max-video-preview:-1"},"canonical":"https:\/\/andaluciaaerospace.com\/en\/la-confederacion-de-empresarios-de-andalucia-respalda-la-candidatura-de-sevilla-para-la-agencia-aeroespacial-espanola\/","og_locale":"en_US","og_type":"article","og_title":"Andalusian entrepreneurs support Seville's candidacy for the Spanish Space Agency - Andaluc\u00eda Aerospace","og_description":"The Seville City Council, headed by its mayor, Antonio Mu\u00f1oz, held a working meeting this Tuesday with members of the Aerospace and Defense Industry Commission of the Andalusian Confederation of Employers, led by the president of this commission and president of Andaluc\u00eda Aerospace, Antonio G\u00f3mez-Guillam\u00f3n Manrique, and the secretary general of the CEA itself, Luis","og_url":"https:\/\/andaluciaaerospace.com\/en\/la-confederacion-de-empresarios-de-andalucia-respalda-la-candidatura-de-sevilla-para-la-agencia-aeroespacial-espanola\/","og_site_name":"Andaluc\u00eda Aerospace","article_published_time":"2022-10-26T07:55:08+00:00","article_modified_time":"2023-10-16T08:38:18+00:00","og_image":[{"width":800,"height":533,"url":"https:\/\/andaluciaaerospace.com\/wp-content\/uploads\/2022\/10\/1666712736359.jpg","type":"image\/jpeg"}],"author":"Comunicacion Andaluc\u00eda Aerospace","twitter_card":"summary_large_image","twitter_misc":{"Written by":"Comunicacion Andaluc\u00eda Aerospace","Est. reading time":"1 minute"},"schema":{"@context":"https:\/\/schema.org","@graph":[{"@type":["WebPage","ItemPage"],"@id":"https:\/\/andaluciaaerospace.com\/en\/la-confederacion-de-empresarios-de-andalucia-respalda-la-candidatura-de-sevilla-para-la-agencia-aeroespacial-espanola\/","url":"https:\/\/andaluciaaerospace.com\/en\/la-confederacion-de-empresarios-de-andalucia-respalda-la-candidatura-de-sevilla-para-la-agencia-aeroespacial-espanola\/","name":"Andalusian entrepreneurs support Seville's candidacy for the Spanish Space Agency - Andaluc\u00eda Aerospace","isPartOf":{"@id":"https:\/\/andaluciaaerospace.com\/en\/#website"},"primaryImageOfPage":{"@id":"https:\/\/andaluciaaerospace.com\/en\/la-confederacion-de-empresarios-de-andalucia-respalda-la-candidatura-de-sevilla-para-la-agencia-aeroespacial-espanola\/#primaryimage"},"image":{"@id":"https:\/\/andaluciaaerospace.com\/en\/la-confederacion-de-empresarios-de-andalucia-respalda-la-candidatura-de-sevilla-para-la-agencia-aeroespacial-espanola\/#primaryimage"},"thumbnailUrl":"https:\/\/andaluciaaerospace.com\/wp-content\/uploads\/2022\/10\/1666712736359.jpg","datePublished":"2022-10-26T07:55:08+00:00","dateModified":"2023-10-16T08:38:18+00:00","author":{"@id":"https:\/\/andaluciaaerospace.com\/en\/#\/schema\/person\/f31cd29a7bef441635ccd740480a73fe"},"breadcrumb":{"@id":"https:\/\/andaluciaaerospace.com\/en\/la-confederacion-de-empresarios-de-andalucia-respalda-la-candidatura-de-sevilla-para-la-agencia-aeroespacial-espanola\/#breadcrumb"},"inLanguage":"en-US","potentialAction":[{"@type":"ReadAction","target":["https:\/\/andaluciaaerospace.com\/en\/la-confederacion-de-empresarios-de-andalucia-respalda-la-candidatura-de-sevilla-para-la-agencia-aeroespacial-espanola\/"]}]},{"@type":"ImageObject","inLanguage":"en-US","@id":"https:\/\/andaluciaaerospace.com\/en\/la-confederacion-de-empresarios-de-andalucia-respalda-la-candidatura-de-sevilla-para-la-agencia-aeroespacial-espanola\/#primaryimage","url":"https:\/\/andaluciaaerospace.com\/wp-content\/uploads\/2022\/10\/1666712736359.jpg","contentUrl":"https:\/\/andaluciaaerospace.com\/wp-content\/uploads\/2022\/10\/1666712736359.jpg","width":800,"height":533},{"@type":"BreadcrumbList","@id":"https:\/\/andaluciaaerospace.com\/en\/la-confederacion-de-empresarios-de-andalucia-respalda-la-candidatura-de-sevilla-para-la-agencia-aeroespacial-espanola\/#breadcrumb","itemListElement":[{"@type":"ListItem","position":1,"name":"Portada","item":"https:\/\/andaluciaaerospace.com\/en\/"},{"@type":"ListItem","position":2,"name":"Andalusian entrepreneurs support Seville&#8217;s candidacy for the Spanish Space Agency"}]},{"@type":"WebSite","@id":"https:\/\/andaluciaaerospace.com\/en\/#website","url":"https:\/\/andaluciaaerospace.com\/en\/","name":"Andaluc\u00eda Aerospace","description":"Cluster empresarial aeron\u00e1utico","potentialAction":[{"@type":"SearchAction","target":{"@type":"EntryPoint","urlTemplate":"https:\/\/andaluciaaerospace.com\/en\/?s={search_term_string}"},"query-input":{"@type":"PropertyValueSpecification","valueRequired":true,"valueName":"search_term_string"}}],"inLanguage":"en-US"},{"@type":"Person","@id":"https:\/\/andaluciaaerospace.com\/en\/#\/schema\/person\/f31cd29a7bef441635ccd740480a73fe","name":"Comunicacion Andaluc\u00eda Aerospace"}]}},"_links":{"self":[{"href":"https:\/\/andaluciaaerospace.com\/en\/wp-json\/wp\/v2\/posts\/26400","targetHints":{"allow":["GET"]}}],"collection":[{"href":"https:\/\/andaluciaaerospace.com\/en\/wp-json\/wp\/v2\/posts"}],"about":[{"href":"https:\/\/andaluciaaerospace.com\/en\/wp-json\/wp\/v2\/types\/post"}],"author":[{"embeddable":true,"href":"https:\/\/andaluciaaerospace.com\/en\/wp-json\/wp\/v2\/users\/7"}],"replies":[{"embeddable":true,"href":"https:\/\/andaluciaaerospace.com\/en\/wp-json\/wp\/v2\/comments?post=26400"}],"version-history":[{"count":2,"href":"https:\/\/andaluciaaerospace.com\/en\/wp-json\/wp\/v2\/posts\/26400\/revisions"}],"predecessor-version":[{"id":27524,"href":"https:\/\/andaluciaaerospace.com\/en\/wp-json\/wp\/v2\/posts\/26400\/revisions\/27524"}],"wp:featuredmedia":[{"embeddable":true,"href":"https:\/\/andaluciaaerospace.com\/en\/wp-json\/wp\/v2\/media\/26313"}],"wp:attachment":[{"href":"https:\/\/andaluciaaerospace.com\/en\/wp-json\/wp\/v2\/media?parent=26400"}],"wp:term":[{"taxonomy":"category","embeddable":true,"href":"https:\/\/andaluciaaerospace.com\/en\/wp-json\/wp\/v2\/categories?post=26400"},{"taxonomy":"post_tag","embeddable":true,"href":"https:\/\/andaluciaaerospace.com\/en\/wp-json\/wp\/v2\/tags?post=26400"}],"curies":[{"name":"wp","href":"https:\/\/api.w.org\/{rel}","templated":true}]}}