{"id":26396,"date":"2022-10-27T10:15:15","date_gmt":"2022-10-27T08:15:15","guid":{"rendered":"https:\/\/andaluciaaerospace.com\/la-junta-de-andalucia-y-andalucia-aerospace-juntos-para-fortalecer-el-sector-aeroespacial-en-el-mercado\/"},"modified":"2022-11-09T09:52:26","modified_gmt":"2022-11-09T08:52:26","slug":"la-junta-de-andalucia-y-andalucia-aerospace-juntos-para-fortalecer-el-sector-aeroespacial-en-el-mercado","status":"publish","type":"post","link":"https:\/\/andaluciaaerospace.com\/en\/la-junta-de-andalucia-y-andalucia-aerospace-juntos-para-fortalecer-el-sector-aeroespacial-en-el-mercado\/","title":{"rendered":"The Junta and Andaluc\u00eda Aerospace together to strengthen the aerospace sector"},"content":{"rendered":"<p>The Councilor for University, Research and Innovation, of the Junta de Andaluc\u00eda, Jos\u00e9 Carlos G\u00f3mez Villamandos, the president of our business cluster, Antonio G\u00f3mez-Guillam\u00f3n and its director, Juan Rom\u00e1n; They have held a working meeting to address the current situation in the sector and explore future collaboration actions in the area of \u200b\u200binnovation that will result in improving the competitiveness of their companies, strengthening their position in national and international markets.<\/p>\n<p>At the meeting, the potential of the aerospace industry in Andalusia was highlighted with the confidence that it could house the headquarters of the future Spanish Space Agency. In 2021, this sector remained above 2,000 million euros in turnover, something that necessarily involves reinforcing the promotion of its business fabric in international markets, diversifying its lines of business and products, and delving into technological innovation, satisfying the training needs.<\/p>\n<p>The Andalusian Aerospace Strategy stems from the desire to provide this industry, the engine of economic growth and competitiveness, with a comprehensive planning instrument due to its strategic nature and its ability to promote conversion towards a new production model based on innovation and knowledge.<\/p>\n","protected":false},"excerpt":{"rendered":"<p>The Councilor for University, Research and Innovation, of the Junta de Andaluc\u00eda, Jos\u00e9 Carlos G\u00f3mez Villamandos, the president of our business cluster, Antonio G\u00f3mez-Guillam\u00f3n and its director, Juan Rom\u00e1n; They have held a working meeting to address the current situation in the sector and explore future collaboration actions in the area of \u200b\u200binnovation that will<\/p>\n<a class=\"btn btn-primary read-more-button\" href=\"https:\/\/andaluciaaerospace.com\/en\/la-junta-de-andalucia-y-andalucia-aerospace-juntos-para-fortalecer-el-sector-aeroespacial-en-el-mercado\/\">Leer m\u00e1s...<\/a>","protected":false},"author":7,"featured_media":26319,"comment_status":"open","ping_status":"open","sticky":false,"template":"","format":"standard","meta":{"_acf_changed":false,"_bbp_topic_count":0,"_bbp_reply_count":0,"_bbp_total_topic_count":0,"_bbp_total_reply_count":0,"_bbp_voice_count":0,"_bbp_anonymous_reply_count":0,"_bbp_topic_count_hidden":0,"_bbp_reply_count_hidden":0,"_bbp_forum_subforum_count":0,"footnotes":""},"categories":[161],"tags":[],"class_list":["post-26396","post","type-post","status-publish","format-standard","has-post-thumbnail","hentry","category-cluster-news"],"acf":[],"yoast_head":"<!-- This site is optimized with the Yoast SEO plugin v23.6 - https:\/\/yoast.com\/wordpress\/plugins\/seo\/ -->\n<title>The Junta and Andaluc\u00eda Aerospace together to strengthen the aerospace sector - Andaluc\u00eda Aerospace<\/title>\n<meta name=\"robots\" content=\"index, follow, max-snippet:-1, max-image-preview:large, max-video-preview:-1\" \/>\n<link rel=\"canonical\" href=\"https:\/\/andaluciaaerospace.com\/en\/la-junta-de-andalucia-y-andalucia-aerospace-juntos-para-fortalecer-el-sector-aeroespacial-en-el-mercado\/\" \/>\n<meta property=\"og:locale\" content=\"en_US\" \/>\n<meta property=\"og:type\" content=\"article\" \/>\n<meta property=\"og:title\" content=\"The Junta and Andaluc\u00eda Aerospace together to strengthen the aerospace sector - Andaluc\u00eda Aerospace\" \/>\n<meta property=\"og:description\" content=\"The Councilor for University, Research and Innovation, of the Junta de Andaluc\u00eda, Jos\u00e9 Carlos G\u00f3mez Villamandos, the president of our business cluster, Antonio G\u00f3mez-Guillam\u00f3n and its director, Juan Rom\u00e1n; They have held a working meeting to address the current situation in the sector and explore future collaboration actions in the area of \u200b\u200binnovation that will\" \/>\n<meta property=\"og:url\" content=\"https:\/\/andaluciaaerospace.com\/en\/la-junta-de-andalucia-y-andalucia-aerospace-juntos-para-fortalecer-el-sector-aeroespacial-en-el-mercado\/\" \/>\n<meta property=\"og:site_name\" content=\"Andaluc\u00eda Aerospace\" \/>\n<meta property=\"article:published_time\" content=\"2022-10-27T08:15:15+00:00\" \/>\n<meta property=\"article:modified_time\" content=\"2022-11-09T08:52:26+00:00\" \/>\n<meta property=\"og:image\" content=\"http:\/\/andaluciaaerospace.com\/wp-content\/uploads\/2022\/10\/Montajes-fotos-para-correo-y-weekly.png\" \/>\n\t<meta property=\"og:image:width\" content=\"1600\" \/>\n\t<meta property=\"og:image:height\" content=\"900\" \/>\n\t<meta property=\"og:image:type\" content=\"image\/png\" \/>\n<meta name=\"author\" content=\"Comunicacion Andaluc\u00eda Aerospace\" \/>\n<meta name=\"twitter:card\" content=\"summary_large_image\" \/>\n<meta name=\"twitter:label1\" content=\"Written by\" \/>\n\t<meta name=\"twitter:data1\" content=\"Comunicacion Andaluc\u00eda Aerospace\" \/>\n\t<meta name=\"twitter:label2\" content=\"Est. reading time\" \/>\n\t<meta name=\"twitter:data2\" content=\"1 minute\" \/>\n<script type=\"application\/ld+json\" class=\"yoast-schema-graph\">{\"@context\":\"https:\/\/schema.org\",\"@graph\":[{\"@type\":[\"WebPage\",\"ItemPage\"],\"@id\":\"https:\/\/andaluciaaerospace.com\/en\/la-junta-de-andalucia-y-andalucia-aerospace-juntos-para-fortalecer-el-sector-aeroespacial-en-el-mercado\/\",\"url\":\"https:\/\/andaluciaaerospace.com\/en\/la-junta-de-andalucia-y-andalucia-aerospace-juntos-para-fortalecer-el-sector-aeroespacial-en-el-mercado\/\",\"name\":\"The Junta and Andaluc\u00eda Aerospace together to strengthen the aerospace sector - Andaluc\u00eda Aerospace\",\"isPartOf\":{\"@id\":\"https:\/\/andaluciaaerospace.com\/en\/#website\"},\"primaryImageOfPage\":{\"@id\":\"https:\/\/andaluciaaerospace.com\/en\/la-junta-de-andalucia-y-andalucia-aerospace-juntos-para-fortalecer-el-sector-aeroespacial-en-el-mercado\/#primaryimage\"},\"image\":{\"@id\":\"https:\/\/andaluciaaerospace.com\/en\/la-junta-de-andalucia-y-andalucia-aerospace-juntos-para-fortalecer-el-sector-aeroespacial-en-el-mercado\/#primaryimage\"},\"thumbnailUrl\":\"https:\/\/andaluciaaerospace.com\/wp-content\/uploads\/2022\/10\/Montajes-fotos-para-correo-y-weekly.png\",\"datePublished\":\"2022-10-27T08:15:15+00:00\",\"dateModified\":\"2022-11-09T08:52:26+00:00\",\"author\":{\"@id\":\"https:\/\/andaluciaaerospace.com\/en\/#\/schema\/person\/f31cd29a7bef441635ccd740480a73fe\"},\"breadcrumb\":{\"@id\":\"https:\/\/andaluciaaerospace.com\/en\/la-junta-de-andalucia-y-andalucia-aerospace-juntos-para-fortalecer-el-sector-aeroespacial-en-el-mercado\/#breadcrumb\"},\"inLanguage\":\"en-US\",\"potentialAction\":[{\"@type\":\"ReadAction\",\"target\":[\"https:\/\/andaluciaaerospace.com\/en\/la-junta-de-andalucia-y-andalucia-aerospace-juntos-para-fortalecer-el-sector-aeroespacial-en-el-mercado\/\"]}]},{\"@type\":\"ImageObject\",\"inLanguage\":\"en-US\",\"@id\":\"https:\/\/andaluciaaerospace.com\/en\/la-junta-de-andalucia-y-andalucia-aerospace-juntos-para-fortalecer-el-sector-aeroespacial-en-el-mercado\/#primaryimage\",\"url\":\"https:\/\/andaluciaaerospace.com\/wp-content\/uploads\/2022\/10\/Montajes-fotos-para-correo-y-weekly.png\",\"contentUrl\":\"https:\/\/andaluciaaerospace.com\/wp-content\/uploads\/2022\/10\/Montajes-fotos-para-correo-y-weekly.png\",\"width\":1600,\"height\":900},{\"@type\":\"BreadcrumbList\",\"@id\":\"https:\/\/andaluciaaerospace.com\/en\/la-junta-de-andalucia-y-andalucia-aerospace-juntos-para-fortalecer-el-sector-aeroespacial-en-el-mercado\/#breadcrumb\",\"itemListElement\":[{\"@type\":\"ListItem\",\"position\":1,\"name\":\"Portada\",\"item\":\"https:\/\/andaluciaaerospace.com\/en\/\"},{\"@type\":\"ListItem\",\"position\":2,\"name\":\"The Junta and Andaluc\u00eda Aerospace together to strengthen the aerospace sector\"}]},{\"@type\":\"WebSite\",\"@id\":\"https:\/\/andaluciaaerospace.com\/en\/#website\",\"url\":\"https:\/\/andaluciaaerospace.com\/en\/\",\"name\":\"Andaluc\u00eda Aerospace\",\"description\":\"Cluster empresarial aeron\u00e1utico\",\"potentialAction\":[{\"@type\":\"SearchAction\",\"target\":{\"@type\":\"EntryPoint\",\"urlTemplate\":\"https:\/\/andaluciaaerospace.com\/en\/?s={search_term_string}\"},\"query-input\":{\"@type\":\"PropertyValueSpecification\",\"valueRequired\":true,\"valueName\":\"search_term_string\"}}],\"inLanguage\":\"en-US\"},{\"@type\":\"Person\",\"@id\":\"https:\/\/andaluciaaerospace.com\/en\/#\/schema\/person\/f31cd29a7bef441635ccd740480a73fe\",\"name\":\"Comunicacion Andaluc\u00eda Aerospace\"}]}<\/script>\n<!-- \/ Yoast SEO plugin. -->","yoast_head_json":{"title":"The Junta and Andaluc\u00eda Aerospace together to strengthen the aerospace sector - Andaluc\u00eda Aerospace","robots":{"index":"index","follow":"follow","max-snippet":"max-snippet:-1","max-image-preview":"max-image-preview:large","max-video-preview":"max-video-preview:-1"},"canonical":"https:\/\/andaluciaaerospace.com\/en\/la-junta-de-andalucia-y-andalucia-aerospace-juntos-para-fortalecer-el-sector-aeroespacial-en-el-mercado\/","og_locale":"en_US","og_type":"article","og_title":"The Junta and Andaluc\u00eda Aerospace together to strengthen the aerospace sector - Andaluc\u00eda Aerospace","og_description":"The Councilor for University, Research and Innovation, of the Junta de Andaluc\u00eda, Jos\u00e9 Carlos G\u00f3mez Villamandos, the president of our business cluster, Antonio G\u00f3mez-Guillam\u00f3n and its director, Juan Rom\u00e1n; They have held a working meeting to address the current situation in the sector and explore future collaboration actions in the area of \u200b\u200binnovation that will","og_url":"https:\/\/andaluciaaerospace.com\/en\/la-junta-de-andalucia-y-andalucia-aerospace-juntos-para-fortalecer-el-sector-aeroespacial-en-el-mercado\/","og_site_name":"Andaluc\u00eda Aerospace","article_published_time":"2022-10-27T08:15:15+00:00","article_modified_time":"2022-11-09T08:52:26+00:00","og_image":[{"width":1600,"height":900,"url":"http:\/\/andaluciaaerospace.com\/wp-content\/uploads\/2022\/10\/Montajes-fotos-para-correo-y-weekly.png","type":"image\/png"}],"author":"Comunicacion Andaluc\u00eda Aerospace","twitter_card":"summary_large_image","twitter_misc":{"Written by":"Comunicacion Andaluc\u00eda Aerospace","Est. reading time":"1 minute"},"schema":{"@context":"https:\/\/schema.org","@graph":[{"@type":["WebPage","ItemPage"],"@id":"https:\/\/andaluciaaerospace.com\/en\/la-junta-de-andalucia-y-andalucia-aerospace-juntos-para-fortalecer-el-sector-aeroespacial-en-el-mercado\/","url":"https:\/\/andaluciaaerospace.com\/en\/la-junta-de-andalucia-y-andalucia-aerospace-juntos-para-fortalecer-el-sector-aeroespacial-en-el-mercado\/","name":"The Junta and Andaluc\u00eda Aerospace together to strengthen the aerospace sector - Andaluc\u00eda Aerospace","isPartOf":{"@id":"https:\/\/andaluciaaerospace.com\/en\/#website"},"primaryImageOfPage":{"@id":"https:\/\/andaluciaaerospace.com\/en\/la-junta-de-andalucia-y-andalucia-aerospace-juntos-para-fortalecer-el-sector-aeroespacial-en-el-mercado\/#primaryimage"},"image":{"@id":"https:\/\/andaluciaaerospace.com\/en\/la-junta-de-andalucia-y-andalucia-aerospace-juntos-para-fortalecer-el-sector-aeroespacial-en-el-mercado\/#primaryimage"},"thumbnailUrl":"https:\/\/andaluciaaerospace.com\/wp-content\/uploads\/2022\/10\/Montajes-fotos-para-correo-y-weekly.png","datePublished":"2022-10-27T08:15:15+00:00","dateModified":"2022-11-09T08:52:26+00:00","author":{"@id":"https:\/\/andaluciaaerospace.com\/en\/#\/schema\/person\/f31cd29a7bef441635ccd740480a73fe"},"breadcrumb":{"@id":"https:\/\/andaluciaaerospace.com\/en\/la-junta-de-andalucia-y-andalucia-aerospace-juntos-para-fortalecer-el-sector-aeroespacial-en-el-mercado\/#breadcrumb"},"inLanguage":"en-US","potentialAction":[{"@type":"ReadAction","target":["https:\/\/andaluciaaerospace.com\/en\/la-junta-de-andalucia-y-andalucia-aerospace-juntos-para-fortalecer-el-sector-aeroespacial-en-el-mercado\/"]}]},{"@type":"ImageObject","inLanguage":"en-US","@id":"https:\/\/andaluciaaerospace.com\/en\/la-junta-de-andalucia-y-andalucia-aerospace-juntos-para-fortalecer-el-sector-aeroespacial-en-el-mercado\/#primaryimage","url":"https:\/\/andaluciaaerospace.com\/wp-content\/uploads\/2022\/10\/Montajes-fotos-para-correo-y-weekly.png","contentUrl":"https:\/\/andaluciaaerospace.com\/wp-content\/uploads\/2022\/10\/Montajes-fotos-para-correo-y-weekly.png","width":1600,"height":900},{"@type":"BreadcrumbList","@id":"https:\/\/andaluciaaerospace.com\/en\/la-junta-de-andalucia-y-andalucia-aerospace-juntos-para-fortalecer-el-sector-aeroespacial-en-el-mercado\/#breadcrumb","itemListElement":[{"@type":"ListItem","position":1,"name":"Portada","item":"https:\/\/andaluciaaerospace.com\/en\/"},{"@type":"ListItem","position":2,"name":"The Junta and Andaluc\u00eda Aerospace together to strengthen the aerospace sector"}]},{"@type":"WebSite","@id":"https:\/\/andaluciaaerospace.com\/en\/#website","url":"https:\/\/andaluciaaerospace.com\/en\/","name":"Andaluc\u00eda Aerospace","description":"Cluster empresarial aeron\u00e1utico","potentialAction":[{"@type":"SearchAction","target":{"@type":"EntryPoint","urlTemplate":"https:\/\/andaluciaaerospace.com\/en\/?s={search_term_string}"},"query-input":{"@type":"PropertyValueSpecification","valueRequired":true,"valueName":"search_term_string"}}],"inLanguage":"en-US"},{"@type":"Person","@id":"https:\/\/andaluciaaerospace.com\/en\/#\/schema\/person\/f31cd29a7bef441635ccd740480a73fe","name":"Comunicacion Andaluc\u00eda Aerospace"}]}},"_links":{"self":[{"href":"https:\/\/andaluciaaerospace.com\/en\/wp-json\/wp\/v2\/posts\/26396","targetHints":{"allow":["GET"]}}],"collection":[{"href":"https:\/\/andaluciaaerospace.com\/en\/wp-json\/wp\/v2\/posts"}],"about":[{"href":"https:\/\/andaluciaaerospace.com\/en\/wp-json\/wp\/v2\/types\/post"}],"author":[{"embeddable":true,"href":"https:\/\/andaluciaaerospace.com\/en\/wp-json\/wp\/v2\/users\/7"}],"replies":[{"embeddable":true,"href":"https:\/\/andaluciaaerospace.com\/en\/wp-json\/wp\/v2\/comments?post=26396"}],"version-history":[{"count":2,"href":"https:\/\/andaluciaaerospace.com\/en\/wp-json\/wp\/v2\/posts\/26396\/revisions"}],"predecessor-version":[{"id":26398,"href":"https:\/\/andaluciaaerospace.com\/en\/wp-json\/wp\/v2\/posts\/26396\/revisions\/26398"}],"wp:featuredmedia":[{"embeddable":true,"href":"https:\/\/andaluciaaerospace.com\/en\/wp-json\/wp\/v2\/media\/26319"}],"wp:attachment":[{"href":"https:\/\/andaluciaaerospace.com\/en\/wp-json\/wp\/v2\/media?parent=26396"}],"wp:term":[{"taxonomy":"category","embeddable":true,"href":"https:\/\/andaluciaaerospace.com\/en\/wp-json\/wp\/v2\/categories?post=26396"},{"taxonomy":"post_tag","embeddable":true,"href":"https:\/\/andaluciaaerospace.com\/en\/wp-json\/wp\/v2\/tags?post=26396"}],"curies":[{"name":"wp","href":"https:\/\/api.w.org\/{rel}","templated":true}]}}