{"id":25196,"date":"2021-09-13T15:50:57","date_gmt":"2021-09-13T13:50:57","guid":{"rendered":"https:\/\/andaluciaaerospace.com\/comision-de-internacionalizacion-promover-la-marca-andalucia-aeroespacial-en-el-mundo\/"},"modified":"2021-09-13T15:50:57","modified_gmt":"2021-09-13T13:50:57","slug":"comision-de-internacionalizacion-promover-la-marca-andalucia-aeroespacial-en-el-mundo","status":"publish","type":"post","link":"https:\/\/andaluciaaerospace.com\/en\/comision-de-internacionalizacion-promover-la-marca-andalucia-aeroespacial-en-el-mundo\/","title":{"rendered":"Comisi\u00f3n de Internacionalizaci\u00f3n: Promover la marca Andaluc\u00eda Aeroespacial en el mundo"},"content":{"rendered":"<p>Se ha celebrado la primera reuni\u00f3n de este grupo de trabajo en el cl\u00faster. Se aportaron muchas ideas sobre <strong>promover mayor presencia de la marca Andaluc\u00eda Aeroespacial en el mundo<\/strong>. Se explicaron los t\u00e9rminos del acuerdo de colaboraci\u00f3n firmado recientemente con Extenda. El grupo ha quedado emplazado a priorizar acciones para tener un plan estrat\u00e9gico de internacionalizaci\u00f3n de nuestras empresas<\/p>\n","protected":false},"excerpt":{"rendered":"<p>Se ha celebrado la primera reuni\u00f3n de este grupo de trabajo en el cl\u00faster. Se aportaron muchas ideas sobre promover mayor presencia de la marca Andaluc\u00eda Aeroespacial en el mundo. Se explicaron los t\u00e9rminos del acuerdo de colaboraci\u00f3n firmado recientemente con Extenda. El grupo ha quedado emplazado a priorizar acciones para tener un plan estrat\u00e9gico<\/p>\n<a class=\"btn btn-primary read-more-button\" href=\"https:\/\/andaluciaaerospace.com\/en\/comision-de-internacionalizacion-promover-la-marca-andalucia-aeroespacial-en-el-mundo\/\">Leer m\u00e1s...<\/a>","protected":false},"author":7,"featured_media":25014,"comment_status":"open","ping_status":"open","sticky":false,"template":"","format":"standard","meta":{"_acf_changed":false,"_bbp_topic_count":0,"_bbp_reply_count":0,"_bbp_total_topic_count":0,"_bbp_total_reply_count":0,"_bbp_voice_count":0,"_bbp_anonymous_reply_count":0,"_bbp_topic_count_hidden":0,"_bbp_reply_count_hidden":0,"_bbp_forum_subforum_count":0,"footnotes":""},"categories":[225,156],"tags":[],"class_list":["post-25196","post","type-post","status-publish","format-standard","has-post-thumbnail","hentry","category-comision-de-internacionalizacion-en","category-comissions"],"acf":[],"yoast_head":"<!-- This site is optimized with the Yoast SEO plugin v23.6 - https:\/\/yoast.com\/wordpress\/plugins\/seo\/ -->\n<title>Comisi\u00f3n de Internacionalizaci\u00f3n: Promover la marca Andaluc\u00eda Aeroespacial en el mundo - Andaluc\u00eda Aerospace<\/title>\n<meta name=\"robots\" content=\"index, follow, max-snippet:-1, max-image-preview:large, max-video-preview:-1\" \/>\n<link rel=\"canonical\" href=\"https:\/\/andaluciaaerospace.com\/en\/comision-de-internacionalizacion-promover-la-marca-andalucia-aeroespacial-en-el-mundo\/\" \/>\n<meta property=\"og:locale\" content=\"en_US\" \/>\n<meta property=\"og:type\" content=\"article\" \/>\n<meta property=\"og:title\" content=\"Comisi\u00f3n de Internacionalizaci\u00f3n: Promover la marca Andaluc\u00eda Aeroespacial en el mundo - Andaluc\u00eda Aerospace\" \/>\n<meta property=\"og:description\" content=\"Se ha celebrado la primera reuni\u00f3n de este grupo de trabajo en el cl\u00faster. Se aportaron muchas ideas sobre promover mayor presencia de la marca Andaluc\u00eda Aeroespacial en el mundo. Se explicaron los t\u00e9rminos del acuerdo de colaboraci\u00f3n firmado recientemente con Extenda. El grupo ha quedado emplazado a priorizar acciones para tener un plan estrat\u00e9gico\" \/>\n<meta property=\"og:url\" content=\"https:\/\/andaluciaaerospace.com\/en\/comision-de-internacionalizacion-promover-la-marca-andalucia-aeroespacial-en-el-mundo\/\" \/>\n<meta property=\"og:site_name\" content=\"Andaluc\u00eda Aerospace\" \/>\n<meta property=\"article:published_time\" content=\"2021-09-13T13:50:57+00:00\" \/>\n<meta property=\"og:image\" content=\"https:\/\/andaluciaaerospace.com\/wp-content\/uploads\/2021\/11\/ReunionGrupoInternaionalizacionfinal-e1636382825147.png\" \/>\n\t<meta property=\"og:image:width\" content=\"1600\" \/>\n\t<meta property=\"og:image:height\" content=\"900\" \/>\n\t<meta property=\"og:image:type\" content=\"image\/png\" \/>\n<meta name=\"author\" content=\"Comunicacion Andaluc\u00eda Aerospace\" \/>\n<meta name=\"twitter:card\" content=\"summary_large_image\" \/>\n<meta name=\"twitter:label1\" content=\"Written by\" \/>\n\t<meta name=\"twitter:data1\" content=\"Comunicacion Andaluc\u00eda Aerospace\" \/>\n\t<meta name=\"twitter:label2\" content=\"Est. reading time\" \/>\n\t<meta name=\"twitter:data2\" content=\"1 minute\" \/>\n<script type=\"application\/ld+json\" class=\"yoast-schema-graph\">{\"@context\":\"https:\/\/schema.org\",\"@graph\":[{\"@type\":[\"WebPage\",\"ItemPage\"],\"@id\":\"https:\/\/andaluciaaerospace.com\/en\/comision-de-internacionalizacion-promover-la-marca-andalucia-aeroespacial-en-el-mundo\/\",\"url\":\"https:\/\/andaluciaaerospace.com\/en\/comision-de-internacionalizacion-promover-la-marca-andalucia-aeroespacial-en-el-mundo\/\",\"name\":\"Comisi\u00f3n de Internacionalizaci\u00f3n: Promover la marca Andaluc\u00eda Aeroespacial en el mundo - Andaluc\u00eda Aerospace\",\"isPartOf\":{\"@id\":\"https:\/\/andaluciaaerospace.com\/en\/#website\"},\"primaryImageOfPage\":{\"@id\":\"https:\/\/andaluciaaerospace.com\/en\/comision-de-internacionalizacion-promover-la-marca-andalucia-aeroespacial-en-el-mundo\/#primaryimage\"},\"image\":{\"@id\":\"https:\/\/andaluciaaerospace.com\/en\/comision-de-internacionalizacion-promover-la-marca-andalucia-aeroespacial-en-el-mundo\/#primaryimage\"},\"thumbnailUrl\":\"https:\/\/andaluciaaerospace.com\/wp-content\/uploads\/2021\/11\/ReunionGrupoInternaionalizacionfinal-e1636382825147.png\",\"datePublished\":\"2021-09-13T13:50:57+00:00\",\"dateModified\":\"2021-09-13T13:50:57+00:00\",\"author\":{\"@id\":\"https:\/\/andaluciaaerospace.com\/en\/#\/schema\/person\/f31cd29a7bef441635ccd740480a73fe\"},\"breadcrumb\":{\"@id\":\"https:\/\/andaluciaaerospace.com\/en\/comision-de-internacionalizacion-promover-la-marca-andalucia-aeroespacial-en-el-mundo\/#breadcrumb\"},\"inLanguage\":\"en-US\",\"potentialAction\":[{\"@type\":\"ReadAction\",\"target\":[\"https:\/\/andaluciaaerospace.com\/en\/comision-de-internacionalizacion-promover-la-marca-andalucia-aeroespacial-en-el-mundo\/\"]}]},{\"@type\":\"ImageObject\",\"inLanguage\":\"en-US\",\"@id\":\"https:\/\/andaluciaaerospace.com\/en\/comision-de-internacionalizacion-promover-la-marca-andalucia-aeroespacial-en-el-mundo\/#primaryimage\",\"url\":\"https:\/\/andaluciaaerospace.com\/wp-content\/uploads\/2021\/11\/ReunionGrupoInternaionalizacionfinal-e1636382825147.png\",\"contentUrl\":\"https:\/\/andaluciaaerospace.com\/wp-content\/uploads\/2021\/11\/ReunionGrupoInternaionalizacionfinal-e1636382825147.png\",\"width\":1600,\"height\":900},{\"@type\":\"BreadcrumbList\",\"@id\":\"https:\/\/andaluciaaerospace.com\/en\/comision-de-internacionalizacion-promover-la-marca-andalucia-aeroespacial-en-el-mundo\/#breadcrumb\",\"itemListElement\":[{\"@type\":\"ListItem\",\"position\":1,\"name\":\"Portada\",\"item\":\"https:\/\/andaluciaaerospace.com\/en\/\"},{\"@type\":\"ListItem\",\"position\":2,\"name\":\"Comisi\u00f3n de Internacionalizaci\u00f3n: Promover la marca Andaluc\u00eda Aeroespacial en el mundo\"}]},{\"@type\":\"WebSite\",\"@id\":\"https:\/\/andaluciaaerospace.com\/en\/#website\",\"url\":\"https:\/\/andaluciaaerospace.com\/en\/\",\"name\":\"Andaluc\u00eda Aerospace\",\"description\":\"Cluster empresarial aeron\u00e1utico\",\"potentialAction\":[{\"@type\":\"SearchAction\",\"target\":{\"@type\":\"EntryPoint\",\"urlTemplate\":\"https:\/\/andaluciaaerospace.com\/en\/?s={search_term_string}\"},\"query-input\":{\"@type\":\"PropertyValueSpecification\",\"valueRequired\":true,\"valueName\":\"search_term_string\"}}],\"inLanguage\":\"en-US\"},{\"@type\":\"Person\",\"@id\":\"https:\/\/andaluciaaerospace.com\/en\/#\/schema\/person\/f31cd29a7bef441635ccd740480a73fe\",\"name\":\"Comunicacion Andaluc\u00eda Aerospace\"}]}<\/script>\n<!-- \/ Yoast SEO plugin. -->","yoast_head_json":{"title":"Comisi\u00f3n de Internacionalizaci\u00f3n: Promover la marca Andaluc\u00eda Aeroespacial en el mundo - Andaluc\u00eda Aerospace","robots":{"index":"index","follow":"follow","max-snippet":"max-snippet:-1","max-image-preview":"max-image-preview:large","max-video-preview":"max-video-preview:-1"},"canonical":"https:\/\/andaluciaaerospace.com\/en\/comision-de-internacionalizacion-promover-la-marca-andalucia-aeroespacial-en-el-mundo\/","og_locale":"en_US","og_type":"article","og_title":"Comisi\u00f3n de Internacionalizaci\u00f3n: Promover la marca Andaluc\u00eda Aeroespacial en el mundo - Andaluc\u00eda Aerospace","og_description":"Se ha celebrado la primera reuni\u00f3n de este grupo de trabajo en el cl\u00faster. Se aportaron muchas ideas sobre promover mayor presencia de la marca Andaluc\u00eda Aeroespacial en el mundo. Se explicaron los t\u00e9rminos del acuerdo de colaboraci\u00f3n firmado recientemente con Extenda. El grupo ha quedado emplazado a priorizar acciones para tener un plan estrat\u00e9gico","og_url":"https:\/\/andaluciaaerospace.com\/en\/comision-de-internacionalizacion-promover-la-marca-andalucia-aeroespacial-en-el-mundo\/","og_site_name":"Andaluc\u00eda Aerospace","article_published_time":"2021-09-13T13:50:57+00:00","og_image":[{"width":1600,"height":900,"url":"https:\/\/andaluciaaerospace.com\/wp-content\/uploads\/2021\/11\/ReunionGrupoInternaionalizacionfinal-e1636382825147.png","type":"image\/png"}],"author":"Comunicacion Andaluc\u00eda Aerospace","twitter_card":"summary_large_image","twitter_misc":{"Written by":"Comunicacion Andaluc\u00eda Aerospace","Est. reading time":"1 minute"},"schema":{"@context":"https:\/\/schema.org","@graph":[{"@type":["WebPage","ItemPage"],"@id":"https:\/\/andaluciaaerospace.com\/en\/comision-de-internacionalizacion-promover-la-marca-andalucia-aeroespacial-en-el-mundo\/","url":"https:\/\/andaluciaaerospace.com\/en\/comision-de-internacionalizacion-promover-la-marca-andalucia-aeroespacial-en-el-mundo\/","name":"Comisi\u00f3n de Internacionalizaci\u00f3n: Promover la marca Andaluc\u00eda Aeroespacial en el mundo - Andaluc\u00eda Aerospace","isPartOf":{"@id":"https:\/\/andaluciaaerospace.com\/en\/#website"},"primaryImageOfPage":{"@id":"https:\/\/andaluciaaerospace.com\/en\/comision-de-internacionalizacion-promover-la-marca-andalucia-aeroespacial-en-el-mundo\/#primaryimage"},"image":{"@id":"https:\/\/andaluciaaerospace.com\/en\/comision-de-internacionalizacion-promover-la-marca-andalucia-aeroespacial-en-el-mundo\/#primaryimage"},"thumbnailUrl":"https:\/\/andaluciaaerospace.com\/wp-content\/uploads\/2021\/11\/ReunionGrupoInternaionalizacionfinal-e1636382825147.png","datePublished":"2021-09-13T13:50:57+00:00","dateModified":"2021-09-13T13:50:57+00:00","author":{"@id":"https:\/\/andaluciaaerospace.com\/en\/#\/schema\/person\/f31cd29a7bef441635ccd740480a73fe"},"breadcrumb":{"@id":"https:\/\/andaluciaaerospace.com\/en\/comision-de-internacionalizacion-promover-la-marca-andalucia-aeroespacial-en-el-mundo\/#breadcrumb"},"inLanguage":"en-US","potentialAction":[{"@type":"ReadAction","target":["https:\/\/andaluciaaerospace.com\/en\/comision-de-internacionalizacion-promover-la-marca-andalucia-aeroespacial-en-el-mundo\/"]}]},{"@type":"ImageObject","inLanguage":"en-US","@id":"https:\/\/andaluciaaerospace.com\/en\/comision-de-internacionalizacion-promover-la-marca-andalucia-aeroespacial-en-el-mundo\/#primaryimage","url":"https:\/\/andaluciaaerospace.com\/wp-content\/uploads\/2021\/11\/ReunionGrupoInternaionalizacionfinal-e1636382825147.png","contentUrl":"https:\/\/andaluciaaerospace.com\/wp-content\/uploads\/2021\/11\/ReunionGrupoInternaionalizacionfinal-e1636382825147.png","width":1600,"height":900},{"@type":"BreadcrumbList","@id":"https:\/\/andaluciaaerospace.com\/en\/comision-de-internacionalizacion-promover-la-marca-andalucia-aeroespacial-en-el-mundo\/#breadcrumb","itemListElement":[{"@type":"ListItem","position":1,"name":"Portada","item":"https:\/\/andaluciaaerospace.com\/en\/"},{"@type":"ListItem","position":2,"name":"Comisi\u00f3n de Internacionalizaci\u00f3n: Promover la marca Andaluc\u00eda Aeroespacial en el mundo"}]},{"@type":"WebSite","@id":"https:\/\/andaluciaaerospace.com\/en\/#website","url":"https:\/\/andaluciaaerospace.com\/en\/","name":"Andaluc\u00eda Aerospace","description":"Cluster empresarial aeron\u00e1utico","potentialAction":[{"@type":"SearchAction","target":{"@type":"EntryPoint","urlTemplate":"https:\/\/andaluciaaerospace.com\/en\/?s={search_term_string}"},"query-input":{"@type":"PropertyValueSpecification","valueRequired":true,"valueName":"search_term_string"}}],"inLanguage":"en-US"},{"@type":"Person","@id":"https:\/\/andaluciaaerospace.com\/en\/#\/schema\/person\/f31cd29a7bef441635ccd740480a73fe","name":"Comunicacion Andaluc\u00eda Aerospace"}]}},"_links":{"self":[{"href":"https:\/\/andaluciaaerospace.com\/en\/wp-json\/wp\/v2\/posts\/25196","targetHints":{"allow":["GET"]}}],"collection":[{"href":"https:\/\/andaluciaaerospace.com\/en\/wp-json\/wp\/v2\/posts"}],"about":[{"href":"https:\/\/andaluciaaerospace.com\/en\/wp-json\/wp\/v2\/types\/post"}],"author":[{"embeddable":true,"href":"https:\/\/andaluciaaerospace.com\/en\/wp-json\/wp\/v2\/users\/7"}],"replies":[{"embeddable":true,"href":"https:\/\/andaluciaaerospace.com\/en\/wp-json\/wp\/v2\/comments?post=25196"}],"version-history":[{"count":0,"href":"https:\/\/andaluciaaerospace.com\/en\/wp-json\/wp\/v2\/posts\/25196\/revisions"}],"wp:featuredmedia":[{"embeddable":true,"href":"https:\/\/andaluciaaerospace.com\/en\/wp-json\/wp\/v2\/media\/25014"}],"wp:attachment":[{"href":"https:\/\/andaluciaaerospace.com\/en\/wp-json\/wp\/v2\/media?parent=25196"}],"wp:term":[{"taxonomy":"category","embeddable":true,"href":"https:\/\/andaluciaaerospace.com\/en\/wp-json\/wp\/v2\/categories?post=25196"},{"taxonomy":"post_tag","embeddable":true,"href":"https:\/\/andaluciaaerospace.com\/en\/wp-json\/wp\/v2\/tags?post=25196"}],"curies":[{"name":"wp","href":"https:\/\/api.w.org\/{rel}","templated":true}]}}