{"id":25193,"date":"2021-10-11T12:43:39","date_gmt":"2021-10-11T10:43:39","guid":{"rendered":"https:\/\/andaluciaaerospace.com\/alter-technology-se-une-al-cluster-andalucia-aerospace\/"},"modified":"2021-10-11T12:43:39","modified_gmt":"2021-10-11T10:43:39","slug":"alter-technology-se-une-al-cluster-andalucia-aerospace","status":"publish","type":"post","link":"https:\/\/andaluciaaerospace.com\/en\/alter-technology-se-une-al-cluster-andalucia-aerospace\/","title":{"rendered":"ALTER TECHNOLOGY se une al Cl\u00faster Andaluc\u00eda Aerospace"},"content":{"rendered":"<p><a href=\"https:\/\/www.altertechnology-group.com\/es\/home\/\" target=\"_blank\" rel=\"noopener\"><strong>ALTER TECHNOLOGY<\/strong><\/a> se une al cl\u00faster Andaluc\u00eda Aerospace. El acto de firma del acuerdo se ha celebrado en las instalaciones de Alter en Sevilla, con la presencia de David N\u00fa\u00f1ez, director de Divisi\u00f3n Microelectr\u00f3nica y Espacio<\/p>\n<p><strong>ALTER<\/strong> es una empresa<strong> l\u00edder en el campo de la ingenier\u00eda y componentes<\/strong> y equipos para los mercados del Espacio y otras tecnolog\u00edas. Sus servicios abarcan pruebas de equipos, incluyendo la radiaci\u00f3n, el cribado, el an\u00e1lisis f\u00edsico destructivo, la calificaci\u00f3n, las pruebas ambientales, el an\u00e1lisis de fallas, la gesti\u00f3n de la obsolescencia y la evaluaci\u00f3n de falsificaciones, entre otros.<\/p>\n<p>Con esta incorporaci\u00f3n, <strong>Andaluc\u00eda Aerospace refuerza el segmento de Espacio<\/strong> en el cl\u00faster y renueva su apuesta por este sector emergente y con futuro.<\/p>\n","protected":false},"excerpt":{"rendered":"<p>ALTER TECHNOLOGY se une al cl\u00faster Andaluc\u00eda Aerospace. El acto de firma del acuerdo se ha celebrado en las instalaciones de Alter en Sevilla, con la presencia de David N\u00fa\u00f1ez, director de Divisi\u00f3n Microelectr\u00f3nica y Espacio ALTER es una empresa l\u00edder en el campo de la ingenier\u00eda y componentes y equipos para los mercados del<\/p>\n<a class=\"btn btn-primary read-more-button\" href=\"https:\/\/andaluciaaerospace.com\/en\/alter-technology-se-une-al-cluster-andalucia-aerospace\/\">Leer m\u00e1s...<\/a>","protected":false},"author":7,"featured_media":25001,"comment_status":"open","ping_status":"open","sticky":false,"template":"","format":"standard","meta":{"_acf_changed":false,"_bbp_topic_count":0,"_bbp_reply_count":0,"_bbp_total_topic_count":0,"_bbp_total_reply_count":0,"_bbp_voice_count":0,"_bbp_anonymous_reply_count":0,"_bbp_topic_count_hidden":0,"_bbp_reply_count_hidden":0,"_bbp_forum_subforum_count":0,"footnotes":""},"categories":[161,162],"tags":[],"class_list":["post-25193","post","type-post","status-publish","format-standard","has-post-thumbnail","hentry","category-cluster-news","category-members-news"],"acf":[],"yoast_head":"<!-- This site is optimized with the Yoast SEO plugin v23.6 - https:\/\/yoast.com\/wordpress\/plugins\/seo\/ -->\n<title>ALTER TECHNOLOGY se une al Cl\u00faster Andaluc\u00eda Aerospace - Andaluc\u00eda Aerospace<\/title>\n<meta name=\"robots\" content=\"index, follow, max-snippet:-1, max-image-preview:large, max-video-preview:-1\" \/>\n<link rel=\"canonical\" href=\"https:\/\/andaluciaaerospace.com\/en\/alter-technology-se-une-al-cluster-andalucia-aerospace\/\" \/>\n<meta property=\"og:locale\" content=\"en_US\" \/>\n<meta property=\"og:type\" content=\"article\" \/>\n<meta property=\"og:title\" content=\"ALTER TECHNOLOGY se une al Cl\u00faster Andaluc\u00eda Aerospace - Andaluc\u00eda Aerospace\" \/>\n<meta property=\"og:description\" content=\"ALTER TECHNOLOGY se une al cl\u00faster Andaluc\u00eda Aerospace. El acto de firma del acuerdo se ha celebrado en las instalaciones de Alter en Sevilla, con la presencia de David N\u00fa\u00f1ez, director de Divisi\u00f3n Microelectr\u00f3nica y Espacio ALTER es una empresa l\u00edder en el campo de la ingenier\u00eda y componentes y equipos para los mercados del\" \/>\n<meta property=\"og:url\" content=\"https:\/\/andaluciaaerospace.com\/en\/alter-technology-se-une-al-cluster-andalucia-aerospace\/\" \/>\n<meta property=\"og:site_name\" content=\"Andaluc\u00eda Aerospace\" \/>\n<meta property=\"article:published_time\" content=\"2021-10-11T10:43:39+00:00\" \/>\n<meta property=\"og:image\" content=\"http:\/\/andaluciaaerospace.com\/wp-content\/uploads\/2021\/11\/Roberto-Garcia-e1636373132805.png\" \/>\n\t<meta property=\"og:image:width\" content=\"1600\" \/>\n\t<meta property=\"og:image:height\" content=\"900\" \/>\n\t<meta property=\"og:image:type\" content=\"image\/png\" \/>\n<meta name=\"author\" content=\"Comunicacion Andaluc\u00eda Aerospace\" \/>\n<meta name=\"twitter:card\" content=\"summary_large_image\" \/>\n<meta name=\"twitter:label1\" content=\"Written by\" \/>\n\t<meta name=\"twitter:data1\" content=\"Comunicacion Andaluc\u00eda Aerospace\" \/>\n\t<meta name=\"twitter:label2\" content=\"Est. reading time\" \/>\n\t<meta name=\"twitter:data2\" content=\"1 minute\" \/>\n<script type=\"application\/ld+json\" class=\"yoast-schema-graph\">{\"@context\":\"https:\/\/schema.org\",\"@graph\":[{\"@type\":[\"WebPage\",\"ItemPage\"],\"@id\":\"https:\/\/andaluciaaerospace.com\/en\/alter-technology-se-une-al-cluster-andalucia-aerospace\/\",\"url\":\"https:\/\/andaluciaaerospace.com\/en\/alter-technology-se-une-al-cluster-andalucia-aerospace\/\",\"name\":\"ALTER TECHNOLOGY se une al Cl\u00faster Andaluc\u00eda Aerospace - Andaluc\u00eda Aerospace\",\"isPartOf\":{\"@id\":\"https:\/\/andaluciaaerospace.com\/en\/#website\"},\"primaryImageOfPage\":{\"@id\":\"https:\/\/andaluciaaerospace.com\/en\/alter-technology-se-une-al-cluster-andalucia-aerospace\/#primaryimage\"},\"image\":{\"@id\":\"https:\/\/andaluciaaerospace.com\/en\/alter-technology-se-une-al-cluster-andalucia-aerospace\/#primaryimage\"},\"thumbnailUrl\":\"https:\/\/andaluciaaerospace.com\/wp-content\/uploads\/2021\/11\/Roberto-Garcia-e1636373132805.png\",\"datePublished\":\"2021-10-11T10:43:39+00:00\",\"dateModified\":\"2021-10-11T10:43:39+00:00\",\"author\":{\"@id\":\"https:\/\/andaluciaaerospace.com\/en\/#\/schema\/person\/f31cd29a7bef441635ccd740480a73fe\"},\"breadcrumb\":{\"@id\":\"https:\/\/andaluciaaerospace.com\/en\/alter-technology-se-une-al-cluster-andalucia-aerospace\/#breadcrumb\"},\"inLanguage\":\"en-US\",\"potentialAction\":[{\"@type\":\"ReadAction\",\"target\":[\"https:\/\/andaluciaaerospace.com\/en\/alter-technology-se-une-al-cluster-andalucia-aerospace\/\"]}]},{\"@type\":\"ImageObject\",\"inLanguage\":\"en-US\",\"@id\":\"https:\/\/andaluciaaerospace.com\/en\/alter-technology-se-une-al-cluster-andalucia-aerospace\/#primaryimage\",\"url\":\"https:\/\/andaluciaaerospace.com\/wp-content\/uploads\/2021\/11\/Roberto-Garcia-e1636373132805.png\",\"contentUrl\":\"https:\/\/andaluciaaerospace.com\/wp-content\/uploads\/2021\/11\/Roberto-Garcia-e1636373132805.png\",\"width\":1600,\"height\":900},{\"@type\":\"BreadcrumbList\",\"@id\":\"https:\/\/andaluciaaerospace.com\/en\/alter-technology-se-une-al-cluster-andalucia-aerospace\/#breadcrumb\",\"itemListElement\":[{\"@type\":\"ListItem\",\"position\":1,\"name\":\"Portada\",\"item\":\"https:\/\/andaluciaaerospace.com\/en\/\"},{\"@type\":\"ListItem\",\"position\":2,\"name\":\"ALTER TECHNOLOGY se une al Cl\u00faster Andaluc\u00eda Aerospace\"}]},{\"@type\":\"WebSite\",\"@id\":\"https:\/\/andaluciaaerospace.com\/en\/#website\",\"url\":\"https:\/\/andaluciaaerospace.com\/en\/\",\"name\":\"Andaluc\u00eda Aerospace\",\"description\":\"Cluster empresarial aeron\u00e1utico\",\"potentialAction\":[{\"@type\":\"SearchAction\",\"target\":{\"@type\":\"EntryPoint\",\"urlTemplate\":\"https:\/\/andaluciaaerospace.com\/en\/?s={search_term_string}\"},\"query-input\":{\"@type\":\"PropertyValueSpecification\",\"valueRequired\":true,\"valueName\":\"search_term_string\"}}],\"inLanguage\":\"en-US\"},{\"@type\":\"Person\",\"@id\":\"https:\/\/andaluciaaerospace.com\/en\/#\/schema\/person\/f31cd29a7bef441635ccd740480a73fe\",\"name\":\"Comunicacion Andaluc\u00eda Aerospace\"}]}<\/script>\n<!-- \/ Yoast SEO plugin. -->","yoast_head_json":{"title":"ALTER TECHNOLOGY se une al Cl\u00faster Andaluc\u00eda Aerospace - Andaluc\u00eda Aerospace","robots":{"index":"index","follow":"follow","max-snippet":"max-snippet:-1","max-image-preview":"max-image-preview:large","max-video-preview":"max-video-preview:-1"},"canonical":"https:\/\/andaluciaaerospace.com\/en\/alter-technology-se-une-al-cluster-andalucia-aerospace\/","og_locale":"en_US","og_type":"article","og_title":"ALTER TECHNOLOGY se une al Cl\u00faster Andaluc\u00eda Aerospace - Andaluc\u00eda Aerospace","og_description":"ALTER TECHNOLOGY se une al cl\u00faster Andaluc\u00eda Aerospace. El acto de firma del acuerdo se ha celebrado en las instalaciones de Alter en Sevilla, con la presencia de David N\u00fa\u00f1ez, director de Divisi\u00f3n Microelectr\u00f3nica y Espacio ALTER es una empresa l\u00edder en el campo de la ingenier\u00eda y componentes y equipos para los mercados del","og_url":"https:\/\/andaluciaaerospace.com\/en\/alter-technology-se-une-al-cluster-andalucia-aerospace\/","og_site_name":"Andaluc\u00eda Aerospace","article_published_time":"2021-10-11T10:43:39+00:00","og_image":[{"width":1600,"height":900,"url":"http:\/\/andaluciaaerospace.com\/wp-content\/uploads\/2021\/11\/Roberto-Garcia-e1636373132805.png","type":"image\/png"}],"author":"Comunicacion Andaluc\u00eda Aerospace","twitter_card":"summary_large_image","twitter_misc":{"Written by":"Comunicacion Andaluc\u00eda Aerospace","Est. reading time":"1 minute"},"schema":{"@context":"https:\/\/schema.org","@graph":[{"@type":["WebPage","ItemPage"],"@id":"https:\/\/andaluciaaerospace.com\/en\/alter-technology-se-une-al-cluster-andalucia-aerospace\/","url":"https:\/\/andaluciaaerospace.com\/en\/alter-technology-se-une-al-cluster-andalucia-aerospace\/","name":"ALTER TECHNOLOGY se une al Cl\u00faster Andaluc\u00eda Aerospace - Andaluc\u00eda Aerospace","isPartOf":{"@id":"https:\/\/andaluciaaerospace.com\/en\/#website"},"primaryImageOfPage":{"@id":"https:\/\/andaluciaaerospace.com\/en\/alter-technology-se-une-al-cluster-andalucia-aerospace\/#primaryimage"},"image":{"@id":"https:\/\/andaluciaaerospace.com\/en\/alter-technology-se-une-al-cluster-andalucia-aerospace\/#primaryimage"},"thumbnailUrl":"https:\/\/andaluciaaerospace.com\/wp-content\/uploads\/2021\/11\/Roberto-Garcia-e1636373132805.png","datePublished":"2021-10-11T10:43:39+00:00","dateModified":"2021-10-11T10:43:39+00:00","author":{"@id":"https:\/\/andaluciaaerospace.com\/en\/#\/schema\/person\/f31cd29a7bef441635ccd740480a73fe"},"breadcrumb":{"@id":"https:\/\/andaluciaaerospace.com\/en\/alter-technology-se-une-al-cluster-andalucia-aerospace\/#breadcrumb"},"inLanguage":"en-US","potentialAction":[{"@type":"ReadAction","target":["https:\/\/andaluciaaerospace.com\/en\/alter-technology-se-une-al-cluster-andalucia-aerospace\/"]}]},{"@type":"ImageObject","inLanguage":"en-US","@id":"https:\/\/andaluciaaerospace.com\/en\/alter-technology-se-une-al-cluster-andalucia-aerospace\/#primaryimage","url":"https:\/\/andaluciaaerospace.com\/wp-content\/uploads\/2021\/11\/Roberto-Garcia-e1636373132805.png","contentUrl":"https:\/\/andaluciaaerospace.com\/wp-content\/uploads\/2021\/11\/Roberto-Garcia-e1636373132805.png","width":1600,"height":900},{"@type":"BreadcrumbList","@id":"https:\/\/andaluciaaerospace.com\/en\/alter-technology-se-une-al-cluster-andalucia-aerospace\/#breadcrumb","itemListElement":[{"@type":"ListItem","position":1,"name":"Portada","item":"https:\/\/andaluciaaerospace.com\/en\/"},{"@type":"ListItem","position":2,"name":"ALTER TECHNOLOGY se une al Cl\u00faster Andaluc\u00eda Aerospace"}]},{"@type":"WebSite","@id":"https:\/\/andaluciaaerospace.com\/en\/#website","url":"https:\/\/andaluciaaerospace.com\/en\/","name":"Andaluc\u00eda Aerospace","description":"Cluster empresarial aeron\u00e1utico","potentialAction":[{"@type":"SearchAction","target":{"@type":"EntryPoint","urlTemplate":"https:\/\/andaluciaaerospace.com\/en\/?s={search_term_string}"},"query-input":{"@type":"PropertyValueSpecification","valueRequired":true,"valueName":"search_term_string"}}],"inLanguage":"en-US"},{"@type":"Person","@id":"https:\/\/andaluciaaerospace.com\/en\/#\/schema\/person\/f31cd29a7bef441635ccd740480a73fe","name":"Comunicacion Andaluc\u00eda Aerospace"}]}},"_links":{"self":[{"href":"https:\/\/andaluciaaerospace.com\/en\/wp-json\/wp\/v2\/posts\/25193","targetHints":{"allow":["GET"]}}],"collection":[{"href":"https:\/\/andaluciaaerospace.com\/en\/wp-json\/wp\/v2\/posts"}],"about":[{"href":"https:\/\/andaluciaaerospace.com\/en\/wp-json\/wp\/v2\/types\/post"}],"author":[{"embeddable":true,"href":"https:\/\/andaluciaaerospace.com\/en\/wp-json\/wp\/v2\/users\/7"}],"replies":[{"embeddable":true,"href":"https:\/\/andaluciaaerospace.com\/en\/wp-json\/wp\/v2\/comments?post=25193"}],"version-history":[{"count":0,"href":"https:\/\/andaluciaaerospace.com\/en\/wp-json\/wp\/v2\/posts\/25193\/revisions"}],"wp:featuredmedia":[{"embeddable":true,"href":"https:\/\/andaluciaaerospace.com\/en\/wp-json\/wp\/v2\/media\/25001"}],"wp:attachment":[{"href":"https:\/\/andaluciaaerospace.com\/en\/wp-json\/wp\/v2\/media?parent=25193"}],"wp:term":[{"taxonomy":"category","embeddable":true,"href":"https:\/\/andaluciaaerospace.com\/en\/wp-json\/wp\/v2\/categories?post=25193"},{"taxonomy":"post_tag","embeddable":true,"href":"https:\/\/andaluciaaerospace.com\/en\/wp-json\/wp\/v2\/tags?post=25193"}],"curies":[{"name":"wp","href":"https:\/\/api.w.org\/{rel}","templated":true}]}}