{"id":25192,"date":"2021-10-27T11:44:58","date_gmt":"2021-10-27T09:44:58","guid":{"rendered":"https:\/\/andaluciaaerospace.com\/mce-nuevo-miembro-de-andalucia-aerospace\/"},"modified":"2021-10-27T11:44:58","modified_gmt":"2021-10-27T09:44:58","slug":"mce-nuevo-miembro-de-andalucia-aerospace","status":"publish","type":"post","link":"https:\/\/andaluciaaerospace.com\/en\/mce-nuevo-miembro-de-andalucia-aerospace\/","title":{"rendered":"MCE, nuevo Miembro De Andalucia Aerospace"},"content":{"rendered":"<p>El pasado 27 de octubre hemos firmado la incorporaci\u00f3n de un nuevo miembro al cl\u00faster <strong>Andaluc\u00eda Aerospace<\/strong>: <a href=\"https:\/\/www.mce-hg.com\/\" target=\"_blank\" rel=\"noopener\">MCE<\/a>. Se ha celebrado la firma con Carlos Barros, \u00c1rea Manager para Espa\u00f1a y Juan Rom\u00e1n Gallego Director Gerente del cl\u00faster.<\/p>\n<p><strong>MCE<\/strong> es una empresa con base central en Austria y que recientemente se ha instalado en Espa\u00f1a, con oficina en Sevilla. Tienen una gran <strong>experiencia en la construcci\u00f3n de plantas y trabajan en el sector aeroespacial con clientes como Airbus<\/strong>. Aportan capacidades diversas pero especialmente en Utillajes. En otros sectores, cuentan tambi\u00e9n con especializaci\u00f3n en la construcci\u00f3n de puentes y estructuras de acero.<\/p>\n","protected":false},"excerpt":{"rendered":"<p>El pasado 27 de octubre hemos firmado la incorporaci\u00f3n de un nuevo miembro al cl\u00faster Andaluc\u00eda Aerospace: MCE. Se ha celebrado la firma con Carlos Barros, \u00c1rea Manager para Espa\u00f1a y Juan Rom\u00e1n Gallego Director Gerente del cl\u00faster. MCE es una empresa con base central en Austria y que recientemente se ha instalado en Espa\u00f1a,<\/p>\n<a class=\"btn btn-primary read-more-button\" href=\"https:\/\/andaluciaaerospace.com\/en\/mce-nuevo-miembro-de-andalucia-aerospace\/\">Leer m\u00e1s...<\/a>","protected":false},"author":7,"featured_media":24984,"comment_status":"open","ping_status":"open","sticky":false,"template":"","format":"standard","meta":{"_acf_changed":false,"_bbp_topic_count":0,"_bbp_reply_count":0,"_bbp_total_topic_count":0,"_bbp_total_reply_count":0,"_bbp_voice_count":0,"_bbp_anonymous_reply_count":0,"_bbp_topic_count_hidden":0,"_bbp_reply_count_hidden":0,"_bbp_forum_subforum_count":0,"footnotes":""},"categories":[161,162],"tags":[],"class_list":["post-25192","post","type-post","status-publish","format-standard","has-post-thumbnail","hentry","category-cluster-news","category-members-news"],"acf":[],"yoast_head":"<!-- This site is optimized with the Yoast SEO plugin v23.6 - https:\/\/yoast.com\/wordpress\/plugins\/seo\/ -->\n<title>MCE, nuevo Miembro De Andalucia Aerospace - Andaluc\u00eda Aerospace<\/title>\n<meta name=\"robots\" content=\"index, follow, max-snippet:-1, max-image-preview:large, max-video-preview:-1\" \/>\n<link rel=\"canonical\" href=\"https:\/\/andaluciaaerospace.com\/en\/mce-nuevo-miembro-de-andalucia-aerospace\/\" \/>\n<meta property=\"og:locale\" content=\"en_US\" \/>\n<meta property=\"og:type\" content=\"article\" \/>\n<meta property=\"og:title\" content=\"MCE, nuevo Miembro De Andalucia Aerospace - Andaluc\u00eda Aerospace\" \/>\n<meta property=\"og:description\" content=\"El pasado 27 de octubre hemos firmado la incorporaci\u00f3n de un nuevo miembro al cl\u00faster Andaluc\u00eda Aerospace: MCE. Se ha celebrado la firma con Carlos Barros, \u00c1rea Manager para Espa\u00f1a y Juan Rom\u00e1n Gallego Director Gerente del cl\u00faster. MCE es una empresa con base central en Austria y que recientemente se ha instalado en Espa\u00f1a,\" \/>\n<meta property=\"og:url\" content=\"https:\/\/andaluciaaerospace.com\/en\/mce-nuevo-miembro-de-andalucia-aerospace\/\" \/>\n<meta property=\"og:site_name\" content=\"Andaluc\u00eda Aerospace\" \/>\n<meta property=\"article:published_time\" content=\"2021-10-27T09:44:58+00:00\" \/>\n<meta property=\"og:image\" content=\"https:\/\/andaluciaaerospace.com\/wp-content\/uploads\/2021\/11\/Nuevas-incorporaciones--e1636368254604.png\" \/>\n\t<meta property=\"og:image:width\" content=\"1600\" \/>\n\t<meta property=\"og:image:height\" content=\"900\" \/>\n\t<meta property=\"og:image:type\" content=\"image\/png\" \/>\n<meta name=\"author\" content=\"Comunicacion Andaluc\u00eda Aerospace\" \/>\n<meta name=\"twitter:card\" content=\"summary_large_image\" \/>\n<meta name=\"twitter:label1\" content=\"Written by\" \/>\n\t<meta name=\"twitter:data1\" content=\"Comunicacion Andaluc\u00eda Aerospace\" \/>\n\t<meta name=\"twitter:label2\" content=\"Est. reading time\" \/>\n\t<meta name=\"twitter:data2\" content=\"1 minute\" \/>\n<script type=\"application\/ld+json\" class=\"yoast-schema-graph\">{\"@context\":\"https:\/\/schema.org\",\"@graph\":[{\"@type\":[\"WebPage\",\"ItemPage\"],\"@id\":\"https:\/\/andaluciaaerospace.com\/en\/mce-nuevo-miembro-de-andalucia-aerospace\/\",\"url\":\"https:\/\/andaluciaaerospace.com\/en\/mce-nuevo-miembro-de-andalucia-aerospace\/\",\"name\":\"MCE, nuevo Miembro De Andalucia Aerospace - Andaluc\u00eda Aerospace\",\"isPartOf\":{\"@id\":\"https:\/\/andaluciaaerospace.com\/en\/#website\"},\"primaryImageOfPage\":{\"@id\":\"https:\/\/andaluciaaerospace.com\/en\/mce-nuevo-miembro-de-andalucia-aerospace\/#primaryimage\"},\"image\":{\"@id\":\"https:\/\/andaluciaaerospace.com\/en\/mce-nuevo-miembro-de-andalucia-aerospace\/#primaryimage\"},\"thumbnailUrl\":\"https:\/\/andaluciaaerospace.com\/wp-content\/uploads\/2021\/11\/Nuevas-incorporaciones--e1636368254604.png\",\"datePublished\":\"2021-10-27T09:44:58+00:00\",\"dateModified\":\"2021-10-27T09:44:58+00:00\",\"author\":{\"@id\":\"https:\/\/andaluciaaerospace.com\/en\/#\/schema\/person\/f31cd29a7bef441635ccd740480a73fe\"},\"breadcrumb\":{\"@id\":\"https:\/\/andaluciaaerospace.com\/en\/mce-nuevo-miembro-de-andalucia-aerospace\/#breadcrumb\"},\"inLanguage\":\"en-US\",\"potentialAction\":[{\"@type\":\"ReadAction\",\"target\":[\"https:\/\/andaluciaaerospace.com\/en\/mce-nuevo-miembro-de-andalucia-aerospace\/\"]}]},{\"@type\":\"ImageObject\",\"inLanguage\":\"en-US\",\"@id\":\"https:\/\/andaluciaaerospace.com\/en\/mce-nuevo-miembro-de-andalucia-aerospace\/#primaryimage\",\"url\":\"https:\/\/andaluciaaerospace.com\/wp-content\/uploads\/2021\/11\/Nuevas-incorporaciones--e1636368254604.png\",\"contentUrl\":\"https:\/\/andaluciaaerospace.com\/wp-content\/uploads\/2021\/11\/Nuevas-incorporaciones--e1636368254604.png\",\"width\":1600,\"height\":900},{\"@type\":\"BreadcrumbList\",\"@id\":\"https:\/\/andaluciaaerospace.com\/en\/mce-nuevo-miembro-de-andalucia-aerospace\/#breadcrumb\",\"itemListElement\":[{\"@type\":\"ListItem\",\"position\":1,\"name\":\"Portada\",\"item\":\"https:\/\/andaluciaaerospace.com\/en\/\"},{\"@type\":\"ListItem\",\"position\":2,\"name\":\"MCE, nuevo Miembro De Andalucia Aerospace\"}]},{\"@type\":\"WebSite\",\"@id\":\"https:\/\/andaluciaaerospace.com\/en\/#website\",\"url\":\"https:\/\/andaluciaaerospace.com\/en\/\",\"name\":\"Andaluc\u00eda Aerospace\",\"description\":\"Cluster empresarial aeron\u00e1utico\",\"potentialAction\":[{\"@type\":\"SearchAction\",\"target\":{\"@type\":\"EntryPoint\",\"urlTemplate\":\"https:\/\/andaluciaaerospace.com\/en\/?s={search_term_string}\"},\"query-input\":{\"@type\":\"PropertyValueSpecification\",\"valueRequired\":true,\"valueName\":\"search_term_string\"}}],\"inLanguage\":\"en-US\"},{\"@type\":\"Person\",\"@id\":\"https:\/\/andaluciaaerospace.com\/en\/#\/schema\/person\/f31cd29a7bef441635ccd740480a73fe\",\"name\":\"Comunicacion Andaluc\u00eda Aerospace\"}]}<\/script>\n<!-- \/ Yoast SEO plugin. -->","yoast_head_json":{"title":"MCE, nuevo Miembro De Andalucia Aerospace - Andaluc\u00eda Aerospace","robots":{"index":"index","follow":"follow","max-snippet":"max-snippet:-1","max-image-preview":"max-image-preview:large","max-video-preview":"max-video-preview:-1"},"canonical":"https:\/\/andaluciaaerospace.com\/en\/mce-nuevo-miembro-de-andalucia-aerospace\/","og_locale":"en_US","og_type":"article","og_title":"MCE, nuevo Miembro De Andalucia Aerospace - Andaluc\u00eda Aerospace","og_description":"El pasado 27 de octubre hemos firmado la incorporaci\u00f3n de un nuevo miembro al cl\u00faster Andaluc\u00eda Aerospace: MCE. Se ha celebrado la firma con Carlos Barros, \u00c1rea Manager para Espa\u00f1a y Juan Rom\u00e1n Gallego Director Gerente del cl\u00faster. MCE es una empresa con base central en Austria y que recientemente se ha instalado en Espa\u00f1a,","og_url":"https:\/\/andaluciaaerospace.com\/en\/mce-nuevo-miembro-de-andalucia-aerospace\/","og_site_name":"Andaluc\u00eda Aerospace","article_published_time":"2021-10-27T09:44:58+00:00","og_image":[{"width":1600,"height":900,"url":"https:\/\/andaluciaaerospace.com\/wp-content\/uploads\/2021\/11\/Nuevas-incorporaciones--e1636368254604.png","type":"image\/png"}],"author":"Comunicacion Andaluc\u00eda Aerospace","twitter_card":"summary_large_image","twitter_misc":{"Written by":"Comunicacion Andaluc\u00eda Aerospace","Est. reading time":"1 minute"},"schema":{"@context":"https:\/\/schema.org","@graph":[{"@type":["WebPage","ItemPage"],"@id":"https:\/\/andaluciaaerospace.com\/en\/mce-nuevo-miembro-de-andalucia-aerospace\/","url":"https:\/\/andaluciaaerospace.com\/en\/mce-nuevo-miembro-de-andalucia-aerospace\/","name":"MCE, nuevo Miembro De Andalucia Aerospace - Andaluc\u00eda Aerospace","isPartOf":{"@id":"https:\/\/andaluciaaerospace.com\/en\/#website"},"primaryImageOfPage":{"@id":"https:\/\/andaluciaaerospace.com\/en\/mce-nuevo-miembro-de-andalucia-aerospace\/#primaryimage"},"image":{"@id":"https:\/\/andaluciaaerospace.com\/en\/mce-nuevo-miembro-de-andalucia-aerospace\/#primaryimage"},"thumbnailUrl":"https:\/\/andaluciaaerospace.com\/wp-content\/uploads\/2021\/11\/Nuevas-incorporaciones--e1636368254604.png","datePublished":"2021-10-27T09:44:58+00:00","dateModified":"2021-10-27T09:44:58+00:00","author":{"@id":"https:\/\/andaluciaaerospace.com\/en\/#\/schema\/person\/f31cd29a7bef441635ccd740480a73fe"},"breadcrumb":{"@id":"https:\/\/andaluciaaerospace.com\/en\/mce-nuevo-miembro-de-andalucia-aerospace\/#breadcrumb"},"inLanguage":"en-US","potentialAction":[{"@type":"ReadAction","target":["https:\/\/andaluciaaerospace.com\/en\/mce-nuevo-miembro-de-andalucia-aerospace\/"]}]},{"@type":"ImageObject","inLanguage":"en-US","@id":"https:\/\/andaluciaaerospace.com\/en\/mce-nuevo-miembro-de-andalucia-aerospace\/#primaryimage","url":"https:\/\/andaluciaaerospace.com\/wp-content\/uploads\/2021\/11\/Nuevas-incorporaciones--e1636368254604.png","contentUrl":"https:\/\/andaluciaaerospace.com\/wp-content\/uploads\/2021\/11\/Nuevas-incorporaciones--e1636368254604.png","width":1600,"height":900},{"@type":"BreadcrumbList","@id":"https:\/\/andaluciaaerospace.com\/en\/mce-nuevo-miembro-de-andalucia-aerospace\/#breadcrumb","itemListElement":[{"@type":"ListItem","position":1,"name":"Portada","item":"https:\/\/andaluciaaerospace.com\/en\/"},{"@type":"ListItem","position":2,"name":"MCE, nuevo Miembro De Andalucia Aerospace"}]},{"@type":"WebSite","@id":"https:\/\/andaluciaaerospace.com\/en\/#website","url":"https:\/\/andaluciaaerospace.com\/en\/","name":"Andaluc\u00eda Aerospace","description":"Cluster empresarial aeron\u00e1utico","potentialAction":[{"@type":"SearchAction","target":{"@type":"EntryPoint","urlTemplate":"https:\/\/andaluciaaerospace.com\/en\/?s={search_term_string}"},"query-input":{"@type":"PropertyValueSpecification","valueRequired":true,"valueName":"search_term_string"}}],"inLanguage":"en-US"},{"@type":"Person","@id":"https:\/\/andaluciaaerospace.com\/en\/#\/schema\/person\/f31cd29a7bef441635ccd740480a73fe","name":"Comunicacion Andaluc\u00eda Aerospace"}]}},"_links":{"self":[{"href":"https:\/\/andaluciaaerospace.com\/en\/wp-json\/wp\/v2\/posts\/25192","targetHints":{"allow":["GET"]}}],"collection":[{"href":"https:\/\/andaluciaaerospace.com\/en\/wp-json\/wp\/v2\/posts"}],"about":[{"href":"https:\/\/andaluciaaerospace.com\/en\/wp-json\/wp\/v2\/types\/post"}],"author":[{"embeddable":true,"href":"https:\/\/andaluciaaerospace.com\/en\/wp-json\/wp\/v2\/users\/7"}],"replies":[{"embeddable":true,"href":"https:\/\/andaluciaaerospace.com\/en\/wp-json\/wp\/v2\/comments?post=25192"}],"version-history":[{"count":0,"href":"https:\/\/andaluciaaerospace.com\/en\/wp-json\/wp\/v2\/posts\/25192\/revisions"}],"wp:featuredmedia":[{"embeddable":true,"href":"https:\/\/andaluciaaerospace.com\/en\/wp-json\/wp\/v2\/media\/24984"}],"wp:attachment":[{"href":"https:\/\/andaluciaaerospace.com\/en\/wp-json\/wp\/v2\/media?parent=25192"}],"wp:term":[{"taxonomy":"category","embeddable":true,"href":"https:\/\/andaluciaaerospace.com\/en\/wp-json\/wp\/v2\/categories?post=25192"},{"taxonomy":"post_tag","embeddable":true,"href":"https:\/\/andaluciaaerospace.com\/en\/wp-json\/wp\/v2\/tags?post=25192"}],"curies":[{"name":"wp","href":"https:\/\/api.w.org\/{rel}","templated":true}]}}