{"id":25191,"date":"2021-10-28T11:54:47","date_gmt":"2021-10-28T09:54:47","guid":{"rendered":"https:\/\/andaluciaaerospace.com\/1er-torneo-de-padel-andalucia-aerospace\/"},"modified":"2021-10-28T11:54:47","modified_gmt":"2021-10-28T09:54:47","slug":"1er-torneo-de-padel-andalucia-aerospace","status":"publish","type":"post","link":"https:\/\/andaluciaaerospace.com\/en\/1er-torneo-de-padel-andalucia-aerospace\/","title":{"rendered":"1er Torneo De P\u00e1del Andaluc\u00eda Aerospace"},"content":{"rendered":"<p>El sector Aeroespacial de Andaluc\u00eda medir\u00e1 sus fuerzas deportivas este s\u00e1bado 20 de noviembre en el 1er Torneo de P\u00e1del de las empresas Asociadas al Cl\u00faster Andaluc\u00eda Aerospace 2021. Esta es la oportunidad que estabais esperando para poner a prueba el talento deportivo de vuestra empresa.<\/p>\n<p>\u00a1Os invitamos a asumir este reto!<\/p>\n<p><strong>Fecha:<\/strong> 20 de noviembre<br \/>\n<strong>Lugar:<\/strong> Club Zaud\u00edn. Glorieta del Zaud\u00edn y Puerta de las Marismas, 41940 Tomares, Sevilla<br \/>\n<strong>Hora:<\/strong> Desde las 9:30 hasta finalizaci\u00f3n (incluye comida ligera)<br \/>\n<strong>Motivo:<\/strong> Torneo de p\u00e1del entre empresas asociadas al cl\u00faster Andaluc\u00eda Aerospace 2021<br \/>\n<strong>Plazo l\u00edmite de inscripci\u00f3n:<\/strong> 5 de noviembre<br \/>\n<strong>Correo para la inscripci\u00f3n:<\/strong> comunicacion@andaluciaaerospace.com<br \/>\n<strong>Precio:<\/strong> Por empresa a determinar seg\u00fan participantes<\/p>\n","protected":false},"excerpt":{"rendered":"<p>El sector Aeroespacial de Andaluc\u00eda medir\u00e1 sus fuerzas deportivas este s\u00e1bado 20 de noviembre en el 1er Torneo de P\u00e1del de las empresas Asociadas al Cl\u00faster Andaluc\u00eda Aerospace 2021. Esta es la oportunidad que estabais esperando para poner a prueba el talento deportivo de vuestra empresa. \u00a1Os invitamos a asumir este reto! Fecha: 20 de<\/p>\n<a class=\"btn btn-primary read-more-button\" href=\"https:\/\/andaluciaaerospace.com\/en\/1er-torneo-de-padel-andalucia-aerospace\/\">Leer m\u00e1s...<\/a>","protected":false},"author":7,"featured_media":24993,"comment_status":"open","ping_status":"open","sticky":false,"template":"","format":"standard","meta":{"_acf_changed":false,"_bbp_topic_count":0,"_bbp_reply_count":0,"_bbp_total_topic_count":0,"_bbp_total_reply_count":0,"_bbp_voice_count":0,"_bbp_anonymous_reply_count":0,"_bbp_topic_count_hidden":0,"_bbp_reply_count_hidden":0,"_bbp_forum_subforum_count":0,"footnotes":""},"categories":[161],"tags":[],"class_list":["post-25191","post","type-post","status-publish","format-standard","has-post-thumbnail","hentry","category-cluster-news"],"acf":[],"yoast_head":"<!-- This site is optimized with the Yoast SEO plugin v23.6 - https:\/\/yoast.com\/wordpress\/plugins\/seo\/ -->\n<title>1er Torneo De P\u00e1del Andaluc\u00eda Aerospace - Andaluc\u00eda Aerospace<\/title>\n<meta name=\"robots\" content=\"index, follow, max-snippet:-1, max-image-preview:large, max-video-preview:-1\" \/>\n<link rel=\"canonical\" href=\"https:\/\/andaluciaaerospace.com\/en\/1er-torneo-de-padel-andalucia-aerospace\/\" \/>\n<meta property=\"og:locale\" content=\"en_US\" \/>\n<meta property=\"og:type\" content=\"article\" \/>\n<meta property=\"og:title\" content=\"1er Torneo De P\u00e1del Andaluc\u00eda Aerospace - Andaluc\u00eda Aerospace\" \/>\n<meta property=\"og:description\" content=\"El sector Aeroespacial de Andaluc\u00eda medir\u00e1 sus fuerzas deportivas este s\u00e1bado 20 de noviembre en el 1er Torneo de P\u00e1del de las empresas Asociadas al Cl\u00faster Andaluc\u00eda Aerospace 2021. Esta es la oportunidad que estabais esperando para poner a prueba el talento deportivo de vuestra empresa. \u00a1Os invitamos a asumir este reto! Fecha: 20 de\" \/>\n<meta property=\"og:url\" content=\"https:\/\/andaluciaaerospace.com\/en\/1er-torneo-de-padel-andalucia-aerospace\/\" \/>\n<meta property=\"og:site_name\" content=\"Andaluc\u00eda Aerospace\" \/>\n<meta property=\"article:published_time\" content=\"2021-10-28T09:54:47+00:00\" \/>\n<meta property=\"og:image\" content=\"http:\/\/andaluciaaerospace.com\/wp-content\/uploads\/2021\/11\/torneo-de-pa\u0301del-Redes-Sociales-e1636371393661.png\" \/>\n\t<meta property=\"og:image:width\" content=\"1587\" \/>\n\t<meta property=\"og:image:height\" content=\"2245\" \/>\n\t<meta property=\"og:image:type\" content=\"image\/png\" \/>\n<meta name=\"author\" content=\"Comunicacion Andaluc\u00eda Aerospace\" \/>\n<meta name=\"twitter:card\" content=\"summary_large_image\" \/>\n<meta name=\"twitter:label1\" content=\"Written by\" \/>\n\t<meta name=\"twitter:data1\" content=\"Comunicacion Andaluc\u00eda Aerospace\" \/>\n\t<meta name=\"twitter:label2\" content=\"Est. reading time\" \/>\n\t<meta name=\"twitter:data2\" content=\"1 minute\" \/>\n<script type=\"application\/ld+json\" class=\"yoast-schema-graph\">{\"@context\":\"https:\/\/schema.org\",\"@graph\":[{\"@type\":[\"WebPage\",\"ItemPage\"],\"@id\":\"https:\/\/andaluciaaerospace.com\/en\/1er-torneo-de-padel-andalucia-aerospace\/\",\"url\":\"https:\/\/andaluciaaerospace.com\/en\/1er-torneo-de-padel-andalucia-aerospace\/\",\"name\":\"1er Torneo De P\u00e1del Andaluc\u00eda Aerospace - Andaluc\u00eda Aerospace\",\"isPartOf\":{\"@id\":\"https:\/\/andaluciaaerospace.com\/en\/#website\"},\"primaryImageOfPage\":{\"@id\":\"https:\/\/andaluciaaerospace.com\/en\/1er-torneo-de-padel-andalucia-aerospace\/#primaryimage\"},\"image\":{\"@id\":\"https:\/\/andaluciaaerospace.com\/en\/1er-torneo-de-padel-andalucia-aerospace\/#primaryimage\"},\"thumbnailUrl\":\"https:\/\/andaluciaaerospace.com\/wp-content\/uploads\/2021\/11\/torneo-de-pa\u0301del-Redes-Sociales-e1636371393661.png\",\"datePublished\":\"2021-10-28T09:54:47+00:00\",\"dateModified\":\"2021-10-28T09:54:47+00:00\",\"author\":{\"@id\":\"https:\/\/andaluciaaerospace.com\/en\/#\/schema\/person\/f31cd29a7bef441635ccd740480a73fe\"},\"breadcrumb\":{\"@id\":\"https:\/\/andaluciaaerospace.com\/en\/1er-torneo-de-padel-andalucia-aerospace\/#breadcrumb\"},\"inLanguage\":\"en-US\",\"potentialAction\":[{\"@type\":\"ReadAction\",\"target\":[\"https:\/\/andaluciaaerospace.com\/en\/1er-torneo-de-padel-andalucia-aerospace\/\"]}]},{\"@type\":\"ImageObject\",\"inLanguage\":\"en-US\",\"@id\":\"https:\/\/andaluciaaerospace.com\/en\/1er-torneo-de-padel-andalucia-aerospace\/#primaryimage\",\"url\":\"https:\/\/andaluciaaerospace.com\/wp-content\/uploads\/2021\/11\/torneo-de-pa\u0301del-Redes-Sociales-e1636371393661.png\",\"contentUrl\":\"https:\/\/andaluciaaerospace.com\/wp-content\/uploads\/2021\/11\/torneo-de-pa\u0301del-Redes-Sociales-e1636371393661.png\",\"width\":1587,\"height\":2245},{\"@type\":\"BreadcrumbList\",\"@id\":\"https:\/\/andaluciaaerospace.com\/en\/1er-torneo-de-padel-andalucia-aerospace\/#breadcrumb\",\"itemListElement\":[{\"@type\":\"ListItem\",\"position\":1,\"name\":\"Portada\",\"item\":\"https:\/\/andaluciaaerospace.com\/en\/\"},{\"@type\":\"ListItem\",\"position\":2,\"name\":\"1er Torneo De P\u00e1del Andaluc\u00eda Aerospace\"}]},{\"@type\":\"WebSite\",\"@id\":\"https:\/\/andaluciaaerospace.com\/en\/#website\",\"url\":\"https:\/\/andaluciaaerospace.com\/en\/\",\"name\":\"Andaluc\u00eda Aerospace\",\"description\":\"Cluster empresarial aeron\u00e1utico\",\"potentialAction\":[{\"@type\":\"SearchAction\",\"target\":{\"@type\":\"EntryPoint\",\"urlTemplate\":\"https:\/\/andaluciaaerospace.com\/en\/?s={search_term_string}\"},\"query-input\":{\"@type\":\"PropertyValueSpecification\",\"valueRequired\":true,\"valueName\":\"search_term_string\"}}],\"inLanguage\":\"en-US\"},{\"@type\":\"Person\",\"@id\":\"https:\/\/andaluciaaerospace.com\/en\/#\/schema\/person\/f31cd29a7bef441635ccd740480a73fe\",\"name\":\"Comunicacion Andaluc\u00eda Aerospace\"}]}<\/script>\n<!-- \/ Yoast SEO plugin. -->","yoast_head_json":{"title":"1er Torneo De P\u00e1del Andaluc\u00eda Aerospace - Andaluc\u00eda Aerospace","robots":{"index":"index","follow":"follow","max-snippet":"max-snippet:-1","max-image-preview":"max-image-preview:large","max-video-preview":"max-video-preview:-1"},"canonical":"https:\/\/andaluciaaerospace.com\/en\/1er-torneo-de-padel-andalucia-aerospace\/","og_locale":"en_US","og_type":"article","og_title":"1er Torneo De P\u00e1del Andaluc\u00eda Aerospace - Andaluc\u00eda Aerospace","og_description":"El sector Aeroespacial de Andaluc\u00eda medir\u00e1 sus fuerzas deportivas este s\u00e1bado 20 de noviembre en el 1er Torneo de P\u00e1del de las empresas Asociadas al Cl\u00faster Andaluc\u00eda Aerospace 2021. Esta es la oportunidad que estabais esperando para poner a prueba el talento deportivo de vuestra empresa. \u00a1Os invitamos a asumir este reto! Fecha: 20 de","og_url":"https:\/\/andaluciaaerospace.com\/en\/1er-torneo-de-padel-andalucia-aerospace\/","og_site_name":"Andaluc\u00eda Aerospace","article_published_time":"2021-10-28T09:54:47+00:00","og_image":[{"width":1587,"height":2245,"url":"http:\/\/andaluciaaerospace.com\/wp-content\/uploads\/2021\/11\/torneo-de-pa\u0301del-Redes-Sociales-e1636371393661.png","type":"image\/png"}],"author":"Comunicacion Andaluc\u00eda Aerospace","twitter_card":"summary_large_image","twitter_misc":{"Written by":"Comunicacion Andaluc\u00eda Aerospace","Est. reading time":"1 minute"},"schema":{"@context":"https:\/\/schema.org","@graph":[{"@type":["WebPage","ItemPage"],"@id":"https:\/\/andaluciaaerospace.com\/en\/1er-torneo-de-padel-andalucia-aerospace\/","url":"https:\/\/andaluciaaerospace.com\/en\/1er-torneo-de-padel-andalucia-aerospace\/","name":"1er Torneo De P\u00e1del Andaluc\u00eda Aerospace - Andaluc\u00eda Aerospace","isPartOf":{"@id":"https:\/\/andaluciaaerospace.com\/en\/#website"},"primaryImageOfPage":{"@id":"https:\/\/andaluciaaerospace.com\/en\/1er-torneo-de-padel-andalucia-aerospace\/#primaryimage"},"image":{"@id":"https:\/\/andaluciaaerospace.com\/en\/1er-torneo-de-padel-andalucia-aerospace\/#primaryimage"},"thumbnailUrl":"https:\/\/andaluciaaerospace.com\/wp-content\/uploads\/2021\/11\/torneo-de-pa\u0301del-Redes-Sociales-e1636371393661.png","datePublished":"2021-10-28T09:54:47+00:00","dateModified":"2021-10-28T09:54:47+00:00","author":{"@id":"https:\/\/andaluciaaerospace.com\/en\/#\/schema\/person\/f31cd29a7bef441635ccd740480a73fe"},"breadcrumb":{"@id":"https:\/\/andaluciaaerospace.com\/en\/1er-torneo-de-padel-andalucia-aerospace\/#breadcrumb"},"inLanguage":"en-US","potentialAction":[{"@type":"ReadAction","target":["https:\/\/andaluciaaerospace.com\/en\/1er-torneo-de-padel-andalucia-aerospace\/"]}]},{"@type":"ImageObject","inLanguage":"en-US","@id":"https:\/\/andaluciaaerospace.com\/en\/1er-torneo-de-padel-andalucia-aerospace\/#primaryimage","url":"https:\/\/andaluciaaerospace.com\/wp-content\/uploads\/2021\/11\/torneo-de-pa\u0301del-Redes-Sociales-e1636371393661.png","contentUrl":"https:\/\/andaluciaaerospace.com\/wp-content\/uploads\/2021\/11\/torneo-de-pa\u0301del-Redes-Sociales-e1636371393661.png","width":1587,"height":2245},{"@type":"BreadcrumbList","@id":"https:\/\/andaluciaaerospace.com\/en\/1er-torneo-de-padel-andalucia-aerospace\/#breadcrumb","itemListElement":[{"@type":"ListItem","position":1,"name":"Portada","item":"https:\/\/andaluciaaerospace.com\/en\/"},{"@type":"ListItem","position":2,"name":"1er Torneo De P\u00e1del Andaluc\u00eda Aerospace"}]},{"@type":"WebSite","@id":"https:\/\/andaluciaaerospace.com\/en\/#website","url":"https:\/\/andaluciaaerospace.com\/en\/","name":"Andaluc\u00eda Aerospace","description":"Cluster empresarial aeron\u00e1utico","potentialAction":[{"@type":"SearchAction","target":{"@type":"EntryPoint","urlTemplate":"https:\/\/andaluciaaerospace.com\/en\/?s={search_term_string}"},"query-input":{"@type":"PropertyValueSpecification","valueRequired":true,"valueName":"search_term_string"}}],"inLanguage":"en-US"},{"@type":"Person","@id":"https:\/\/andaluciaaerospace.com\/en\/#\/schema\/person\/f31cd29a7bef441635ccd740480a73fe","name":"Comunicacion Andaluc\u00eda Aerospace"}]}},"_links":{"self":[{"href":"https:\/\/andaluciaaerospace.com\/en\/wp-json\/wp\/v2\/posts\/25191","targetHints":{"allow":["GET"]}}],"collection":[{"href":"https:\/\/andaluciaaerospace.com\/en\/wp-json\/wp\/v2\/posts"}],"about":[{"href":"https:\/\/andaluciaaerospace.com\/en\/wp-json\/wp\/v2\/types\/post"}],"author":[{"embeddable":true,"href":"https:\/\/andaluciaaerospace.com\/en\/wp-json\/wp\/v2\/users\/7"}],"replies":[{"embeddable":true,"href":"https:\/\/andaluciaaerospace.com\/en\/wp-json\/wp\/v2\/comments?post=25191"}],"version-history":[{"count":1,"href":"https:\/\/andaluciaaerospace.com\/en\/wp-json\/wp\/v2\/posts\/25191\/revisions"}],"predecessor-version":[{"id":27699,"href":"https:\/\/andaluciaaerospace.com\/en\/wp-json\/wp\/v2\/posts\/25191\/revisions\/27699"}],"wp:featuredmedia":[{"embeddable":true,"href":"https:\/\/andaluciaaerospace.com\/en\/wp-json\/wp\/v2\/media\/24993"}],"wp:attachment":[{"href":"https:\/\/andaluciaaerospace.com\/en\/wp-json\/wp\/v2\/media?parent=25191"}],"wp:term":[{"taxonomy":"category","embeddable":true,"href":"https:\/\/andaluciaaerospace.com\/en\/wp-json\/wp\/v2\/categories?post=25191"},{"taxonomy":"post_tag","embeddable":true,"href":"https:\/\/andaluciaaerospace.com\/en\/wp-json\/wp\/v2\/tags?post=25191"}],"curies":[{"name":"wp","href":"https:\/\/api.w.org\/{rel}","templated":true}]}}