{"id":25185,"date":"2021-11-24T14:34:08","date_gmt":"2021-11-24T13:34:08","guid":{"rendered":"https:\/\/andaluciaaerospace.com\/25178\/"},"modified":"2021-12-15T11:59:00","modified_gmt":"2021-12-15T10:59:00","slug":"25178","status":"publish","type":"post","link":"https:\/\/andaluciaaerospace.com\/en\/25178\/","title":{"rendered":"Andaluc\u00eda Aerospace receives the Fernando III award for the innovative entity of CEU"},"content":{"rendered":"<p><img decoding=\"async\" class=\" wp-image-25179 alignleft\" src=\"http:\/\/andaluciaaerospace.com\/wp-content\/uploads\/2021\/11\/PremioCEU2-225x300.jpeg\" alt=\"\" width=\"475\" height=\"396\" data-wp-editing=\"1\" \/><\/p>\n<p>The President of Andaluc\u00eda Aerospace, Antonio G\u00f3mez-Guillam\u00f3n collected last Monday, November 22, the <strong>Fernando III award for the innovative entity<\/strong>, awarded by the <strong>San Pablo Andaluc\u00eda CEU Foundation<\/strong>. Innovation is in our aerospace DNA and for this reason we are very proud and grateful to receive this recognition.<\/p>\n<p><em>Press release.<\/em> The San Pablo Andaluc\u00eda CEU Foundation has delivered its CEU Fernando III Awards in the <strong>Real Alc\u00e1zar of Seville<\/strong>, thus resuming the presence in this traditional act that, due to the pandemic, could not be held in previous years.<\/p>\n<p>The event was led by the president of the Parliament of Andalusia, Marta Bosquet; the president of the plenary session and deputy mayor of the Seville City Council, Sonia Gaya; the president of CEU, Alfonso Bull\u00f3n de Mendoza y Valugera; the CEO of CEU Andaluc\u00eda, Juan Carlos Hern\u00e1ndez; and the vice president of CEU Andaluc\u00eda, Juan Jurado.<\/p>\n<p>In their speeches, they highlighted the &#8220;excellent&#8221; professional career of the winners, &#8220;their perseverance, sacrifice and effort, as well as their human qualities and social commitment to the common good&#8221;.<\/p>\n<p>Through these recognitions, the San Pablo Andaluc\u00eda CEU Foundation values <strong>\u200b\u200bthe human and professional trajectory of people and institutions<\/strong> in the areas of education, sports, legal sciences, research, business and innovation, as well as their social commitment.<\/p>\n<p>See the full news <a href=\"https:\/\/www.europapress.es\/andalucia\/sevilla-00357\/noticia-ceu-andalucia-entrega-premios-fernando-iii-acto-presencial-real-alcazar-sevilla-20211122203402.html\" target=\"_blank\" rel=\"noopener\">here.<\/a><\/p>\n<p>&nbsp;<\/p>\n","protected":false},"excerpt":{"rendered":"<p>The President of Andaluc\u00eda Aerospace, Antonio G\u00f3mez-Guillam\u00f3n collected last Monday, November 22, the Fernando III award for the innovative entity, awarded by the San Pablo Andaluc\u00eda CEU Foundation. Innovation is in our aerospace DNA and for this reason we are very proud and grateful to receive this recognition. Press release. The San Pablo Andaluc\u00eda CEU<\/p>\n<a class=\"btn btn-primary read-more-button\" href=\"https:\/\/andaluciaaerospace.com\/en\/25178\/\">Leer m\u00e1s...<\/a>","protected":false},"author":7,"featured_media":25180,"comment_status":"open","ping_status":"open","sticky":false,"template":"","format":"standard","meta":{"_acf_changed":false,"_bbp_topic_count":0,"_bbp_reply_count":0,"_bbp_total_topic_count":0,"_bbp_total_reply_count":0,"_bbp_voice_count":0,"_bbp_anonymous_reply_count":0,"_bbp_topic_count_hidden":0,"_bbp_reply_count_hidden":0,"_bbp_forum_subforum_count":0,"footnotes":""},"categories":[161],"tags":[],"class_list":["post-25185","post","type-post","status-publish","format-standard","has-post-thumbnail","hentry","category-cluster-news"],"acf":[],"yoast_head":"<!-- This site is optimized with the Yoast SEO plugin v23.6 - https:\/\/yoast.com\/wordpress\/plugins\/seo\/ -->\n<title>Andaluc\u00eda Aerospace receives the Fernando III award for the innovative entity of CEU - Andaluc\u00eda Aerospace<\/title>\n<meta name=\"robots\" content=\"index, follow, max-snippet:-1, max-image-preview:large, max-video-preview:-1\" \/>\n<link rel=\"canonical\" href=\"https:\/\/andaluciaaerospace.com\/en\/25178\/\" \/>\n<meta property=\"og:locale\" content=\"en_US\" \/>\n<meta property=\"og:type\" content=\"article\" \/>\n<meta property=\"og:title\" content=\"Andaluc\u00eda Aerospace receives the Fernando III award for the innovative entity of CEU - Andaluc\u00eda Aerospace\" \/>\n<meta property=\"og:description\" content=\"The President of Andaluc\u00eda Aerospace, Antonio G\u00f3mez-Guillam\u00f3n collected last Monday, November 22, the Fernando III award for the innovative entity, awarded by the San Pablo Andaluc\u00eda CEU Foundation. Innovation is in our aerospace DNA and for this reason we are very proud and grateful to receive this recognition. Press release. The San Pablo Andaluc\u00eda CEU\" \/>\n<meta property=\"og:url\" content=\"https:\/\/andaluciaaerospace.com\/en\/25178\/\" \/>\n<meta property=\"og:site_name\" content=\"Andaluc\u00eda Aerospace\" \/>\n<meta property=\"article:published_time\" content=\"2021-11-24T13:34:08+00:00\" \/>\n<meta property=\"article:modified_time\" content=\"2021-12-15T10:59:00+00:00\" \/>\n<meta property=\"og:image\" content=\"http:\/\/andaluciaaerospace.com\/wp-content\/uploads\/2021\/11\/PremioCEU2-scaled-e1637761066522.jpeg\" \/>\n\t<meta property=\"og:image:width\" content=\"1200\" \/>\n\t<meta property=\"og:image:height\" content=\"1600\" \/>\n\t<meta property=\"og:image:type\" content=\"image\/jpeg\" \/>\n<meta name=\"author\" content=\"Comunicacion Andaluc\u00eda Aerospace\" \/>\n<meta name=\"twitter:card\" content=\"summary_large_image\" \/>\n<meta name=\"twitter:label1\" content=\"Written by\" \/>\n\t<meta name=\"twitter:data1\" content=\"Comunicacion Andaluc\u00eda Aerospace\" \/>\n\t<meta name=\"twitter:label2\" content=\"Est. reading time\" \/>\n\t<meta name=\"twitter:data2\" content=\"2 minutes\" \/>\n<script type=\"application\/ld+json\" class=\"yoast-schema-graph\">{\"@context\":\"https:\/\/schema.org\",\"@graph\":[{\"@type\":[\"WebPage\",\"ItemPage\"],\"@id\":\"https:\/\/andaluciaaerospace.com\/en\/25178\/\",\"url\":\"https:\/\/andaluciaaerospace.com\/en\/25178\/\",\"name\":\"Andaluc\u00eda Aerospace receives the Fernando III award for the innovative entity of CEU - Andaluc\u00eda Aerospace\",\"isPartOf\":{\"@id\":\"https:\/\/andaluciaaerospace.com\/en\/#website\"},\"primaryImageOfPage\":{\"@id\":\"https:\/\/andaluciaaerospace.com\/en\/25178\/#primaryimage\"},\"image\":{\"@id\":\"https:\/\/andaluciaaerospace.com\/en\/25178\/#primaryimage\"},\"thumbnailUrl\":\"https:\/\/andaluciaaerospace.com\/wp-content\/uploads\/2021\/11\/PremioCEU2-scaled-e1637761066522.jpeg\",\"datePublished\":\"2021-11-24T13:34:08+00:00\",\"dateModified\":\"2021-12-15T10:59:00+00:00\",\"author\":{\"@id\":\"https:\/\/andaluciaaerospace.com\/en\/#\/schema\/person\/f31cd29a7bef441635ccd740480a73fe\"},\"breadcrumb\":{\"@id\":\"https:\/\/andaluciaaerospace.com\/en\/25178\/#breadcrumb\"},\"inLanguage\":\"en-US\",\"potentialAction\":[{\"@type\":\"ReadAction\",\"target\":[\"https:\/\/andaluciaaerospace.com\/en\/25178\/\"]}]},{\"@type\":\"ImageObject\",\"inLanguage\":\"en-US\",\"@id\":\"https:\/\/andaluciaaerospace.com\/en\/25178\/#primaryimage\",\"url\":\"https:\/\/andaluciaaerospace.com\/wp-content\/uploads\/2021\/11\/PremioCEU2-scaled-e1637761066522.jpeg\",\"contentUrl\":\"https:\/\/andaluciaaerospace.com\/wp-content\/uploads\/2021\/11\/PremioCEU2-scaled-e1637761066522.jpeg\",\"width\":1200,\"height\":1600},{\"@type\":\"BreadcrumbList\",\"@id\":\"https:\/\/andaluciaaerospace.com\/en\/25178\/#breadcrumb\",\"itemListElement\":[{\"@type\":\"ListItem\",\"position\":1,\"name\":\"Portada\",\"item\":\"https:\/\/andaluciaaerospace.com\/en\/\"},{\"@type\":\"ListItem\",\"position\":2,\"name\":\"Andaluc\u00eda Aerospace receives the Fernando III award for the innovative entity of CEU\"}]},{\"@type\":\"WebSite\",\"@id\":\"https:\/\/andaluciaaerospace.com\/en\/#website\",\"url\":\"https:\/\/andaluciaaerospace.com\/en\/\",\"name\":\"Andaluc\u00eda Aerospace\",\"description\":\"Cluster empresarial aeron\u00e1utico\",\"potentialAction\":[{\"@type\":\"SearchAction\",\"target\":{\"@type\":\"EntryPoint\",\"urlTemplate\":\"https:\/\/andaluciaaerospace.com\/en\/?s={search_term_string}\"},\"query-input\":{\"@type\":\"PropertyValueSpecification\",\"valueRequired\":true,\"valueName\":\"search_term_string\"}}],\"inLanguage\":\"en-US\"},{\"@type\":\"Person\",\"@id\":\"https:\/\/andaluciaaerospace.com\/en\/#\/schema\/person\/f31cd29a7bef441635ccd740480a73fe\",\"name\":\"Comunicacion Andaluc\u00eda Aerospace\"}]}<\/script>\n<!-- \/ Yoast SEO plugin. -->","yoast_head_json":{"title":"Andaluc\u00eda Aerospace receives the Fernando III award for the innovative entity of CEU - Andaluc\u00eda Aerospace","robots":{"index":"index","follow":"follow","max-snippet":"max-snippet:-1","max-image-preview":"max-image-preview:large","max-video-preview":"max-video-preview:-1"},"canonical":"https:\/\/andaluciaaerospace.com\/en\/25178\/","og_locale":"en_US","og_type":"article","og_title":"Andaluc\u00eda Aerospace receives the Fernando III award for the innovative entity of CEU - Andaluc\u00eda Aerospace","og_description":"The President of Andaluc\u00eda Aerospace, Antonio G\u00f3mez-Guillam\u00f3n collected last Monday, November 22, the Fernando III award for the innovative entity, awarded by the San Pablo Andaluc\u00eda CEU Foundation. Innovation is in our aerospace DNA and for this reason we are very proud and grateful to receive this recognition. Press release. The San Pablo Andaluc\u00eda CEU","og_url":"https:\/\/andaluciaaerospace.com\/en\/25178\/","og_site_name":"Andaluc\u00eda Aerospace","article_published_time":"2021-11-24T13:34:08+00:00","article_modified_time":"2021-12-15T10:59:00+00:00","og_image":[{"width":1200,"height":1600,"url":"http:\/\/andaluciaaerospace.com\/wp-content\/uploads\/2021\/11\/PremioCEU2-scaled-e1637761066522.jpeg","type":"image\/jpeg"}],"author":"Comunicacion Andaluc\u00eda Aerospace","twitter_card":"summary_large_image","twitter_misc":{"Written by":"Comunicacion Andaluc\u00eda Aerospace","Est. reading time":"2 minutes"},"schema":{"@context":"https:\/\/schema.org","@graph":[{"@type":["WebPage","ItemPage"],"@id":"https:\/\/andaluciaaerospace.com\/en\/25178\/","url":"https:\/\/andaluciaaerospace.com\/en\/25178\/","name":"Andaluc\u00eda Aerospace receives the Fernando III award for the innovative entity of CEU - Andaluc\u00eda Aerospace","isPartOf":{"@id":"https:\/\/andaluciaaerospace.com\/en\/#website"},"primaryImageOfPage":{"@id":"https:\/\/andaluciaaerospace.com\/en\/25178\/#primaryimage"},"image":{"@id":"https:\/\/andaluciaaerospace.com\/en\/25178\/#primaryimage"},"thumbnailUrl":"https:\/\/andaluciaaerospace.com\/wp-content\/uploads\/2021\/11\/PremioCEU2-scaled-e1637761066522.jpeg","datePublished":"2021-11-24T13:34:08+00:00","dateModified":"2021-12-15T10:59:00+00:00","author":{"@id":"https:\/\/andaluciaaerospace.com\/en\/#\/schema\/person\/f31cd29a7bef441635ccd740480a73fe"},"breadcrumb":{"@id":"https:\/\/andaluciaaerospace.com\/en\/25178\/#breadcrumb"},"inLanguage":"en-US","potentialAction":[{"@type":"ReadAction","target":["https:\/\/andaluciaaerospace.com\/en\/25178\/"]}]},{"@type":"ImageObject","inLanguage":"en-US","@id":"https:\/\/andaluciaaerospace.com\/en\/25178\/#primaryimage","url":"https:\/\/andaluciaaerospace.com\/wp-content\/uploads\/2021\/11\/PremioCEU2-scaled-e1637761066522.jpeg","contentUrl":"https:\/\/andaluciaaerospace.com\/wp-content\/uploads\/2021\/11\/PremioCEU2-scaled-e1637761066522.jpeg","width":1200,"height":1600},{"@type":"BreadcrumbList","@id":"https:\/\/andaluciaaerospace.com\/en\/25178\/#breadcrumb","itemListElement":[{"@type":"ListItem","position":1,"name":"Portada","item":"https:\/\/andaluciaaerospace.com\/en\/"},{"@type":"ListItem","position":2,"name":"Andaluc\u00eda Aerospace receives the Fernando III award for the innovative entity of CEU"}]},{"@type":"WebSite","@id":"https:\/\/andaluciaaerospace.com\/en\/#website","url":"https:\/\/andaluciaaerospace.com\/en\/","name":"Andaluc\u00eda Aerospace","description":"Cluster empresarial aeron\u00e1utico","potentialAction":[{"@type":"SearchAction","target":{"@type":"EntryPoint","urlTemplate":"https:\/\/andaluciaaerospace.com\/en\/?s={search_term_string}"},"query-input":{"@type":"PropertyValueSpecification","valueRequired":true,"valueName":"search_term_string"}}],"inLanguage":"en-US"},{"@type":"Person","@id":"https:\/\/andaluciaaerospace.com\/en\/#\/schema\/person\/f31cd29a7bef441635ccd740480a73fe","name":"Comunicacion Andaluc\u00eda Aerospace"}]}},"_links":{"self":[{"href":"https:\/\/andaluciaaerospace.com\/en\/wp-json\/wp\/v2\/posts\/25185","targetHints":{"allow":["GET"]}}],"collection":[{"href":"https:\/\/andaluciaaerospace.com\/en\/wp-json\/wp\/v2\/posts"}],"about":[{"href":"https:\/\/andaluciaaerospace.com\/en\/wp-json\/wp\/v2\/types\/post"}],"author":[{"embeddable":true,"href":"https:\/\/andaluciaaerospace.com\/en\/wp-json\/wp\/v2\/users\/7"}],"replies":[{"embeddable":true,"href":"https:\/\/andaluciaaerospace.com\/en\/wp-json\/wp\/v2\/comments?post=25185"}],"version-history":[{"count":3,"href":"https:\/\/andaluciaaerospace.com\/en\/wp-json\/wp\/v2\/posts\/25185\/revisions"}],"predecessor-version":[{"id":25254,"href":"https:\/\/andaluciaaerospace.com\/en\/wp-json\/wp\/v2\/posts\/25185\/revisions\/25254"}],"wp:featuredmedia":[{"embeddable":true,"href":"https:\/\/andaluciaaerospace.com\/en\/wp-json\/wp\/v2\/media\/25180"}],"wp:attachment":[{"href":"https:\/\/andaluciaaerospace.com\/en\/wp-json\/wp\/v2\/media?parent=25185"}],"wp:term":[{"taxonomy":"category","embeddable":true,"href":"https:\/\/andaluciaaerospace.com\/en\/wp-json\/wp\/v2\/categories?post=25185"},{"taxonomy":"post_tag","embeddable":true,"href":"https:\/\/andaluciaaerospace.com\/en\/wp-json\/wp\/v2\/tags?post=25185"}],"curies":[{"name":"wp","href":"https:\/\/api.w.org\/{rel}","templated":true}]}}