{"id":24881,"date":"2021-09-21T09:56:19","date_gmt":"2021-09-21T07:56:19","guid":{"rendered":"https:\/\/andaluciaaerospace.com\/roman-gallego-agosto-termina-con-un-ejemplo-mas-de-la-eficacia-de-nuestro-avion-a400m\/"},"modified":"2021-09-21T09:59:51","modified_gmt":"2021-09-21T07:59:51","slug":"roman-gallego-agosto-termina-con-un-ejemplo-mas-de-la-eficacia-de-nuestro-avion-a400m","status":"publish","type":"post","link":"https:\/\/andaluciaaerospace.com\/en\/roman-gallego-agosto-termina-con-un-ejemplo-mas-de-la-eficacia-de-nuestro-avion-a400m\/","title":{"rendered":"Rom\u00e1n Gallego: August ends with one more example of the efficiency of our A400M aircraft"},"content":{"rendered":"<p>&#8220;August ends with one more example of the efficiency of our A400M aircraft used for the evacuation of people from Afghanistan.&#8221; This was stated by the Managing Director of Andaluc\u00eda Aerospace, Juan Rom\u00e1n Gallego during his participation in the radio space of <strong>Andaluc\u00eda Capital<\/strong> with Diego Garc\u00eda Cabello<\/p>\n<p>Given the relevance that this aircraft has had, Rom\u00e1n highlights the importance that must be given by the Government and, specifically, the Ministry of Defense, to this military program that can <strong>&#8220;ensure a long future for the assembly of aircraft in Andalusia&#8221;.<\/strong><\/p>\n<p>You can listen to the full comment <a href=\"https:\/\/bit.ly\/3A6FymM\" target=\"_blank\" rel=\"noopener\">here<\/a><\/p>\n","protected":false},"excerpt":{"rendered":"<p>&#8220;August ends with one more example of the efficiency of our A400M aircraft used for the evacuation of people from Afghanistan.&#8221; This was stated by the Managing Director of Andaluc\u00eda Aerospace, Juan Rom\u00e1n Gallego during his participation in the radio space of Andaluc\u00eda Capital with Diego Garc\u00eda Cabello Given the relevance that this aircraft has<\/p>\n<a class=\"btn btn-primary read-more-button\" href=\"https:\/\/andaluciaaerospace.com\/en\/roman-gallego-agosto-termina-con-un-ejemplo-mas-de-la-eficacia-de-nuestro-avion-a400m\/\">Leer m\u00e1s...<\/a>","protected":false},"author":7,"featured_media":24879,"comment_status":"open","ping_status":"open","sticky":false,"template":"","format":"standard","meta":{"_acf_changed":false,"_bbp_topic_count":0,"_bbp_reply_count":0,"_bbp_total_topic_count":0,"_bbp_total_reply_count":0,"_bbp_voice_count":0,"_bbp_anonymous_reply_count":0,"_bbp_topic_count_hidden":0,"_bbp_reply_count_hidden":0,"_bbp_forum_subforum_count":0,"footnotes":""},"categories":[161],"tags":[],"class_list":["post-24881","post","type-post","status-publish","format-standard","has-post-thumbnail","hentry","category-cluster-news"],"acf":[],"yoast_head":"<!-- This site is optimized with the Yoast SEO plugin v23.6 - https:\/\/yoast.com\/wordpress\/plugins\/seo\/ -->\n<title>Rom\u00e1n Gallego: August ends with one more example of the efficiency of our A400M aircraft - Andaluc\u00eda Aerospace<\/title>\n<meta name=\"robots\" content=\"index, follow, max-snippet:-1, max-image-preview:large, max-video-preview:-1\" \/>\n<link rel=\"canonical\" href=\"https:\/\/andaluciaaerospace.com\/en\/roman-gallego-agosto-termina-con-un-ejemplo-mas-de-la-eficacia-de-nuestro-avion-a400m\/\" \/>\n<meta property=\"og:locale\" content=\"en_US\" \/>\n<meta property=\"og:type\" content=\"article\" \/>\n<meta property=\"og:title\" content=\"Rom\u00e1n Gallego: August ends with one more example of the efficiency of our A400M aircraft - Andaluc\u00eda Aerospace\" \/>\n<meta property=\"og:description\" content=\"&#8220;August ends with one more example of the efficiency of our A400M aircraft used for the evacuation of people from Afghanistan.&#8221; This was stated by the Managing Director of Andaluc\u00eda Aerospace, Juan Rom\u00e1n Gallego during his participation in the radio space of Andaluc\u00eda Capital with Diego Garc\u00eda Cabello Given the relevance that this aircraft has\" \/>\n<meta property=\"og:url\" content=\"https:\/\/andaluciaaerospace.com\/en\/roman-gallego-agosto-termina-con-un-ejemplo-mas-de-la-eficacia-de-nuestro-avion-a400m\/\" \/>\n<meta property=\"og:site_name\" content=\"Andaluc\u00eda Aerospace\" \/>\n<meta property=\"article:published_time\" content=\"2021-09-21T07:56:19+00:00\" \/>\n<meta property=\"article:modified_time\" content=\"2021-09-21T07:59:51+00:00\" \/>\n<meta property=\"og:image\" content=\"https:\/\/andaluciaaerospace.com\/wp-content\/uploads\/2021\/09\/junroman-scaled.jpeg\" \/>\n\t<meta property=\"og:image:width\" content=\"1600\" \/>\n\t<meta property=\"og:image:height\" content=\"900\" \/>\n\t<meta property=\"og:image:type\" content=\"image\/jpeg\" \/>\n<meta name=\"author\" content=\"Comunicacion Andaluc\u00eda Aerospace\" \/>\n<meta name=\"twitter:card\" content=\"summary_large_image\" \/>\n<meta name=\"twitter:label1\" content=\"Written by\" \/>\n\t<meta name=\"twitter:data1\" content=\"Comunicacion Andaluc\u00eda Aerospace\" \/>\n\t<meta name=\"twitter:label2\" content=\"Est. reading time\" \/>\n\t<meta name=\"twitter:data2\" content=\"1 minute\" \/>\n<script type=\"application\/ld+json\" class=\"yoast-schema-graph\">{\"@context\":\"https:\/\/schema.org\",\"@graph\":[{\"@type\":[\"WebPage\",\"ItemPage\"],\"@id\":\"https:\/\/andaluciaaerospace.com\/en\/roman-gallego-agosto-termina-con-un-ejemplo-mas-de-la-eficacia-de-nuestro-avion-a400m\/\",\"url\":\"https:\/\/andaluciaaerospace.com\/en\/roman-gallego-agosto-termina-con-un-ejemplo-mas-de-la-eficacia-de-nuestro-avion-a400m\/\",\"name\":\"Rom\u00e1n Gallego: August ends with one more example of the efficiency of our A400M aircraft - Andaluc\u00eda Aerospace\",\"isPartOf\":{\"@id\":\"https:\/\/andaluciaaerospace.com\/en\/#website\"},\"primaryImageOfPage\":{\"@id\":\"https:\/\/andaluciaaerospace.com\/en\/roman-gallego-agosto-termina-con-un-ejemplo-mas-de-la-eficacia-de-nuestro-avion-a400m\/#primaryimage\"},\"image\":{\"@id\":\"https:\/\/andaluciaaerospace.com\/en\/roman-gallego-agosto-termina-con-un-ejemplo-mas-de-la-eficacia-de-nuestro-avion-a400m\/#primaryimage\"},\"thumbnailUrl\":\"https:\/\/andaluciaaerospace.com\/wp-content\/uploads\/2021\/09\/junroman-scaled.jpeg\",\"datePublished\":\"2021-09-21T07:56:19+00:00\",\"dateModified\":\"2021-09-21T07:59:51+00:00\",\"author\":{\"@id\":\"https:\/\/andaluciaaerospace.com\/en\/#\/schema\/person\/f31cd29a7bef441635ccd740480a73fe\"},\"breadcrumb\":{\"@id\":\"https:\/\/andaluciaaerospace.com\/en\/roman-gallego-agosto-termina-con-un-ejemplo-mas-de-la-eficacia-de-nuestro-avion-a400m\/#breadcrumb\"},\"inLanguage\":\"en-US\",\"potentialAction\":[{\"@type\":\"ReadAction\",\"target\":[\"https:\/\/andaluciaaerospace.com\/en\/roman-gallego-agosto-termina-con-un-ejemplo-mas-de-la-eficacia-de-nuestro-avion-a400m\/\"]}]},{\"@type\":\"ImageObject\",\"inLanguage\":\"en-US\",\"@id\":\"https:\/\/andaluciaaerospace.com\/en\/roman-gallego-agosto-termina-con-un-ejemplo-mas-de-la-eficacia-de-nuestro-avion-a400m\/#primaryimage\",\"url\":\"https:\/\/andaluciaaerospace.com\/wp-content\/uploads\/2021\/09\/junroman-scaled.jpeg\",\"contentUrl\":\"https:\/\/andaluciaaerospace.com\/wp-content\/uploads\/2021\/09\/junroman-scaled.jpeg\",\"width\":1600,\"height\":900},{\"@type\":\"BreadcrumbList\",\"@id\":\"https:\/\/andaluciaaerospace.com\/en\/roman-gallego-agosto-termina-con-un-ejemplo-mas-de-la-eficacia-de-nuestro-avion-a400m\/#breadcrumb\",\"itemListElement\":[{\"@type\":\"ListItem\",\"position\":1,\"name\":\"Portada\",\"item\":\"https:\/\/andaluciaaerospace.com\/en\/\"},{\"@type\":\"ListItem\",\"position\":2,\"name\":\"Rom\u00e1n Gallego: August ends with one more example of the efficiency of our A400M aircraft\"}]},{\"@type\":\"WebSite\",\"@id\":\"https:\/\/andaluciaaerospace.com\/en\/#website\",\"url\":\"https:\/\/andaluciaaerospace.com\/en\/\",\"name\":\"Andaluc\u00eda Aerospace\",\"description\":\"Cluster empresarial aeron\u00e1utico\",\"potentialAction\":[{\"@type\":\"SearchAction\",\"target\":{\"@type\":\"EntryPoint\",\"urlTemplate\":\"https:\/\/andaluciaaerospace.com\/en\/?s={search_term_string}\"},\"query-input\":{\"@type\":\"PropertyValueSpecification\",\"valueRequired\":true,\"valueName\":\"search_term_string\"}}],\"inLanguage\":\"en-US\"},{\"@type\":\"Person\",\"@id\":\"https:\/\/andaluciaaerospace.com\/en\/#\/schema\/person\/f31cd29a7bef441635ccd740480a73fe\",\"name\":\"Comunicacion Andaluc\u00eda Aerospace\"}]}<\/script>\n<!-- \/ Yoast SEO plugin. -->","yoast_head_json":{"title":"Rom\u00e1n Gallego: August ends with one more example of the efficiency of our A400M aircraft - Andaluc\u00eda Aerospace","robots":{"index":"index","follow":"follow","max-snippet":"max-snippet:-1","max-image-preview":"max-image-preview:large","max-video-preview":"max-video-preview:-1"},"canonical":"https:\/\/andaluciaaerospace.com\/en\/roman-gallego-agosto-termina-con-un-ejemplo-mas-de-la-eficacia-de-nuestro-avion-a400m\/","og_locale":"en_US","og_type":"article","og_title":"Rom\u00e1n Gallego: August ends with one more example of the efficiency of our A400M aircraft - Andaluc\u00eda Aerospace","og_description":"&#8220;August ends with one more example of the efficiency of our A400M aircraft used for the evacuation of people from Afghanistan.&#8221; This was stated by the Managing Director of Andaluc\u00eda Aerospace, Juan Rom\u00e1n Gallego during his participation in the radio space of Andaluc\u00eda Capital with Diego Garc\u00eda Cabello Given the relevance that this aircraft has","og_url":"https:\/\/andaluciaaerospace.com\/en\/roman-gallego-agosto-termina-con-un-ejemplo-mas-de-la-eficacia-de-nuestro-avion-a400m\/","og_site_name":"Andaluc\u00eda Aerospace","article_published_time":"2021-09-21T07:56:19+00:00","article_modified_time":"2021-09-21T07:59:51+00:00","og_image":[{"width":1600,"height":900,"url":"https:\/\/andaluciaaerospace.com\/wp-content\/uploads\/2021\/09\/junroman-scaled.jpeg","type":"image\/jpeg"}],"author":"Comunicacion Andaluc\u00eda Aerospace","twitter_card":"summary_large_image","twitter_misc":{"Written by":"Comunicacion Andaluc\u00eda Aerospace","Est. reading time":"1 minute"},"schema":{"@context":"https:\/\/schema.org","@graph":[{"@type":["WebPage","ItemPage"],"@id":"https:\/\/andaluciaaerospace.com\/en\/roman-gallego-agosto-termina-con-un-ejemplo-mas-de-la-eficacia-de-nuestro-avion-a400m\/","url":"https:\/\/andaluciaaerospace.com\/en\/roman-gallego-agosto-termina-con-un-ejemplo-mas-de-la-eficacia-de-nuestro-avion-a400m\/","name":"Rom\u00e1n Gallego: August ends with one more example of the efficiency of our A400M aircraft - Andaluc\u00eda Aerospace","isPartOf":{"@id":"https:\/\/andaluciaaerospace.com\/en\/#website"},"primaryImageOfPage":{"@id":"https:\/\/andaluciaaerospace.com\/en\/roman-gallego-agosto-termina-con-un-ejemplo-mas-de-la-eficacia-de-nuestro-avion-a400m\/#primaryimage"},"image":{"@id":"https:\/\/andaluciaaerospace.com\/en\/roman-gallego-agosto-termina-con-un-ejemplo-mas-de-la-eficacia-de-nuestro-avion-a400m\/#primaryimage"},"thumbnailUrl":"https:\/\/andaluciaaerospace.com\/wp-content\/uploads\/2021\/09\/junroman-scaled.jpeg","datePublished":"2021-09-21T07:56:19+00:00","dateModified":"2021-09-21T07:59:51+00:00","author":{"@id":"https:\/\/andaluciaaerospace.com\/en\/#\/schema\/person\/f31cd29a7bef441635ccd740480a73fe"},"breadcrumb":{"@id":"https:\/\/andaluciaaerospace.com\/en\/roman-gallego-agosto-termina-con-un-ejemplo-mas-de-la-eficacia-de-nuestro-avion-a400m\/#breadcrumb"},"inLanguage":"en-US","potentialAction":[{"@type":"ReadAction","target":["https:\/\/andaluciaaerospace.com\/en\/roman-gallego-agosto-termina-con-un-ejemplo-mas-de-la-eficacia-de-nuestro-avion-a400m\/"]}]},{"@type":"ImageObject","inLanguage":"en-US","@id":"https:\/\/andaluciaaerospace.com\/en\/roman-gallego-agosto-termina-con-un-ejemplo-mas-de-la-eficacia-de-nuestro-avion-a400m\/#primaryimage","url":"https:\/\/andaluciaaerospace.com\/wp-content\/uploads\/2021\/09\/junroman-scaled.jpeg","contentUrl":"https:\/\/andaluciaaerospace.com\/wp-content\/uploads\/2021\/09\/junroman-scaled.jpeg","width":1600,"height":900},{"@type":"BreadcrumbList","@id":"https:\/\/andaluciaaerospace.com\/en\/roman-gallego-agosto-termina-con-un-ejemplo-mas-de-la-eficacia-de-nuestro-avion-a400m\/#breadcrumb","itemListElement":[{"@type":"ListItem","position":1,"name":"Portada","item":"https:\/\/andaluciaaerospace.com\/en\/"},{"@type":"ListItem","position":2,"name":"Rom\u00e1n Gallego: August ends with one more example of the efficiency of our A400M aircraft"}]},{"@type":"WebSite","@id":"https:\/\/andaluciaaerospace.com\/en\/#website","url":"https:\/\/andaluciaaerospace.com\/en\/","name":"Andaluc\u00eda Aerospace","description":"Cluster empresarial aeron\u00e1utico","potentialAction":[{"@type":"SearchAction","target":{"@type":"EntryPoint","urlTemplate":"https:\/\/andaluciaaerospace.com\/en\/?s={search_term_string}"},"query-input":{"@type":"PropertyValueSpecification","valueRequired":true,"valueName":"search_term_string"}}],"inLanguage":"en-US"},{"@type":"Person","@id":"https:\/\/andaluciaaerospace.com\/en\/#\/schema\/person\/f31cd29a7bef441635ccd740480a73fe","name":"Comunicacion Andaluc\u00eda Aerospace"}]}},"_links":{"self":[{"href":"https:\/\/andaluciaaerospace.com\/en\/wp-json\/wp\/v2\/posts\/24881","targetHints":{"allow":["GET"]}}],"collection":[{"href":"https:\/\/andaluciaaerospace.com\/en\/wp-json\/wp\/v2\/posts"}],"about":[{"href":"https:\/\/andaluciaaerospace.com\/en\/wp-json\/wp\/v2\/types\/post"}],"author":[{"embeddable":true,"href":"https:\/\/andaluciaaerospace.com\/en\/wp-json\/wp\/v2\/users\/7"}],"replies":[{"embeddable":true,"href":"https:\/\/andaluciaaerospace.com\/en\/wp-json\/wp\/v2\/comments?post=24881"}],"version-history":[{"count":1,"href":"https:\/\/andaluciaaerospace.com\/en\/wp-json\/wp\/v2\/posts\/24881\/revisions"}],"predecessor-version":[{"id":24882,"href":"https:\/\/andaluciaaerospace.com\/en\/wp-json\/wp\/v2\/posts\/24881\/revisions\/24882"}],"wp:featuredmedia":[{"embeddable":true,"href":"https:\/\/andaluciaaerospace.com\/en\/wp-json\/wp\/v2\/media\/24879"}],"wp:attachment":[{"href":"https:\/\/andaluciaaerospace.com\/en\/wp-json\/wp\/v2\/media?parent=24881"}],"wp:term":[{"taxonomy":"category","embeddable":true,"href":"https:\/\/andaluciaaerospace.com\/en\/wp-json\/wp\/v2\/categories?post=24881"},{"taxonomy":"post_tag","embeddable":true,"href":"https:\/\/andaluciaaerospace.com\/en\/wp-json\/wp\/v2\/tags?post=24881"}],"curies":[{"name":"wp","href":"https:\/\/api.w.org\/{rel}","templated":true}]}}