{"id":24873,"date":"2021-09-07T12:35:04","date_gmt":"2021-09-07T10:35:04","guid":{"rendered":"https:\/\/andaluciaaerospace.com\/antonio-gomez-guillamon-sevilla-es-el-centro-mundial-de-aviones-de-transporte-militar\/"},"modified":"2021-09-21T09:52:51","modified_gmt":"2021-09-21T07:52:51","slug":"antonio-gomez-guillamon-sevilla-es-el-centro-mundial-de-aviones-de-transporte-militar","status":"publish","type":"post","link":"https:\/\/andaluciaaerospace.com\/en\/antonio-gomez-guillamon-sevilla-es-el-centro-mundial-de-aviones-de-transporte-militar\/","title":{"rendered":"Antonio G\u00f3mez-Guillam\u00f3n: Seville is the world center for military transport aircraft"},"content":{"rendered":"<p><em>The recent prominence that the A400M has had in humanitarian missions to Kabul has once again aroused interest in the development of the aerospace sector in Andalusia, hand in hand with the military industry<\/em><\/p>\n<p>The <a href=\"https:\/\/sevilla.abc.es\/economia\/sevi-a400m-pasan-prueba-fuego-crisis-sanitaria-covid-y-afganistan-202108302251_noticia.html?mc_cid=8dae0db1be&amp;mc_eid=UNIQID\" target=\"_blank\" rel=\"noopener\">situation in Afghanistan has shown the potential of platforms such as the <strong>A400M<\/strong><\/a>, an aircraft capable of operating in complex environments and whose assembly is carried out at the Airbus Final Assembly Line in Seville. In this sense, Antonio G\u00f3mez-Guillam\u00f3n, president of the Andaluc\u00eda Aerospace cluster, highlighted in the program <strong>El mirador de Canal Sur<\/strong>, that it is a key moment for the industry, since the media exposure that these aircraft have had, &#8220;will logically awaken the market and possible sales (&#8230;) this will allow the industry that we now have to generate employment, economic benefits and that it can be maintained for many more years, even beyond 2030, &#8220;he said.<\/p>\n<p>&#8220;Certainly they were planes with a humanitarian mission, but within a warlike environment.&#8221; This was stated by G\u00f3mez-Guillam\u00f3n, stressing in turn that operating an aircraft with the capacity to carry out a humanitarian mission of this nature and, at the same time, having the capacity to respond to any conflict, was an imperative need. In that sense, the A400M made clear its ability to live up to the requirement.<\/p>\n<h3>Take off from Andalusia<\/h3>\n<p>The A400M is a true emblem for all of Andalusia and specifically for Seville, as the president of the Andalusia Aerospace cluster has shown, who also recalls that the aerospace sector in the region is much more than a model airplane.<\/p>\n<p>&#8220;We forget to think that <strong>Seville is today the world center for military transport<\/strong> planes or humanitarian logistics planes.&#8221; G\u00f3mez-Guillam\u00f3n affirms, highlighting in turn that if there is something that characterizes the Andalusian region, it is having the main companies in the sector on its land.<\/p>\n<h3>The challenges of the sector<\/h3>\n<p>The defense sector at the European level &#8220;is taking very firm steps to jointly advance new and future military technologies.&#8221; For this, it is essential to take on the challenge of international development by companies in the Andalusian aerospace sector that &#8220;have all the capabilities&#8221; to take on this challenge, according to G\u00f3mez-Guillam\u00f3n.<\/p>\n<p>Another challenge is that of innovation and that of providing differential value to &#8220;our products and our technology&#8221;. Specifically, the president of the cluster referred to the reduction of carbon emissions, a challenge that has the magnifying glass on the sector.<\/p>\n<p>You can listen to the full interview <a href=\"https:\/\/www.canalsur.es\/radio\/programas\/el-mirador-de-andalucia\/detalle\/2406172.html?video=1747327\" target=\"_blank\" rel=\"noopener\">here<\/a> from minute 50 &#8216;.<\/p>\n","protected":false},"excerpt":{"rendered":"<p>The recent prominence that the A400M has had in humanitarian missions to Kabul has once again aroused interest in the development of the aerospace sector in Andalusia, hand in hand with the military industry The situation in Afghanistan has shown the potential of platforms such as the A400M, an aircraft capable of operating in complex<\/p>\n<a class=\"btn btn-primary read-more-button\" href=\"https:\/\/andaluciaaerospace.com\/en\/antonio-gomez-guillamon-sevilla-es-el-centro-mundial-de-aviones-de-transporte-militar\/\">Leer m\u00e1s...<\/a>","protected":false},"author":7,"featured_media":24838,"comment_status":"open","ping_status":"open","sticky":false,"template":"","format":"standard","meta":{"_acf_changed":false,"_bbp_topic_count":0,"_bbp_reply_count":0,"_bbp_total_topic_count":0,"_bbp_total_reply_count":0,"_bbp_voice_count":0,"_bbp_anonymous_reply_count":0,"_bbp_topic_count_hidden":0,"_bbp_reply_count_hidden":0,"_bbp_forum_subforum_count":0,"footnotes":""},"categories":[161],"tags":[],"class_list":["post-24873","post","type-post","status-publish","format-standard","has-post-thumbnail","hentry","category-cluster-news"],"acf":[],"yoast_head":"<!-- This site is optimized with the Yoast SEO plugin v23.6 - https:\/\/yoast.com\/wordpress\/plugins\/seo\/ -->\n<title>Antonio G\u00f3mez-Guillam\u00f3n: Seville is the world center for military transport aircraft - Andaluc\u00eda Aerospace<\/title>\n<meta name=\"robots\" content=\"index, follow, max-snippet:-1, max-image-preview:large, max-video-preview:-1\" \/>\n<link rel=\"canonical\" href=\"https:\/\/andaluciaaerospace.com\/en\/antonio-gomez-guillamon-sevilla-es-el-centro-mundial-de-aviones-de-transporte-militar\/\" \/>\n<meta property=\"og:locale\" content=\"en_US\" \/>\n<meta property=\"og:type\" content=\"article\" \/>\n<meta property=\"og:title\" content=\"Antonio G\u00f3mez-Guillam\u00f3n: Seville is the world center for military transport aircraft - Andaluc\u00eda Aerospace\" \/>\n<meta property=\"og:description\" content=\"The recent prominence that the A400M has had in humanitarian missions to Kabul has once again aroused interest in the development of the aerospace sector in Andalusia, hand in hand with the military industry The situation in Afghanistan has shown the potential of platforms such as the A400M, an aircraft capable of operating in complex\" \/>\n<meta property=\"og:url\" content=\"https:\/\/andaluciaaerospace.com\/en\/antonio-gomez-guillamon-sevilla-es-el-centro-mundial-de-aviones-de-transporte-militar\/\" \/>\n<meta property=\"og:site_name\" content=\"Andaluc\u00eda Aerospace\" \/>\n<meta property=\"article:published_time\" content=\"2021-09-07T10:35:04+00:00\" \/>\n<meta property=\"article:modified_time\" content=\"2021-09-21T07:52:51+00:00\" \/>\n<meta property=\"og:image\" content=\"https:\/\/andaluciaaerospace.com\/wp-content\/uploads\/2021\/09\/AntonioGomezGuillamon.jpeg\" \/>\n\t<meta property=\"og:image:width\" content=\"932\" \/>\n\t<meta property=\"og:image:height\" content=\"526\" \/>\n\t<meta property=\"og:image:type\" content=\"image\/jpeg\" \/>\n<meta name=\"author\" content=\"Comunicacion Andaluc\u00eda Aerospace\" \/>\n<meta name=\"twitter:card\" content=\"summary_large_image\" \/>\n<meta name=\"twitter:label1\" content=\"Written by\" \/>\n\t<meta name=\"twitter:data1\" content=\"Comunicacion Andaluc\u00eda Aerospace\" \/>\n\t<meta name=\"twitter:label2\" content=\"Est. reading time\" \/>\n\t<meta name=\"twitter:data2\" content=\"2 minutes\" \/>\n<script type=\"application\/ld+json\" class=\"yoast-schema-graph\">{\"@context\":\"https:\/\/schema.org\",\"@graph\":[{\"@type\":[\"WebPage\",\"ItemPage\"],\"@id\":\"https:\/\/andaluciaaerospace.com\/en\/antonio-gomez-guillamon-sevilla-es-el-centro-mundial-de-aviones-de-transporte-militar\/\",\"url\":\"https:\/\/andaluciaaerospace.com\/en\/antonio-gomez-guillamon-sevilla-es-el-centro-mundial-de-aviones-de-transporte-militar\/\",\"name\":\"Antonio G\u00f3mez-Guillam\u00f3n: Seville is the world center for military transport aircraft - Andaluc\u00eda Aerospace\",\"isPartOf\":{\"@id\":\"https:\/\/andaluciaaerospace.com\/en\/#website\"},\"primaryImageOfPage\":{\"@id\":\"https:\/\/andaluciaaerospace.com\/en\/antonio-gomez-guillamon-sevilla-es-el-centro-mundial-de-aviones-de-transporte-militar\/#primaryimage\"},\"image\":{\"@id\":\"https:\/\/andaluciaaerospace.com\/en\/antonio-gomez-guillamon-sevilla-es-el-centro-mundial-de-aviones-de-transporte-militar\/#primaryimage\"},\"thumbnailUrl\":\"https:\/\/andaluciaaerospace.com\/wp-content\/uploads\/2021\/09\/AntonioGomezGuillamon.jpeg\",\"datePublished\":\"2021-09-07T10:35:04+00:00\",\"dateModified\":\"2021-09-21T07:52:51+00:00\",\"author\":{\"@id\":\"https:\/\/andaluciaaerospace.com\/en\/#\/schema\/person\/f31cd29a7bef441635ccd740480a73fe\"},\"breadcrumb\":{\"@id\":\"https:\/\/andaluciaaerospace.com\/en\/antonio-gomez-guillamon-sevilla-es-el-centro-mundial-de-aviones-de-transporte-militar\/#breadcrumb\"},\"inLanguage\":\"en-US\",\"potentialAction\":[{\"@type\":\"ReadAction\",\"target\":[\"https:\/\/andaluciaaerospace.com\/en\/antonio-gomez-guillamon-sevilla-es-el-centro-mundial-de-aviones-de-transporte-militar\/\"]}]},{\"@type\":\"ImageObject\",\"inLanguage\":\"en-US\",\"@id\":\"https:\/\/andaluciaaerospace.com\/en\/antonio-gomez-guillamon-sevilla-es-el-centro-mundial-de-aviones-de-transporte-militar\/#primaryimage\",\"url\":\"https:\/\/andaluciaaerospace.com\/wp-content\/uploads\/2021\/09\/AntonioGomezGuillamon.jpeg\",\"contentUrl\":\"https:\/\/andaluciaaerospace.com\/wp-content\/uploads\/2021\/09\/AntonioGomezGuillamon.jpeg\",\"width\":932,\"height\":526},{\"@type\":\"BreadcrumbList\",\"@id\":\"https:\/\/andaluciaaerospace.com\/en\/antonio-gomez-guillamon-sevilla-es-el-centro-mundial-de-aviones-de-transporte-militar\/#breadcrumb\",\"itemListElement\":[{\"@type\":\"ListItem\",\"position\":1,\"name\":\"Portada\",\"item\":\"https:\/\/andaluciaaerospace.com\/en\/\"},{\"@type\":\"ListItem\",\"position\":2,\"name\":\"Antonio G\u00f3mez-Guillam\u00f3n: Seville is the world center for military transport aircraft\"}]},{\"@type\":\"WebSite\",\"@id\":\"https:\/\/andaluciaaerospace.com\/en\/#website\",\"url\":\"https:\/\/andaluciaaerospace.com\/en\/\",\"name\":\"Andaluc\u00eda Aerospace\",\"description\":\"Cluster empresarial aeron\u00e1utico\",\"potentialAction\":[{\"@type\":\"SearchAction\",\"target\":{\"@type\":\"EntryPoint\",\"urlTemplate\":\"https:\/\/andaluciaaerospace.com\/en\/?s={search_term_string}\"},\"query-input\":{\"@type\":\"PropertyValueSpecification\",\"valueRequired\":true,\"valueName\":\"search_term_string\"}}],\"inLanguage\":\"en-US\"},{\"@type\":\"Person\",\"@id\":\"https:\/\/andaluciaaerospace.com\/en\/#\/schema\/person\/f31cd29a7bef441635ccd740480a73fe\",\"name\":\"Comunicacion Andaluc\u00eda Aerospace\"}]}<\/script>\n<!-- \/ Yoast SEO plugin. -->","yoast_head_json":{"title":"Antonio G\u00f3mez-Guillam\u00f3n: Seville is the world center for military transport aircraft - Andaluc\u00eda Aerospace","robots":{"index":"index","follow":"follow","max-snippet":"max-snippet:-1","max-image-preview":"max-image-preview:large","max-video-preview":"max-video-preview:-1"},"canonical":"https:\/\/andaluciaaerospace.com\/en\/antonio-gomez-guillamon-sevilla-es-el-centro-mundial-de-aviones-de-transporte-militar\/","og_locale":"en_US","og_type":"article","og_title":"Antonio G\u00f3mez-Guillam\u00f3n: Seville is the world center for military transport aircraft - Andaluc\u00eda Aerospace","og_description":"The recent prominence that the A400M has had in humanitarian missions to Kabul has once again aroused interest in the development of the aerospace sector in Andalusia, hand in hand with the military industry The situation in Afghanistan has shown the potential of platforms such as the A400M, an aircraft capable of operating in complex","og_url":"https:\/\/andaluciaaerospace.com\/en\/antonio-gomez-guillamon-sevilla-es-el-centro-mundial-de-aviones-de-transporte-militar\/","og_site_name":"Andaluc\u00eda Aerospace","article_published_time":"2021-09-07T10:35:04+00:00","article_modified_time":"2021-09-21T07:52:51+00:00","og_image":[{"width":932,"height":526,"url":"https:\/\/andaluciaaerospace.com\/wp-content\/uploads\/2021\/09\/AntonioGomezGuillamon.jpeg","type":"image\/jpeg"}],"author":"Comunicacion Andaluc\u00eda Aerospace","twitter_card":"summary_large_image","twitter_misc":{"Written by":"Comunicacion Andaluc\u00eda Aerospace","Est. reading time":"2 minutes"},"schema":{"@context":"https:\/\/schema.org","@graph":[{"@type":["WebPage","ItemPage"],"@id":"https:\/\/andaluciaaerospace.com\/en\/antonio-gomez-guillamon-sevilla-es-el-centro-mundial-de-aviones-de-transporte-militar\/","url":"https:\/\/andaluciaaerospace.com\/en\/antonio-gomez-guillamon-sevilla-es-el-centro-mundial-de-aviones-de-transporte-militar\/","name":"Antonio G\u00f3mez-Guillam\u00f3n: Seville is the world center for military transport aircraft - Andaluc\u00eda Aerospace","isPartOf":{"@id":"https:\/\/andaluciaaerospace.com\/en\/#website"},"primaryImageOfPage":{"@id":"https:\/\/andaluciaaerospace.com\/en\/antonio-gomez-guillamon-sevilla-es-el-centro-mundial-de-aviones-de-transporte-militar\/#primaryimage"},"image":{"@id":"https:\/\/andaluciaaerospace.com\/en\/antonio-gomez-guillamon-sevilla-es-el-centro-mundial-de-aviones-de-transporte-militar\/#primaryimage"},"thumbnailUrl":"https:\/\/andaluciaaerospace.com\/wp-content\/uploads\/2021\/09\/AntonioGomezGuillamon.jpeg","datePublished":"2021-09-07T10:35:04+00:00","dateModified":"2021-09-21T07:52:51+00:00","author":{"@id":"https:\/\/andaluciaaerospace.com\/en\/#\/schema\/person\/f31cd29a7bef441635ccd740480a73fe"},"breadcrumb":{"@id":"https:\/\/andaluciaaerospace.com\/en\/antonio-gomez-guillamon-sevilla-es-el-centro-mundial-de-aviones-de-transporte-militar\/#breadcrumb"},"inLanguage":"en-US","potentialAction":[{"@type":"ReadAction","target":["https:\/\/andaluciaaerospace.com\/en\/antonio-gomez-guillamon-sevilla-es-el-centro-mundial-de-aviones-de-transporte-militar\/"]}]},{"@type":"ImageObject","inLanguage":"en-US","@id":"https:\/\/andaluciaaerospace.com\/en\/antonio-gomez-guillamon-sevilla-es-el-centro-mundial-de-aviones-de-transporte-militar\/#primaryimage","url":"https:\/\/andaluciaaerospace.com\/wp-content\/uploads\/2021\/09\/AntonioGomezGuillamon.jpeg","contentUrl":"https:\/\/andaluciaaerospace.com\/wp-content\/uploads\/2021\/09\/AntonioGomezGuillamon.jpeg","width":932,"height":526},{"@type":"BreadcrumbList","@id":"https:\/\/andaluciaaerospace.com\/en\/antonio-gomez-guillamon-sevilla-es-el-centro-mundial-de-aviones-de-transporte-militar\/#breadcrumb","itemListElement":[{"@type":"ListItem","position":1,"name":"Portada","item":"https:\/\/andaluciaaerospace.com\/en\/"},{"@type":"ListItem","position":2,"name":"Antonio G\u00f3mez-Guillam\u00f3n: Seville is the world center for military transport aircraft"}]},{"@type":"WebSite","@id":"https:\/\/andaluciaaerospace.com\/en\/#website","url":"https:\/\/andaluciaaerospace.com\/en\/","name":"Andaluc\u00eda Aerospace","description":"Cluster empresarial aeron\u00e1utico","potentialAction":[{"@type":"SearchAction","target":{"@type":"EntryPoint","urlTemplate":"https:\/\/andaluciaaerospace.com\/en\/?s={search_term_string}"},"query-input":{"@type":"PropertyValueSpecification","valueRequired":true,"valueName":"search_term_string"}}],"inLanguage":"en-US"},{"@type":"Person","@id":"https:\/\/andaluciaaerospace.com\/en\/#\/schema\/person\/f31cd29a7bef441635ccd740480a73fe","name":"Comunicacion Andaluc\u00eda Aerospace"}]}},"_links":{"self":[{"href":"https:\/\/andaluciaaerospace.com\/en\/wp-json\/wp\/v2\/posts\/24873","targetHints":{"allow":["GET"]}}],"collection":[{"href":"https:\/\/andaluciaaerospace.com\/en\/wp-json\/wp\/v2\/posts"}],"about":[{"href":"https:\/\/andaluciaaerospace.com\/en\/wp-json\/wp\/v2\/types\/post"}],"author":[{"embeddable":true,"href":"https:\/\/andaluciaaerospace.com\/en\/wp-json\/wp\/v2\/users\/7"}],"replies":[{"embeddable":true,"href":"https:\/\/andaluciaaerospace.com\/en\/wp-json\/wp\/v2\/comments?post=24873"}],"version-history":[{"count":3,"href":"https:\/\/andaluciaaerospace.com\/en\/wp-json\/wp\/v2\/posts\/24873\/revisions"}],"predecessor-version":[{"id":24876,"href":"https:\/\/andaluciaaerospace.com\/en\/wp-json\/wp\/v2\/posts\/24873\/revisions\/24876"}],"wp:featuredmedia":[{"embeddable":true,"href":"https:\/\/andaluciaaerospace.com\/en\/wp-json\/wp\/v2\/media\/24838"}],"wp:attachment":[{"href":"https:\/\/andaluciaaerospace.com\/en\/wp-json\/wp\/v2\/media?parent=24873"}],"wp:term":[{"taxonomy":"category","embeddable":true,"href":"https:\/\/andaluciaaerospace.com\/en\/wp-json\/wp\/v2\/categories?post=24873"},{"taxonomy":"post_tag","embeddable":true,"href":"https:\/\/andaluciaaerospace.com\/en\/wp-json\/wp\/v2\/tags?post=24873"}],"curies":[{"name":"wp","href":"https:\/\/api.w.org\/{rel}","templated":true}]}}