{"id":24824,"date":"2021-09-03T12:40:43","date_gmt":"2021-09-03T10:40:43","guid":{"rendered":"https:\/\/andaluciaaerospace.com\/acuerdo-de-colaboracion-contursa-andalucia-aerospace\/"},"modified":"2021-09-06T13:18:02","modified_gmt":"2021-09-06T11:18:02","slug":"acuerdo-de-colaboracion-contursa-andalucia-aerospace","status":"publish","type":"post","link":"https:\/\/andaluciaaerospace.com\/en\/acuerdo-de-colaboracion-contursa-andalucia-aerospace\/","title":{"rendered":"Collaboration agreement | CONTURSA &#8211; Andalusia Aerospace"},"content":{"rendered":"<p>We are pleased to announce the recent signing of the collaboration agreement between CONTURSA and Andaluc\u00eda Aerospace. The signature was signed with Mr. Antonio Jes\u00fas Jim\u00e9nez Ruiz, representative of CONTURSA, manager of the Seville Conference and Exhibition Center (FIBES).<\/p>\n<p>The main purpose of the agreement is to establish collaboration between both entities for the organization of the HUMANITARIAN congress, scheduled for 2023 at FIBES.<\/p>\n<p>From the cluster, through these actions, we want to value the Andalusian logistics activity to provide humanitarian work services such as the recent feats of the A400M: <a href=\"https:\/\/sevilla.abc.es\/economia\/sevi-a400m-pasan-prueba-fuego-crisis-sanitaria-covid-y-afganistan-202108302251_noticia.html?mc_cid=8dae0db1be&amp;mc_eid=UNIQID\" target=\"_blank\" rel=\"noopener\">the evacuation of Afghanistan as well as the transfer of patients and transport of medical supplies during the pandemic.<\/a><\/p>\n","protected":false},"excerpt":{"rendered":"<p>We are pleased to announce the recent signing of the collaboration agreement between CONTURSA and Andaluc\u00eda Aerospace. The signature was signed with Mr. Antonio Jes\u00fas Jim\u00e9nez Ruiz, representative of CONTURSA, manager of the Seville Conference and Exhibition Center (FIBES). The main purpose of the agreement is to establish collaboration between both entities for the organization<\/p>\n<a class=\"btn btn-primary read-more-button\" href=\"https:\/\/andaluciaaerospace.com\/en\/acuerdo-de-colaboracion-contursa-andalucia-aerospace\/\">Leer m\u00e1s...<\/a>","protected":false},"author":7,"featured_media":24822,"comment_status":"open","ping_status":"open","sticky":false,"template":"","format":"standard","meta":{"_acf_changed":false,"_bbp_topic_count":0,"_bbp_reply_count":0,"_bbp_total_topic_count":0,"_bbp_total_reply_count":0,"_bbp_voice_count":0,"_bbp_anonymous_reply_count":0,"_bbp_topic_count_hidden":0,"_bbp_reply_count_hidden":0,"_bbp_forum_subforum_count":0,"footnotes":""},"categories":[161],"tags":[],"class_list":["post-24824","post","type-post","status-publish","format-standard","has-post-thumbnail","hentry","category-cluster-news"],"acf":[],"yoast_head":"<!-- This site is optimized with the Yoast SEO plugin v23.6 - https:\/\/yoast.com\/wordpress\/plugins\/seo\/ -->\n<title>Collaboration agreement | CONTURSA - Andalusia Aerospace - Andaluc\u00eda Aerospace<\/title>\n<meta name=\"robots\" content=\"index, follow, max-snippet:-1, max-image-preview:large, max-video-preview:-1\" \/>\n<link rel=\"canonical\" href=\"https:\/\/andaluciaaerospace.com\/en\/acuerdo-de-colaboracion-contursa-andalucia-aerospace\/\" \/>\n<meta property=\"og:locale\" content=\"en_US\" \/>\n<meta property=\"og:type\" content=\"article\" \/>\n<meta property=\"og:title\" content=\"Collaboration agreement | CONTURSA - Andalusia Aerospace - Andaluc\u00eda Aerospace\" \/>\n<meta property=\"og:description\" content=\"We are pleased to announce the recent signing of the collaboration agreement between CONTURSA and Andaluc\u00eda Aerospace. The signature was signed with Mr. Antonio Jes\u00fas Jim\u00e9nez Ruiz, representative of CONTURSA, manager of the Seville Conference and Exhibition Center (FIBES). The main purpose of the agreement is to establish collaboration between both entities for the organization\" \/>\n<meta property=\"og:url\" content=\"https:\/\/andaluciaaerospace.com\/en\/acuerdo-de-colaboracion-contursa-andalucia-aerospace\/\" \/>\n<meta property=\"og:site_name\" content=\"Andaluc\u00eda Aerospace\" \/>\n<meta property=\"article:published_time\" content=\"2021-09-03T10:40:43+00:00\" \/>\n<meta property=\"article:modified_time\" content=\"2021-09-06T11:18:02+00:00\" \/>\n<meta property=\"og:image\" content=\"http:\/\/andaluciaaerospace.com\/wp-content\/uploads\/2021\/09\/Acuerdo-de-colaboracio\u0301n-CONTURSA-scaled.jpeg\" \/>\n\t<meta property=\"og:image:width\" content=\"1600\" \/>\n\t<meta property=\"og:image:height\" content=\"900\" \/>\n\t<meta property=\"og:image:type\" content=\"image\/jpeg\" \/>\n<meta name=\"author\" content=\"Comunicacion Andaluc\u00eda Aerospace\" \/>\n<meta name=\"twitter:card\" content=\"summary_large_image\" \/>\n<meta name=\"twitter:label1\" content=\"Written by\" \/>\n\t<meta name=\"twitter:data1\" content=\"Comunicacion Andaluc\u00eda Aerospace\" \/>\n\t<meta name=\"twitter:label2\" content=\"Est. reading time\" \/>\n\t<meta name=\"twitter:data2\" content=\"1 minute\" \/>\n<script type=\"application\/ld+json\" class=\"yoast-schema-graph\">{\"@context\":\"https:\/\/schema.org\",\"@graph\":[{\"@type\":[\"WebPage\",\"ItemPage\"],\"@id\":\"https:\/\/andaluciaaerospace.com\/en\/acuerdo-de-colaboracion-contursa-andalucia-aerospace\/\",\"url\":\"https:\/\/andaluciaaerospace.com\/en\/acuerdo-de-colaboracion-contursa-andalucia-aerospace\/\",\"name\":\"Collaboration agreement | CONTURSA - Andalusia Aerospace - Andaluc\u00eda Aerospace\",\"isPartOf\":{\"@id\":\"https:\/\/andaluciaaerospace.com\/en\/#website\"},\"primaryImageOfPage\":{\"@id\":\"https:\/\/andaluciaaerospace.com\/en\/acuerdo-de-colaboracion-contursa-andalucia-aerospace\/#primaryimage\"},\"image\":{\"@id\":\"https:\/\/andaluciaaerospace.com\/en\/acuerdo-de-colaboracion-contursa-andalucia-aerospace\/#primaryimage\"},\"thumbnailUrl\":\"https:\/\/andaluciaaerospace.com\/wp-content\/uploads\/2021\/09\/Acuerdo-de-colaboracio\u0301n-CONTURSA-scaled.jpeg\",\"datePublished\":\"2021-09-03T10:40:43+00:00\",\"dateModified\":\"2021-09-06T11:18:02+00:00\",\"author\":{\"@id\":\"https:\/\/andaluciaaerospace.com\/en\/#\/schema\/person\/f31cd29a7bef441635ccd740480a73fe\"},\"breadcrumb\":{\"@id\":\"https:\/\/andaluciaaerospace.com\/en\/acuerdo-de-colaboracion-contursa-andalucia-aerospace\/#breadcrumb\"},\"inLanguage\":\"en-US\",\"potentialAction\":[{\"@type\":\"ReadAction\",\"target\":[\"https:\/\/andaluciaaerospace.com\/en\/acuerdo-de-colaboracion-contursa-andalucia-aerospace\/\"]}]},{\"@type\":\"ImageObject\",\"inLanguage\":\"en-US\",\"@id\":\"https:\/\/andaluciaaerospace.com\/en\/acuerdo-de-colaboracion-contursa-andalucia-aerospace\/#primaryimage\",\"url\":\"https:\/\/andaluciaaerospace.com\/wp-content\/uploads\/2021\/09\/Acuerdo-de-colaboracio\u0301n-CONTURSA-scaled.jpeg\",\"contentUrl\":\"https:\/\/andaluciaaerospace.com\/wp-content\/uploads\/2021\/09\/Acuerdo-de-colaboracio\u0301n-CONTURSA-scaled.jpeg\",\"width\":1600,\"height\":900},{\"@type\":\"BreadcrumbList\",\"@id\":\"https:\/\/andaluciaaerospace.com\/en\/acuerdo-de-colaboracion-contursa-andalucia-aerospace\/#breadcrumb\",\"itemListElement\":[{\"@type\":\"ListItem\",\"position\":1,\"name\":\"Portada\",\"item\":\"https:\/\/andaluciaaerospace.com\/en\/\"},{\"@type\":\"ListItem\",\"position\":2,\"name\":\"Collaboration agreement | CONTURSA &#8211; Andalusia Aerospace\"}]},{\"@type\":\"WebSite\",\"@id\":\"https:\/\/andaluciaaerospace.com\/en\/#website\",\"url\":\"https:\/\/andaluciaaerospace.com\/en\/\",\"name\":\"Andaluc\u00eda Aerospace\",\"description\":\"Cluster empresarial aeron\u00e1utico\",\"potentialAction\":[{\"@type\":\"SearchAction\",\"target\":{\"@type\":\"EntryPoint\",\"urlTemplate\":\"https:\/\/andaluciaaerospace.com\/en\/?s={search_term_string}\"},\"query-input\":{\"@type\":\"PropertyValueSpecification\",\"valueRequired\":true,\"valueName\":\"search_term_string\"}}],\"inLanguage\":\"en-US\"},{\"@type\":\"Person\",\"@id\":\"https:\/\/andaluciaaerospace.com\/en\/#\/schema\/person\/f31cd29a7bef441635ccd740480a73fe\",\"name\":\"Comunicacion Andaluc\u00eda Aerospace\"}]}<\/script>\n<!-- \/ Yoast SEO plugin. -->","yoast_head_json":{"title":"Collaboration agreement | CONTURSA - Andalusia Aerospace - Andaluc\u00eda Aerospace","robots":{"index":"index","follow":"follow","max-snippet":"max-snippet:-1","max-image-preview":"max-image-preview:large","max-video-preview":"max-video-preview:-1"},"canonical":"https:\/\/andaluciaaerospace.com\/en\/acuerdo-de-colaboracion-contursa-andalucia-aerospace\/","og_locale":"en_US","og_type":"article","og_title":"Collaboration agreement | CONTURSA - Andalusia Aerospace - Andaluc\u00eda Aerospace","og_description":"We are pleased to announce the recent signing of the collaboration agreement between CONTURSA and Andaluc\u00eda Aerospace. The signature was signed with Mr. Antonio Jes\u00fas Jim\u00e9nez Ruiz, representative of CONTURSA, manager of the Seville Conference and Exhibition Center (FIBES). The main purpose of the agreement is to establish collaboration between both entities for the organization","og_url":"https:\/\/andaluciaaerospace.com\/en\/acuerdo-de-colaboracion-contursa-andalucia-aerospace\/","og_site_name":"Andaluc\u00eda Aerospace","article_published_time":"2021-09-03T10:40:43+00:00","article_modified_time":"2021-09-06T11:18:02+00:00","og_image":[{"width":1600,"height":900,"url":"http:\/\/andaluciaaerospace.com\/wp-content\/uploads\/2021\/09\/Acuerdo-de-colaboracio\u0301n-CONTURSA-scaled.jpeg","type":"image\/jpeg"}],"author":"Comunicacion Andaluc\u00eda Aerospace","twitter_card":"summary_large_image","twitter_misc":{"Written by":"Comunicacion Andaluc\u00eda Aerospace","Est. reading time":"1 minute"},"schema":{"@context":"https:\/\/schema.org","@graph":[{"@type":["WebPage","ItemPage"],"@id":"https:\/\/andaluciaaerospace.com\/en\/acuerdo-de-colaboracion-contursa-andalucia-aerospace\/","url":"https:\/\/andaluciaaerospace.com\/en\/acuerdo-de-colaboracion-contursa-andalucia-aerospace\/","name":"Collaboration agreement | CONTURSA - Andalusia Aerospace - Andaluc\u00eda Aerospace","isPartOf":{"@id":"https:\/\/andaluciaaerospace.com\/en\/#website"},"primaryImageOfPage":{"@id":"https:\/\/andaluciaaerospace.com\/en\/acuerdo-de-colaboracion-contursa-andalucia-aerospace\/#primaryimage"},"image":{"@id":"https:\/\/andaluciaaerospace.com\/en\/acuerdo-de-colaboracion-contursa-andalucia-aerospace\/#primaryimage"},"thumbnailUrl":"https:\/\/andaluciaaerospace.com\/wp-content\/uploads\/2021\/09\/Acuerdo-de-colaboracio\u0301n-CONTURSA-scaled.jpeg","datePublished":"2021-09-03T10:40:43+00:00","dateModified":"2021-09-06T11:18:02+00:00","author":{"@id":"https:\/\/andaluciaaerospace.com\/en\/#\/schema\/person\/f31cd29a7bef441635ccd740480a73fe"},"breadcrumb":{"@id":"https:\/\/andaluciaaerospace.com\/en\/acuerdo-de-colaboracion-contursa-andalucia-aerospace\/#breadcrumb"},"inLanguage":"en-US","potentialAction":[{"@type":"ReadAction","target":["https:\/\/andaluciaaerospace.com\/en\/acuerdo-de-colaboracion-contursa-andalucia-aerospace\/"]}]},{"@type":"ImageObject","inLanguage":"en-US","@id":"https:\/\/andaluciaaerospace.com\/en\/acuerdo-de-colaboracion-contursa-andalucia-aerospace\/#primaryimage","url":"https:\/\/andaluciaaerospace.com\/wp-content\/uploads\/2021\/09\/Acuerdo-de-colaboracio\u0301n-CONTURSA-scaled.jpeg","contentUrl":"https:\/\/andaluciaaerospace.com\/wp-content\/uploads\/2021\/09\/Acuerdo-de-colaboracio\u0301n-CONTURSA-scaled.jpeg","width":1600,"height":900},{"@type":"BreadcrumbList","@id":"https:\/\/andaluciaaerospace.com\/en\/acuerdo-de-colaboracion-contursa-andalucia-aerospace\/#breadcrumb","itemListElement":[{"@type":"ListItem","position":1,"name":"Portada","item":"https:\/\/andaluciaaerospace.com\/en\/"},{"@type":"ListItem","position":2,"name":"Collaboration agreement | CONTURSA &#8211; Andalusia Aerospace"}]},{"@type":"WebSite","@id":"https:\/\/andaluciaaerospace.com\/en\/#website","url":"https:\/\/andaluciaaerospace.com\/en\/","name":"Andaluc\u00eda Aerospace","description":"Cluster empresarial aeron\u00e1utico","potentialAction":[{"@type":"SearchAction","target":{"@type":"EntryPoint","urlTemplate":"https:\/\/andaluciaaerospace.com\/en\/?s={search_term_string}"},"query-input":{"@type":"PropertyValueSpecification","valueRequired":true,"valueName":"search_term_string"}}],"inLanguage":"en-US"},{"@type":"Person","@id":"https:\/\/andaluciaaerospace.com\/en\/#\/schema\/person\/f31cd29a7bef441635ccd740480a73fe","name":"Comunicacion Andaluc\u00eda Aerospace"}]}},"_links":{"self":[{"href":"https:\/\/andaluciaaerospace.com\/en\/wp-json\/wp\/v2\/posts\/24824","targetHints":{"allow":["GET"]}}],"collection":[{"href":"https:\/\/andaluciaaerospace.com\/en\/wp-json\/wp\/v2\/posts"}],"about":[{"href":"https:\/\/andaluciaaerospace.com\/en\/wp-json\/wp\/v2\/types\/post"}],"author":[{"embeddable":true,"href":"https:\/\/andaluciaaerospace.com\/en\/wp-json\/wp\/v2\/users\/7"}],"replies":[{"embeddable":true,"href":"https:\/\/andaluciaaerospace.com\/en\/wp-json\/wp\/v2\/comments?post=24824"}],"version-history":[{"count":1,"href":"https:\/\/andaluciaaerospace.com\/en\/wp-json\/wp\/v2\/posts\/24824\/revisions"}],"predecessor-version":[{"id":24825,"href":"https:\/\/andaluciaaerospace.com\/en\/wp-json\/wp\/v2\/posts\/24824\/revisions\/24825"}],"wp:featuredmedia":[{"embeddable":true,"href":"https:\/\/andaluciaaerospace.com\/en\/wp-json\/wp\/v2\/media\/24822"}],"wp:attachment":[{"href":"https:\/\/andaluciaaerospace.com\/en\/wp-json\/wp\/v2\/media?parent=24824"}],"wp:term":[{"taxonomy":"category","embeddable":true,"href":"https:\/\/andaluciaaerospace.com\/en\/wp-json\/wp\/v2\/categories?post=24824"},{"taxonomy":"post_tag","embeddable":true,"href":"https:\/\/andaluciaaerospace.com\/en\/wp-json\/wp\/v2\/tags?post=24824"}],"curies":[{"name":"wp","href":"https:\/\/api.w.org\/{rel}","templated":true}]}}