{"id":24688,"date":"2021-06-15T09:54:08","date_gmt":"2021-06-15T07:54:08","guid":{"rendered":"https:\/\/andaluciaaerospace.com\/el-cluster-aeroespacial-andalucia-se-suma-al-consejo-asesor-del-observatorio-juridico-aeroespacial\/"},"modified":"2021-08-02T10:05:39","modified_gmt":"2021-08-02T08:05:39","slug":"el-cluster-aeroespacial-andalucia-se-suma-al-consejo-asesor-del-observatorio-juridico-aeroespacial","status":"publish","type":"post","link":"https:\/\/andaluciaaerospace.com\/en\/el-cluster-aeroespacial-andalucia-se-suma-al-consejo-asesor-del-observatorio-juridico-aeroespacial\/","title":{"rendered":"The Andalusian Aerospace Cluster joins the advisory council of the Aerospace Legal Observatory"},"content":{"rendered":"<p>Press release:<\/p>\n<p>The agreement has been signed by Mr. Juan Rom\u00e1n Gallego, Managing Director of Andaluc\u00eda Aerospace Cluster Empresarial and Elisa Celia Gonz\u00e1lez Ferreiro, Director of the Aerospace Legal Observatory and president of AEDAE (Spanish Association of Aeronautical and Space Law)<\/p>\n<p>The Aerospace Legal Observatory was born as a result of the collaboration agreement between AEDAE (Spanish Association of Aeronautical and Space Law) and the GIESA-BIOLAW Research Group of the Complutense University of Madrid, in order to establish an adequate legal and institutional framework to promote the holding informative and educational activities of a scientific, technical and research nature, in matters of common interest.<\/p>\n<p>The purpose of the Observatory is focused on the study, dissemination and advice of the issues of Aeronautical Law and Space Law and of the disciplines that may be derived or are tangential from them. Regarding the informative activity, it will carry out several lines of work, including congresses, conferences, seminars, working groups and publications.<\/p>\n<p>Participation in this Observatory will allow the Cluster to maintain direct contact with the rest of the members, have first-hand information on all issues related to the important aerospace legal field and collaborate in the dissemination and development of activities, providing access to the aerospace industry in Spain, market trends and highly innovative projects.<\/p>\n","protected":false},"excerpt":{"rendered":"<p>Press release: The agreement has been signed by Mr. Juan Rom\u00e1n Gallego, Managing Director of Andaluc\u00eda Aerospace Cluster Empresarial and Elisa Celia Gonz\u00e1lez Ferreiro, Director of the Aerospace Legal Observatory and president of AEDAE (Spanish Association of Aeronautical and Space Law) The Aerospace Legal Observatory was born as a result of the collaboration agreement between<\/p>\n<a class=\"btn btn-primary read-more-button\" href=\"https:\/\/andaluciaaerospace.com\/en\/el-cluster-aeroespacial-andalucia-se-suma-al-consejo-asesor-del-observatorio-juridico-aeroespacial\/\">Leer m\u00e1s...<\/a>","protected":false},"author":7,"featured_media":24686,"comment_status":"open","ping_status":"open","sticky":false,"template":"","format":"standard","meta":{"_acf_changed":false,"_bbp_topic_count":0,"_bbp_reply_count":0,"_bbp_total_topic_count":0,"_bbp_total_reply_count":0,"_bbp_voice_count":0,"_bbp_anonymous_reply_count":0,"_bbp_topic_count_hidden":0,"_bbp_reply_count_hidden":0,"_bbp_forum_subforum_count":0,"footnotes":""},"categories":[161],"tags":[],"class_list":["post-24688","post","type-post","status-publish","format-standard","has-post-thumbnail","hentry","category-cluster-news"],"acf":[],"yoast_head":"<!-- This site is optimized with the Yoast SEO plugin v23.6 - https:\/\/yoast.com\/wordpress\/plugins\/seo\/ -->\n<title>The Andalusian Aerospace Cluster joins the advisory council of the Aerospace Legal Observatory - Andaluc\u00eda Aerospace<\/title>\n<meta name=\"robots\" content=\"index, follow, max-snippet:-1, max-image-preview:large, max-video-preview:-1\" \/>\n<link rel=\"canonical\" href=\"https:\/\/andaluciaaerospace.com\/en\/el-cluster-aeroespacial-andalucia-se-suma-al-consejo-asesor-del-observatorio-juridico-aeroespacial\/\" \/>\n<meta property=\"og:locale\" content=\"en_US\" \/>\n<meta property=\"og:type\" content=\"article\" \/>\n<meta property=\"og:title\" content=\"The Andalusian Aerospace Cluster joins the advisory council of the Aerospace Legal Observatory - Andaluc\u00eda Aerospace\" \/>\n<meta property=\"og:description\" content=\"Press release: The agreement has been signed by Mr. Juan Rom\u00e1n Gallego, Managing Director of Andaluc\u00eda Aerospace Cluster Empresarial and Elisa Celia Gonz\u00e1lez Ferreiro, Director of the Aerospace Legal Observatory and president of AEDAE (Spanish Association of Aeronautical and Space Law) The Aerospace Legal Observatory was born as a result of the collaboration agreement between\" \/>\n<meta property=\"og:url\" content=\"https:\/\/andaluciaaerospace.com\/en\/el-cluster-aeroespacial-andalucia-se-suma-al-consejo-asesor-del-observatorio-juridico-aeroespacial\/\" \/>\n<meta property=\"og:site_name\" content=\"Andaluc\u00eda Aerospace\" \/>\n<meta property=\"article:published_time\" content=\"2021-06-15T07:54:08+00:00\" \/>\n<meta property=\"article:modified_time\" content=\"2021-08-02T08:05:39+00:00\" \/>\n<meta property=\"og:image\" content=\"https:\/\/andaluciaaerospace.com\/wp-content\/uploads\/2021\/08\/andalusi_cluster-1024x683-1.jpeg\" \/>\n\t<meta property=\"og:image:width\" content=\"1024\" \/>\n\t<meta property=\"og:image:height\" content=\"683\" \/>\n\t<meta property=\"og:image:type\" content=\"image\/jpeg\" \/>\n<meta name=\"author\" content=\"Comunicacion Andaluc\u00eda Aerospace\" \/>\n<meta name=\"twitter:card\" content=\"summary_large_image\" \/>\n<meta name=\"twitter:label1\" content=\"Written by\" \/>\n\t<meta name=\"twitter:data1\" content=\"Comunicacion Andaluc\u00eda Aerospace\" \/>\n\t<meta name=\"twitter:label2\" content=\"Est. reading time\" \/>\n\t<meta name=\"twitter:data2\" content=\"1 minute\" \/>\n<script type=\"application\/ld+json\" class=\"yoast-schema-graph\">{\"@context\":\"https:\/\/schema.org\",\"@graph\":[{\"@type\":[\"WebPage\",\"ItemPage\"],\"@id\":\"https:\/\/andaluciaaerospace.com\/en\/el-cluster-aeroespacial-andalucia-se-suma-al-consejo-asesor-del-observatorio-juridico-aeroespacial\/\",\"url\":\"https:\/\/andaluciaaerospace.com\/en\/el-cluster-aeroespacial-andalucia-se-suma-al-consejo-asesor-del-observatorio-juridico-aeroespacial\/\",\"name\":\"The Andalusian Aerospace Cluster joins the advisory council of the Aerospace Legal Observatory - Andaluc\u00eda Aerospace\",\"isPartOf\":{\"@id\":\"https:\/\/andaluciaaerospace.com\/en\/#website\"},\"primaryImageOfPage\":{\"@id\":\"https:\/\/andaluciaaerospace.com\/en\/el-cluster-aeroespacial-andalucia-se-suma-al-consejo-asesor-del-observatorio-juridico-aeroespacial\/#primaryimage\"},\"image\":{\"@id\":\"https:\/\/andaluciaaerospace.com\/en\/el-cluster-aeroespacial-andalucia-se-suma-al-consejo-asesor-del-observatorio-juridico-aeroespacial\/#primaryimage\"},\"thumbnailUrl\":\"https:\/\/andaluciaaerospace.com\/wp-content\/uploads\/2021\/08\/andalusi_cluster-1024x683-1.jpeg\",\"datePublished\":\"2021-06-15T07:54:08+00:00\",\"dateModified\":\"2021-08-02T08:05:39+00:00\",\"author\":{\"@id\":\"https:\/\/andaluciaaerospace.com\/en\/#\/schema\/person\/f31cd29a7bef441635ccd740480a73fe\"},\"breadcrumb\":{\"@id\":\"https:\/\/andaluciaaerospace.com\/en\/el-cluster-aeroespacial-andalucia-se-suma-al-consejo-asesor-del-observatorio-juridico-aeroespacial\/#breadcrumb\"},\"inLanguage\":\"en-US\",\"potentialAction\":[{\"@type\":\"ReadAction\",\"target\":[\"https:\/\/andaluciaaerospace.com\/en\/el-cluster-aeroespacial-andalucia-se-suma-al-consejo-asesor-del-observatorio-juridico-aeroespacial\/\"]}]},{\"@type\":\"ImageObject\",\"inLanguage\":\"en-US\",\"@id\":\"https:\/\/andaluciaaerospace.com\/en\/el-cluster-aeroespacial-andalucia-se-suma-al-consejo-asesor-del-observatorio-juridico-aeroespacial\/#primaryimage\",\"url\":\"https:\/\/andaluciaaerospace.com\/wp-content\/uploads\/2021\/08\/andalusi_cluster-1024x683-1.jpeg\",\"contentUrl\":\"https:\/\/andaluciaaerospace.com\/wp-content\/uploads\/2021\/08\/andalusi_cluster-1024x683-1.jpeg\",\"width\":1024,\"height\":683},{\"@type\":\"BreadcrumbList\",\"@id\":\"https:\/\/andaluciaaerospace.com\/en\/el-cluster-aeroespacial-andalucia-se-suma-al-consejo-asesor-del-observatorio-juridico-aeroespacial\/#breadcrumb\",\"itemListElement\":[{\"@type\":\"ListItem\",\"position\":1,\"name\":\"Portada\",\"item\":\"https:\/\/andaluciaaerospace.com\/en\/\"},{\"@type\":\"ListItem\",\"position\":2,\"name\":\"The Andalusian Aerospace Cluster joins the advisory council of the Aerospace Legal Observatory\"}]},{\"@type\":\"WebSite\",\"@id\":\"https:\/\/andaluciaaerospace.com\/en\/#website\",\"url\":\"https:\/\/andaluciaaerospace.com\/en\/\",\"name\":\"Andaluc\u00eda Aerospace\",\"description\":\"Cluster empresarial aeron\u00e1utico\",\"potentialAction\":[{\"@type\":\"SearchAction\",\"target\":{\"@type\":\"EntryPoint\",\"urlTemplate\":\"https:\/\/andaluciaaerospace.com\/en\/?s={search_term_string}\"},\"query-input\":{\"@type\":\"PropertyValueSpecification\",\"valueRequired\":true,\"valueName\":\"search_term_string\"}}],\"inLanguage\":\"en-US\"},{\"@type\":\"Person\",\"@id\":\"https:\/\/andaluciaaerospace.com\/en\/#\/schema\/person\/f31cd29a7bef441635ccd740480a73fe\",\"name\":\"Comunicacion Andaluc\u00eda Aerospace\"}]}<\/script>\n<!-- \/ Yoast SEO plugin. -->","yoast_head_json":{"title":"The Andalusian Aerospace Cluster joins the advisory council of the Aerospace Legal Observatory - Andaluc\u00eda Aerospace","robots":{"index":"index","follow":"follow","max-snippet":"max-snippet:-1","max-image-preview":"max-image-preview:large","max-video-preview":"max-video-preview:-1"},"canonical":"https:\/\/andaluciaaerospace.com\/en\/el-cluster-aeroespacial-andalucia-se-suma-al-consejo-asesor-del-observatorio-juridico-aeroespacial\/","og_locale":"en_US","og_type":"article","og_title":"The Andalusian Aerospace Cluster joins the advisory council of the Aerospace Legal Observatory - Andaluc\u00eda Aerospace","og_description":"Press release: The agreement has been signed by Mr. Juan Rom\u00e1n Gallego, Managing Director of Andaluc\u00eda Aerospace Cluster Empresarial and Elisa Celia Gonz\u00e1lez Ferreiro, Director of the Aerospace Legal Observatory and president of AEDAE (Spanish Association of Aeronautical and Space Law) The Aerospace Legal Observatory was born as a result of the collaboration agreement between","og_url":"https:\/\/andaluciaaerospace.com\/en\/el-cluster-aeroespacial-andalucia-se-suma-al-consejo-asesor-del-observatorio-juridico-aeroespacial\/","og_site_name":"Andaluc\u00eda Aerospace","article_published_time":"2021-06-15T07:54:08+00:00","article_modified_time":"2021-08-02T08:05:39+00:00","og_image":[{"width":1024,"height":683,"url":"https:\/\/andaluciaaerospace.com\/wp-content\/uploads\/2021\/08\/andalusi_cluster-1024x683-1.jpeg","type":"image\/jpeg"}],"author":"Comunicacion Andaluc\u00eda Aerospace","twitter_card":"summary_large_image","twitter_misc":{"Written by":"Comunicacion Andaluc\u00eda Aerospace","Est. reading time":"1 minute"},"schema":{"@context":"https:\/\/schema.org","@graph":[{"@type":["WebPage","ItemPage"],"@id":"https:\/\/andaluciaaerospace.com\/en\/el-cluster-aeroespacial-andalucia-se-suma-al-consejo-asesor-del-observatorio-juridico-aeroespacial\/","url":"https:\/\/andaluciaaerospace.com\/en\/el-cluster-aeroespacial-andalucia-se-suma-al-consejo-asesor-del-observatorio-juridico-aeroespacial\/","name":"The Andalusian Aerospace Cluster joins the advisory council of the Aerospace Legal Observatory - Andaluc\u00eda Aerospace","isPartOf":{"@id":"https:\/\/andaluciaaerospace.com\/en\/#website"},"primaryImageOfPage":{"@id":"https:\/\/andaluciaaerospace.com\/en\/el-cluster-aeroespacial-andalucia-se-suma-al-consejo-asesor-del-observatorio-juridico-aeroespacial\/#primaryimage"},"image":{"@id":"https:\/\/andaluciaaerospace.com\/en\/el-cluster-aeroespacial-andalucia-se-suma-al-consejo-asesor-del-observatorio-juridico-aeroespacial\/#primaryimage"},"thumbnailUrl":"https:\/\/andaluciaaerospace.com\/wp-content\/uploads\/2021\/08\/andalusi_cluster-1024x683-1.jpeg","datePublished":"2021-06-15T07:54:08+00:00","dateModified":"2021-08-02T08:05:39+00:00","author":{"@id":"https:\/\/andaluciaaerospace.com\/en\/#\/schema\/person\/f31cd29a7bef441635ccd740480a73fe"},"breadcrumb":{"@id":"https:\/\/andaluciaaerospace.com\/en\/el-cluster-aeroespacial-andalucia-se-suma-al-consejo-asesor-del-observatorio-juridico-aeroespacial\/#breadcrumb"},"inLanguage":"en-US","potentialAction":[{"@type":"ReadAction","target":["https:\/\/andaluciaaerospace.com\/en\/el-cluster-aeroespacial-andalucia-se-suma-al-consejo-asesor-del-observatorio-juridico-aeroespacial\/"]}]},{"@type":"ImageObject","inLanguage":"en-US","@id":"https:\/\/andaluciaaerospace.com\/en\/el-cluster-aeroespacial-andalucia-se-suma-al-consejo-asesor-del-observatorio-juridico-aeroespacial\/#primaryimage","url":"https:\/\/andaluciaaerospace.com\/wp-content\/uploads\/2021\/08\/andalusi_cluster-1024x683-1.jpeg","contentUrl":"https:\/\/andaluciaaerospace.com\/wp-content\/uploads\/2021\/08\/andalusi_cluster-1024x683-1.jpeg","width":1024,"height":683},{"@type":"BreadcrumbList","@id":"https:\/\/andaluciaaerospace.com\/en\/el-cluster-aeroespacial-andalucia-se-suma-al-consejo-asesor-del-observatorio-juridico-aeroespacial\/#breadcrumb","itemListElement":[{"@type":"ListItem","position":1,"name":"Portada","item":"https:\/\/andaluciaaerospace.com\/en\/"},{"@type":"ListItem","position":2,"name":"The Andalusian Aerospace Cluster joins the advisory council of the Aerospace Legal Observatory"}]},{"@type":"WebSite","@id":"https:\/\/andaluciaaerospace.com\/en\/#website","url":"https:\/\/andaluciaaerospace.com\/en\/","name":"Andaluc\u00eda Aerospace","description":"Cluster empresarial aeron\u00e1utico","potentialAction":[{"@type":"SearchAction","target":{"@type":"EntryPoint","urlTemplate":"https:\/\/andaluciaaerospace.com\/en\/?s={search_term_string}"},"query-input":{"@type":"PropertyValueSpecification","valueRequired":true,"valueName":"search_term_string"}}],"inLanguage":"en-US"},{"@type":"Person","@id":"https:\/\/andaluciaaerospace.com\/en\/#\/schema\/person\/f31cd29a7bef441635ccd740480a73fe","name":"Comunicacion Andaluc\u00eda Aerospace"}]}},"_links":{"self":[{"href":"https:\/\/andaluciaaerospace.com\/en\/wp-json\/wp\/v2\/posts\/24688","targetHints":{"allow":["GET"]}}],"collection":[{"href":"https:\/\/andaluciaaerospace.com\/en\/wp-json\/wp\/v2\/posts"}],"about":[{"href":"https:\/\/andaluciaaerospace.com\/en\/wp-json\/wp\/v2\/types\/post"}],"author":[{"embeddable":true,"href":"https:\/\/andaluciaaerospace.com\/en\/wp-json\/wp\/v2\/users\/7"}],"replies":[{"embeddable":true,"href":"https:\/\/andaluciaaerospace.com\/en\/wp-json\/wp\/v2\/comments?post=24688"}],"version-history":[{"count":1,"href":"https:\/\/andaluciaaerospace.com\/en\/wp-json\/wp\/v2\/posts\/24688\/revisions"}],"predecessor-version":[{"id":24689,"href":"https:\/\/andaluciaaerospace.com\/en\/wp-json\/wp\/v2\/posts\/24688\/revisions\/24689"}],"wp:featuredmedia":[{"embeddable":true,"href":"https:\/\/andaluciaaerospace.com\/en\/wp-json\/wp\/v2\/media\/24686"}],"wp:attachment":[{"href":"https:\/\/andaluciaaerospace.com\/en\/wp-json\/wp\/v2\/media?parent=24688"}],"wp:term":[{"taxonomy":"category","embeddable":true,"href":"https:\/\/andaluciaaerospace.com\/en\/wp-json\/wp\/v2\/categories?post=24688"},{"taxonomy":"post_tag","embeddable":true,"href":"https:\/\/andaluciaaerospace.com\/en\/wp-json\/wp\/v2\/tags?post=24688"}],"curies":[{"name":"wp","href":"https:\/\/api.w.org\/{rel}","templated":true}]}}