{"id":24651,"date":"2021-06-30T13:43:30","date_gmt":"2021-06-30T11:43:30","guid":{"rendered":"https:\/\/andaluciaaerospace.com\/el-cluster-andalucia-aerospace-celebra-su-asamblea-general-de-socios\/"},"modified":"2021-07-29T13:57:31","modified_gmt":"2021-07-29T11:57:31","slug":"el-cluster-andalucia-aerospace-celebra-su-asamblea-general-de-socios","status":"publish","type":"post","link":"https:\/\/andaluciaaerospace.com\/en\/el-cluster-andalucia-aerospace-celebra-su-asamblea-general-de-socios\/","title":{"rendered":"The Andalusia Aerospace Cluster celebrates its General Assembly of Members"},"content":{"rendered":"<ul>\n<li>Miguel \u00c1ngel Rodr\u00edguez Chac\u00f3n, CEO of Titania, received the recognition of the 2020 aerospace manager from the Cluster<\/li>\n<li>The 73 companies that make up the Andaluc\u00eda Aerospace cluster met at the headquarters of the Confederation of Entrepreneurs of Andalusia (CEA), to approve the action plan and the 2021 budgets<\/li>\n<li>The unity of the companies in the sector, the diversification of clients and products, as well as innovation and internationalization to be more competitive, were the key messages transmitted<\/li>\n<\/ul>\n<p>The<strong> Andalusia Aerospace cluster<\/strong> celebrates its fourth year of activity in the Andalusian aerospace sector. Meeting at the <strong>General Assembly of partners<\/strong> at the facilities of the Andalusian Business Confederation (CEA), the 73 companies that make up the cluster discussed the current situation of the sector and the challenges it faces.<\/p>\n<p>The unity of the companies in the sector, diversification in clients and products and innovation and internationalization to be more competitive have been the key messages transmitted.<\/p>\n<p>Within the framework of the Assembly, the creation of a second vice-presidency on the Board of Directors was approved, which will be held by <strong>Luis Pizarro, General Director of the Cadiz company Mecanizados y Montajes<\/strong>. The appointment of a new member of the Board of Directors as a member was ratified, who will fall to Fernando Serrano, Titania&#8217;s director of business development.<\/p>\n<p>The Managing Director of the Cluster, Juan Rom\u00e1n, presented the management report showing a balance of what was done in 2020 &#8211; 2021. The report highlights the consolidation of partners with <strong>18 new additions between partners and collaborators<\/strong>. On the other hand, he highlighted the intense activity of the cluster in the institutional sphere, the signing of the agreement to <strong>promote internationalization with Extenda<\/strong>, as well as the incorporation of the cluster in the register of Innovative Business Groups (AEI).<\/p>\n<p>He also emphasized the importance of the collaboration agreements signed with key entities for the positioning of the cluster such as: Ellas Vuelan Alto (EVA), the Association for the Progress of Management (APD), the Andalusian Technological Corporation (CTA) and the Naval Maritime Cluster of C\u00e1diz.<\/p>\n<p>Finally, he highlighted the involvement of the cluster in large-scale projects such as the<strong> Aerospace Strategic Plan 2020-2027<\/strong>, as well as the preparation of the annual report of the sector.<\/p>\n<p>On the other hand, the activity carried out in the Commission for Specialist Companies, Space and Innovation and Human Resources was reviewed. Finally, an assessment was made of the multiple events carried out throughout the year between technical conferences, webinars and information sessions, with a highly positive assessment by the participants of each event.<\/p>\n<p><strong>Regarding the 2021 plans, post-covid, three main objectives were defined:<\/strong><\/p>\n<ul>\n<li>Position the association internationally to show more strength in the region.<\/li>\n<li>Generate more value to the partner by identifying business opportunities, new projects and supporting pillars such as innovation and development.<\/li>\n<li>Strengthen the image of unity by promoting rapprochement between all companies.<\/li>\n<\/ul>\n<p>After the General Assembly, a ceremony was held in which the presentation of the new corporate video of the cluster and the new corporate website of Andaluc\u00eda Aerospace was carried out. The new \u201cAndaluc\u00eda Aerospace Exclusive\u201d catalog was also presented, which includes the offers and services that our collaborating companies make available to the sector.<\/p>\n<p>The event concluded with a conference on \u201cTotal flexibility for strategy, business and people, given by Luis Parra, CEO of Strategyco, a consulting firm specialized in the direction and strategic management of business. After the conference, there was an interesting discussion among attendees about different strategies to transform their organizations.<\/p>\n<p><strong>Aerospace Entrepreneur Recognition Award 2020<\/strong><\/p>\n<p>This year Andaluc\u00eda Aerospace granted its annual recognition to the CEO of Titania, Miguel \u00c1ngel Rodr\u00edguez Chac\u00f3n, who received the Award from Antonio G\u00f3mez-Guillam\u00f3n, President of the cluster.<\/p>\n<p>The Cadiz-based company Titania, after 15 years of activity, has established itself as a leading company in R&amp;D and quality control services for the aerospace industry. Titania has become the number 1 laboratory in this ranking with 122 different techniques approved in a single location. Likewise, its expansion has led it to start a construction plan for a new 3,000 m2 R&amp;D center aimed at developing projects in fields such as digital transformation, the application of aeronautical materials to other industrial sectors, advanced mechanical tests, renewable energies for the generation of zero waste (carbon footprint).<\/p>\n<p>The company already has a presence in the United Kingdom with a commercial office and, in turn, has a significant capacity to diversify into other industrial sectors such as naval and metallurgical.<\/p>\n<p>Andalusia Aerospace thanked all the companies that make up the cluster for their participation in the Assembly and in the activities that are carried out day by day. Once again, it is clear that, despite any circumstance, it continues to bet on the Andalusian aerospace sector, now with a view to overcoming the crisis through diversification, internationalization and innovation.<\/p>\n","protected":false},"excerpt":{"rendered":"<p>Miguel \u00c1ngel Rodr\u00edguez Chac\u00f3n, CEO of Titania, received the recognition of the 2020 aerospace manager from the Cluster The 73 companies that make up the Andaluc\u00eda Aerospace cluster met at the headquarters of the Confederation of Entrepreneurs of Andalusia (CEA), to approve the action plan and the 2021 budgets The unity of the companies in<\/p>\n<a class=\"btn btn-primary read-more-button\" href=\"https:\/\/andaluciaaerospace.com\/en\/el-cluster-andalucia-aerospace-celebra-su-asamblea-general-de-socios\/\">Leer m\u00e1s...<\/a>","protected":false},"author":7,"featured_media":24649,"comment_status":"open","ping_status":"open","sticky":false,"template":"","format":"standard","meta":{"_acf_changed":false,"_bbp_topic_count":0,"_bbp_reply_count":0,"_bbp_total_topic_count":0,"_bbp_total_reply_count":0,"_bbp_voice_count":0,"_bbp_anonymous_reply_count":0,"_bbp_topic_count_hidden":0,"_bbp_reply_count_hidden":0,"_bbp_forum_subforum_count":0,"footnotes":""},"categories":[161],"tags":[],"class_list":["post-24651","post","type-post","status-publish","format-standard","has-post-thumbnail","hentry","category-cluster-news"],"acf":[],"yoast_head":"<!-- This site is optimized with the Yoast SEO plugin v23.6 - https:\/\/yoast.com\/wordpress\/plugins\/seo\/ -->\n<title>The Andalusia Aerospace Cluster celebrates its General Assembly of Members - Andaluc\u00eda Aerospace<\/title>\n<meta name=\"robots\" content=\"index, follow, max-snippet:-1, max-image-preview:large, max-video-preview:-1\" \/>\n<link rel=\"canonical\" href=\"https:\/\/andaluciaaerospace.com\/en\/el-cluster-andalucia-aerospace-celebra-su-asamblea-general-de-socios\/\" \/>\n<meta property=\"og:locale\" content=\"en_US\" \/>\n<meta property=\"og:type\" content=\"article\" \/>\n<meta property=\"og:title\" content=\"The Andalusia Aerospace Cluster celebrates its General Assembly of Members - Andaluc\u00eda Aerospace\" \/>\n<meta property=\"og:description\" content=\"Miguel \u00c1ngel Rodr\u00edguez Chac\u00f3n, CEO of Titania, received the recognition of the 2020 aerospace manager from the Cluster The 73 companies that make up the Andaluc\u00eda Aerospace cluster met at the headquarters of the Confederation of Entrepreneurs of Andalusia (CEA), to approve the action plan and the 2021 budgets The unity of the companies in\" \/>\n<meta property=\"og:url\" content=\"https:\/\/andaluciaaerospace.com\/en\/el-cluster-andalucia-aerospace-celebra-su-asamblea-general-de-socios\/\" \/>\n<meta property=\"og:site_name\" content=\"Andaluc\u00eda Aerospace\" \/>\n<meta property=\"article:published_time\" content=\"2021-06-30T11:43:30+00:00\" \/>\n<meta property=\"article:modified_time\" content=\"2021-07-29T11:57:31+00:00\" \/>\n<meta property=\"og:image\" content=\"http:\/\/andaluciaaerospace.com\/wp-content\/uploads\/2021\/07\/collageAsambleajpg-scaled.jpg\" \/>\n\t<meta property=\"og:image:width\" content=\"1600\" \/>\n\t<meta property=\"og:image:height\" content=\"900\" \/>\n\t<meta property=\"og:image:type\" content=\"image\/jpeg\" \/>\n<meta name=\"author\" content=\"Comunicacion Andaluc\u00eda Aerospace\" \/>\n<meta name=\"twitter:card\" content=\"summary_large_image\" \/>\n<meta name=\"twitter:label1\" content=\"Written by\" \/>\n\t<meta name=\"twitter:data1\" content=\"Comunicacion Andaluc\u00eda Aerospace\" \/>\n\t<meta name=\"twitter:label2\" content=\"Est. reading time\" \/>\n\t<meta name=\"twitter:data2\" content=\"4 minutes\" \/>\n<script type=\"application\/ld+json\" class=\"yoast-schema-graph\">{\"@context\":\"https:\/\/schema.org\",\"@graph\":[{\"@type\":[\"WebPage\",\"ItemPage\"],\"@id\":\"https:\/\/andaluciaaerospace.com\/en\/el-cluster-andalucia-aerospace-celebra-su-asamblea-general-de-socios\/\",\"url\":\"https:\/\/andaluciaaerospace.com\/en\/el-cluster-andalucia-aerospace-celebra-su-asamblea-general-de-socios\/\",\"name\":\"The Andalusia Aerospace Cluster celebrates its General Assembly of Members - Andaluc\u00eda Aerospace\",\"isPartOf\":{\"@id\":\"https:\/\/andaluciaaerospace.com\/en\/#website\"},\"primaryImageOfPage\":{\"@id\":\"https:\/\/andaluciaaerospace.com\/en\/el-cluster-andalucia-aerospace-celebra-su-asamblea-general-de-socios\/#primaryimage\"},\"image\":{\"@id\":\"https:\/\/andaluciaaerospace.com\/en\/el-cluster-andalucia-aerospace-celebra-su-asamblea-general-de-socios\/#primaryimage\"},\"thumbnailUrl\":\"https:\/\/andaluciaaerospace.com\/wp-content\/uploads\/2021\/07\/collageAsambleajpg-scaled.jpg\",\"datePublished\":\"2021-06-30T11:43:30+00:00\",\"dateModified\":\"2021-07-29T11:57:31+00:00\",\"author\":{\"@id\":\"https:\/\/andaluciaaerospace.com\/en\/#\/schema\/person\/f31cd29a7bef441635ccd740480a73fe\"},\"breadcrumb\":{\"@id\":\"https:\/\/andaluciaaerospace.com\/en\/el-cluster-andalucia-aerospace-celebra-su-asamblea-general-de-socios\/#breadcrumb\"},\"inLanguage\":\"en-US\",\"potentialAction\":[{\"@type\":\"ReadAction\",\"target\":[\"https:\/\/andaluciaaerospace.com\/en\/el-cluster-andalucia-aerospace-celebra-su-asamblea-general-de-socios\/\"]}]},{\"@type\":\"ImageObject\",\"inLanguage\":\"en-US\",\"@id\":\"https:\/\/andaluciaaerospace.com\/en\/el-cluster-andalucia-aerospace-celebra-su-asamblea-general-de-socios\/#primaryimage\",\"url\":\"https:\/\/andaluciaaerospace.com\/wp-content\/uploads\/2021\/07\/collageAsambleajpg-scaled.jpg\",\"contentUrl\":\"https:\/\/andaluciaaerospace.com\/wp-content\/uploads\/2021\/07\/collageAsambleajpg-scaled.jpg\",\"width\":1600,\"height\":900},{\"@type\":\"BreadcrumbList\",\"@id\":\"https:\/\/andaluciaaerospace.com\/en\/el-cluster-andalucia-aerospace-celebra-su-asamblea-general-de-socios\/#breadcrumb\",\"itemListElement\":[{\"@type\":\"ListItem\",\"position\":1,\"name\":\"Portada\",\"item\":\"https:\/\/andaluciaaerospace.com\/en\/\"},{\"@type\":\"ListItem\",\"position\":2,\"name\":\"The Andalusia Aerospace Cluster celebrates its General Assembly of Members\"}]},{\"@type\":\"WebSite\",\"@id\":\"https:\/\/andaluciaaerospace.com\/en\/#website\",\"url\":\"https:\/\/andaluciaaerospace.com\/en\/\",\"name\":\"Andaluc\u00eda Aerospace\",\"description\":\"Cluster empresarial aeron\u00e1utico\",\"potentialAction\":[{\"@type\":\"SearchAction\",\"target\":{\"@type\":\"EntryPoint\",\"urlTemplate\":\"https:\/\/andaluciaaerospace.com\/en\/?s={search_term_string}\"},\"query-input\":{\"@type\":\"PropertyValueSpecification\",\"valueRequired\":true,\"valueName\":\"search_term_string\"}}],\"inLanguage\":\"en-US\"},{\"@type\":\"Person\",\"@id\":\"https:\/\/andaluciaaerospace.com\/en\/#\/schema\/person\/f31cd29a7bef441635ccd740480a73fe\",\"name\":\"Comunicacion Andaluc\u00eda Aerospace\"}]}<\/script>\n<!-- \/ Yoast SEO plugin. -->","yoast_head_json":{"title":"The Andalusia Aerospace Cluster celebrates its General Assembly of Members - Andaluc\u00eda Aerospace","robots":{"index":"index","follow":"follow","max-snippet":"max-snippet:-1","max-image-preview":"max-image-preview:large","max-video-preview":"max-video-preview:-1"},"canonical":"https:\/\/andaluciaaerospace.com\/en\/el-cluster-andalucia-aerospace-celebra-su-asamblea-general-de-socios\/","og_locale":"en_US","og_type":"article","og_title":"The Andalusia Aerospace Cluster celebrates its General Assembly of Members - Andaluc\u00eda Aerospace","og_description":"Miguel \u00c1ngel Rodr\u00edguez Chac\u00f3n, CEO of Titania, received the recognition of the 2020 aerospace manager from the Cluster The 73 companies that make up the Andaluc\u00eda Aerospace cluster met at the headquarters of the Confederation of Entrepreneurs of Andalusia (CEA), to approve the action plan and the 2021 budgets The unity of the companies in","og_url":"https:\/\/andaluciaaerospace.com\/en\/el-cluster-andalucia-aerospace-celebra-su-asamblea-general-de-socios\/","og_site_name":"Andaluc\u00eda Aerospace","article_published_time":"2021-06-30T11:43:30+00:00","article_modified_time":"2021-07-29T11:57:31+00:00","og_image":[{"width":1600,"height":900,"url":"http:\/\/andaluciaaerospace.com\/wp-content\/uploads\/2021\/07\/collageAsambleajpg-scaled.jpg","type":"image\/jpeg"}],"author":"Comunicacion Andaluc\u00eda Aerospace","twitter_card":"summary_large_image","twitter_misc":{"Written by":"Comunicacion Andaluc\u00eda Aerospace","Est. reading time":"4 minutes"},"schema":{"@context":"https:\/\/schema.org","@graph":[{"@type":["WebPage","ItemPage"],"@id":"https:\/\/andaluciaaerospace.com\/en\/el-cluster-andalucia-aerospace-celebra-su-asamblea-general-de-socios\/","url":"https:\/\/andaluciaaerospace.com\/en\/el-cluster-andalucia-aerospace-celebra-su-asamblea-general-de-socios\/","name":"The Andalusia Aerospace Cluster celebrates its General Assembly of Members - Andaluc\u00eda Aerospace","isPartOf":{"@id":"https:\/\/andaluciaaerospace.com\/en\/#website"},"primaryImageOfPage":{"@id":"https:\/\/andaluciaaerospace.com\/en\/el-cluster-andalucia-aerospace-celebra-su-asamblea-general-de-socios\/#primaryimage"},"image":{"@id":"https:\/\/andaluciaaerospace.com\/en\/el-cluster-andalucia-aerospace-celebra-su-asamblea-general-de-socios\/#primaryimage"},"thumbnailUrl":"https:\/\/andaluciaaerospace.com\/wp-content\/uploads\/2021\/07\/collageAsambleajpg-scaled.jpg","datePublished":"2021-06-30T11:43:30+00:00","dateModified":"2021-07-29T11:57:31+00:00","author":{"@id":"https:\/\/andaluciaaerospace.com\/en\/#\/schema\/person\/f31cd29a7bef441635ccd740480a73fe"},"breadcrumb":{"@id":"https:\/\/andaluciaaerospace.com\/en\/el-cluster-andalucia-aerospace-celebra-su-asamblea-general-de-socios\/#breadcrumb"},"inLanguage":"en-US","potentialAction":[{"@type":"ReadAction","target":["https:\/\/andaluciaaerospace.com\/en\/el-cluster-andalucia-aerospace-celebra-su-asamblea-general-de-socios\/"]}]},{"@type":"ImageObject","inLanguage":"en-US","@id":"https:\/\/andaluciaaerospace.com\/en\/el-cluster-andalucia-aerospace-celebra-su-asamblea-general-de-socios\/#primaryimage","url":"https:\/\/andaluciaaerospace.com\/wp-content\/uploads\/2021\/07\/collageAsambleajpg-scaled.jpg","contentUrl":"https:\/\/andaluciaaerospace.com\/wp-content\/uploads\/2021\/07\/collageAsambleajpg-scaled.jpg","width":1600,"height":900},{"@type":"BreadcrumbList","@id":"https:\/\/andaluciaaerospace.com\/en\/el-cluster-andalucia-aerospace-celebra-su-asamblea-general-de-socios\/#breadcrumb","itemListElement":[{"@type":"ListItem","position":1,"name":"Portada","item":"https:\/\/andaluciaaerospace.com\/en\/"},{"@type":"ListItem","position":2,"name":"The Andalusia Aerospace Cluster celebrates its General Assembly of Members"}]},{"@type":"WebSite","@id":"https:\/\/andaluciaaerospace.com\/en\/#website","url":"https:\/\/andaluciaaerospace.com\/en\/","name":"Andaluc\u00eda Aerospace","description":"Cluster empresarial aeron\u00e1utico","potentialAction":[{"@type":"SearchAction","target":{"@type":"EntryPoint","urlTemplate":"https:\/\/andaluciaaerospace.com\/en\/?s={search_term_string}"},"query-input":{"@type":"PropertyValueSpecification","valueRequired":true,"valueName":"search_term_string"}}],"inLanguage":"en-US"},{"@type":"Person","@id":"https:\/\/andaluciaaerospace.com\/en\/#\/schema\/person\/f31cd29a7bef441635ccd740480a73fe","name":"Comunicacion Andaluc\u00eda Aerospace"}]}},"_links":{"self":[{"href":"https:\/\/andaluciaaerospace.com\/en\/wp-json\/wp\/v2\/posts\/24651","targetHints":{"allow":["GET"]}}],"collection":[{"href":"https:\/\/andaluciaaerospace.com\/en\/wp-json\/wp\/v2\/posts"}],"about":[{"href":"https:\/\/andaluciaaerospace.com\/en\/wp-json\/wp\/v2\/types\/post"}],"author":[{"embeddable":true,"href":"https:\/\/andaluciaaerospace.com\/en\/wp-json\/wp\/v2\/users\/7"}],"replies":[{"embeddable":true,"href":"https:\/\/andaluciaaerospace.com\/en\/wp-json\/wp\/v2\/comments?post=24651"}],"version-history":[{"count":2,"href":"https:\/\/andaluciaaerospace.com\/en\/wp-json\/wp\/v2\/posts\/24651\/revisions"}],"predecessor-version":[{"id":24653,"href":"https:\/\/andaluciaaerospace.com\/en\/wp-json\/wp\/v2\/posts\/24651\/revisions\/24653"}],"wp:featuredmedia":[{"embeddable":true,"href":"https:\/\/andaluciaaerospace.com\/en\/wp-json\/wp\/v2\/media\/24649"}],"wp:attachment":[{"href":"https:\/\/andaluciaaerospace.com\/en\/wp-json\/wp\/v2\/media?parent=24651"}],"wp:term":[{"taxonomy":"category","embeddable":true,"href":"https:\/\/andaluciaaerospace.com\/en\/wp-json\/wp\/v2\/categories?post=24651"},{"taxonomy":"post_tag","embeddable":true,"href":"https:\/\/andaluciaaerospace.com\/en\/wp-json\/wp\/v2\/tags?post=24651"}],"curies":[{"name":"wp","href":"https:\/\/api.w.org\/{rel}","templated":true}]}}