{"id":24631,"date":"2021-07-05T10:40:58","date_gmt":"2021-07-05T08:40:58","guid":{"rendered":"https:\/\/andaluciaaerospace.com\/antonio-gomez-guillamon-es-necesario-un-esfuerzo-a-corto-plazo-para-no-perder-capacidades-en-andalucia\/"},"modified":"2021-07-29T10:45:17","modified_gmt":"2021-07-29T08:45:17","slug":"antonio-gomez-guillamon-es-necesario-un-esfuerzo-a-corto-plazo-para-no-perder-capacidades-en-andalucia","status":"publish","type":"post","link":"https:\/\/andaluciaaerospace.com\/en\/antonio-gomez-guillamon-es-necesario-un-esfuerzo-a-corto-plazo-para-no-perder-capacidades-en-andalucia\/","title":{"rendered":"Antonio G\u00f3mez Guillam\u00f3n: A short-term effort is necessary to avoid losing capacities in Andalusia"},"content":{"rendered":"<p>Our president Antonio Gomez-Guillamon analyzes the situation of the Andalusian # aeronautical sector as well as the elements necessary for its recovery.<\/p>\n<p>The president of Andaluc\u00eda Aerospace highlights the importance of making a great effort so that Spain&#8217;s capabilities are not lost in the short term, as well as not losing sight of long-term objectives and opportunities.<\/p>\n<p>More information <a href=\"https:\/\/sevilla.abc.es\/economia\/sevi-antonio-gomez-guillamon-necesario-esfuerzo-corto-plazo-para-no-perder-capacidades-andalucia-202107042326_noticia.html\" target=\"_blank\" rel=\"noopener\">here<\/a><\/p>\n","protected":false},"excerpt":{"rendered":"<p>Our president Antonio Gomez-Guillamon analyzes the situation of the Andalusian # aeronautical sector as well as the elements necessary for its recovery. The president of Andaluc\u00eda Aerospace highlights the importance of making a great effort so that Spain&#8217;s capabilities are not lost in the short term, as well as not losing sight of long-term objectives<\/p>\n<a class=\"btn btn-primary read-more-button\" href=\"https:\/\/andaluciaaerospace.com\/en\/antonio-gomez-guillamon-es-necesario-un-esfuerzo-a-corto-plazo-para-no-perder-capacidades-en-andalucia\/\">Leer m\u00e1s...<\/a>","protected":false},"author":7,"featured_media":24629,"comment_status":"open","ping_status":"open","sticky":false,"template":"","format":"standard","meta":{"_acf_changed":false,"_bbp_topic_count":0,"_bbp_reply_count":0,"_bbp_total_topic_count":0,"_bbp_total_reply_count":0,"_bbp_voice_count":0,"_bbp_anonymous_reply_count":0,"_bbp_topic_count_hidden":0,"_bbp_reply_count_hidden":0,"_bbp_forum_subforum_count":0,"footnotes":""},"categories":[161],"tags":[],"class_list":["post-24631","post","type-post","status-publish","format-standard","has-post-thumbnail","hentry","category-cluster-news"],"acf":[],"yoast_head":"<!-- This site is optimized with the Yoast SEO plugin v23.6 - https:\/\/yoast.com\/wordpress\/plugins\/seo\/ -->\n<title>Antonio G\u00f3mez Guillam\u00f3n: A short-term effort is necessary to avoid losing capacities in Andalusia - Andaluc\u00eda Aerospace<\/title>\n<meta name=\"robots\" content=\"index, follow, max-snippet:-1, max-image-preview:large, max-video-preview:-1\" \/>\n<link rel=\"canonical\" href=\"https:\/\/andaluciaaerospace.com\/en\/antonio-gomez-guillamon-es-necesario-un-esfuerzo-a-corto-plazo-para-no-perder-capacidades-en-andalucia\/\" \/>\n<meta property=\"og:locale\" content=\"en_US\" \/>\n<meta property=\"og:type\" content=\"article\" \/>\n<meta property=\"og:title\" content=\"Antonio G\u00f3mez Guillam\u00f3n: A short-term effort is necessary to avoid losing capacities in Andalusia - Andaluc\u00eda Aerospace\" \/>\n<meta property=\"og:description\" content=\"Our president Antonio Gomez-Guillamon analyzes the situation of the Andalusian # aeronautical sector as well as the elements necessary for its recovery. The president of Andaluc\u00eda Aerospace highlights the importance of making a great effort so that Spain&#8217;s capabilities are not lost in the short term, as well as not losing sight of long-term objectives\" \/>\n<meta property=\"og:url\" content=\"https:\/\/andaluciaaerospace.com\/en\/antonio-gomez-guillamon-es-necesario-un-esfuerzo-a-corto-plazo-para-no-perder-capacidades-en-andalucia\/\" \/>\n<meta property=\"og:site_name\" content=\"Andaluc\u00eda Aerospace\" \/>\n<meta property=\"article:published_time\" content=\"2021-07-05T08:40:58+00:00\" \/>\n<meta property=\"article:modified_time\" content=\"2021-07-29T08:45:17+00:00\" \/>\n<meta property=\"og:image\" content=\"https:\/\/andaluciaaerospace.com\/wp-content\/uploads\/2021\/07\/antonio-gomez-guillamon-.jpeg\" \/>\n\t<meta property=\"og:image:width\" content=\"620\" \/>\n\t<meta property=\"og:image:height\" content=\"349\" \/>\n\t<meta property=\"og:image:type\" content=\"image\/jpeg\" \/>\n<meta name=\"author\" content=\"Comunicacion Andaluc\u00eda Aerospace\" \/>\n<meta name=\"twitter:card\" content=\"summary_large_image\" \/>\n<meta name=\"twitter:label1\" content=\"Written by\" \/>\n\t<meta name=\"twitter:data1\" content=\"Comunicacion Andaluc\u00eda Aerospace\" \/>\n\t<meta name=\"twitter:label2\" content=\"Est. reading time\" \/>\n\t<meta name=\"twitter:data2\" content=\"1 minute\" \/>\n<script type=\"application\/ld+json\" class=\"yoast-schema-graph\">{\"@context\":\"https:\/\/schema.org\",\"@graph\":[{\"@type\":[\"WebPage\",\"ItemPage\"],\"@id\":\"https:\/\/andaluciaaerospace.com\/en\/antonio-gomez-guillamon-es-necesario-un-esfuerzo-a-corto-plazo-para-no-perder-capacidades-en-andalucia\/\",\"url\":\"https:\/\/andaluciaaerospace.com\/en\/antonio-gomez-guillamon-es-necesario-un-esfuerzo-a-corto-plazo-para-no-perder-capacidades-en-andalucia\/\",\"name\":\"Antonio G\u00f3mez Guillam\u00f3n: A short-term effort is necessary to avoid losing capacities in Andalusia - Andaluc\u00eda Aerospace\",\"isPartOf\":{\"@id\":\"https:\/\/andaluciaaerospace.com\/en\/#website\"},\"primaryImageOfPage\":{\"@id\":\"https:\/\/andaluciaaerospace.com\/en\/antonio-gomez-guillamon-es-necesario-un-esfuerzo-a-corto-plazo-para-no-perder-capacidades-en-andalucia\/#primaryimage\"},\"image\":{\"@id\":\"https:\/\/andaluciaaerospace.com\/en\/antonio-gomez-guillamon-es-necesario-un-esfuerzo-a-corto-plazo-para-no-perder-capacidades-en-andalucia\/#primaryimage\"},\"thumbnailUrl\":\"https:\/\/andaluciaaerospace.com\/wp-content\/uploads\/2021\/07\/antonio-gomez-guillamon-.jpeg\",\"datePublished\":\"2021-07-05T08:40:58+00:00\",\"dateModified\":\"2021-07-29T08:45:17+00:00\",\"author\":{\"@id\":\"https:\/\/andaluciaaerospace.com\/en\/#\/schema\/person\/f31cd29a7bef441635ccd740480a73fe\"},\"breadcrumb\":{\"@id\":\"https:\/\/andaluciaaerospace.com\/en\/antonio-gomez-guillamon-es-necesario-un-esfuerzo-a-corto-plazo-para-no-perder-capacidades-en-andalucia\/#breadcrumb\"},\"inLanguage\":\"en-US\",\"potentialAction\":[{\"@type\":\"ReadAction\",\"target\":[\"https:\/\/andaluciaaerospace.com\/en\/antonio-gomez-guillamon-es-necesario-un-esfuerzo-a-corto-plazo-para-no-perder-capacidades-en-andalucia\/\"]}]},{\"@type\":\"ImageObject\",\"inLanguage\":\"en-US\",\"@id\":\"https:\/\/andaluciaaerospace.com\/en\/antonio-gomez-guillamon-es-necesario-un-esfuerzo-a-corto-plazo-para-no-perder-capacidades-en-andalucia\/#primaryimage\",\"url\":\"https:\/\/andaluciaaerospace.com\/wp-content\/uploads\/2021\/07\/antonio-gomez-guillamon-.jpeg\",\"contentUrl\":\"https:\/\/andaluciaaerospace.com\/wp-content\/uploads\/2021\/07\/antonio-gomez-guillamon-.jpeg\",\"width\":620,\"height\":349},{\"@type\":\"BreadcrumbList\",\"@id\":\"https:\/\/andaluciaaerospace.com\/en\/antonio-gomez-guillamon-es-necesario-un-esfuerzo-a-corto-plazo-para-no-perder-capacidades-en-andalucia\/#breadcrumb\",\"itemListElement\":[{\"@type\":\"ListItem\",\"position\":1,\"name\":\"Portada\",\"item\":\"https:\/\/andaluciaaerospace.com\/en\/\"},{\"@type\":\"ListItem\",\"position\":2,\"name\":\"Antonio G\u00f3mez Guillam\u00f3n: A short-term effort is necessary to avoid losing capacities in Andalusia\"}]},{\"@type\":\"WebSite\",\"@id\":\"https:\/\/andaluciaaerospace.com\/en\/#website\",\"url\":\"https:\/\/andaluciaaerospace.com\/en\/\",\"name\":\"Andaluc\u00eda Aerospace\",\"description\":\"Cluster empresarial aeron\u00e1utico\",\"potentialAction\":[{\"@type\":\"SearchAction\",\"target\":{\"@type\":\"EntryPoint\",\"urlTemplate\":\"https:\/\/andaluciaaerospace.com\/en\/?s={search_term_string}\"},\"query-input\":{\"@type\":\"PropertyValueSpecification\",\"valueRequired\":true,\"valueName\":\"search_term_string\"}}],\"inLanguage\":\"en-US\"},{\"@type\":\"Person\",\"@id\":\"https:\/\/andaluciaaerospace.com\/en\/#\/schema\/person\/f31cd29a7bef441635ccd740480a73fe\",\"name\":\"Comunicacion Andaluc\u00eda Aerospace\"}]}<\/script>\n<!-- \/ Yoast SEO plugin. -->","yoast_head_json":{"title":"Antonio G\u00f3mez Guillam\u00f3n: A short-term effort is necessary to avoid losing capacities in Andalusia - Andaluc\u00eda Aerospace","robots":{"index":"index","follow":"follow","max-snippet":"max-snippet:-1","max-image-preview":"max-image-preview:large","max-video-preview":"max-video-preview:-1"},"canonical":"https:\/\/andaluciaaerospace.com\/en\/antonio-gomez-guillamon-es-necesario-un-esfuerzo-a-corto-plazo-para-no-perder-capacidades-en-andalucia\/","og_locale":"en_US","og_type":"article","og_title":"Antonio G\u00f3mez Guillam\u00f3n: A short-term effort is necessary to avoid losing capacities in Andalusia - Andaluc\u00eda Aerospace","og_description":"Our president Antonio Gomez-Guillamon analyzes the situation of the Andalusian # aeronautical sector as well as the elements necessary for its recovery. The president of Andaluc\u00eda Aerospace highlights the importance of making a great effort so that Spain&#8217;s capabilities are not lost in the short term, as well as not losing sight of long-term objectives","og_url":"https:\/\/andaluciaaerospace.com\/en\/antonio-gomez-guillamon-es-necesario-un-esfuerzo-a-corto-plazo-para-no-perder-capacidades-en-andalucia\/","og_site_name":"Andaluc\u00eda Aerospace","article_published_time":"2021-07-05T08:40:58+00:00","article_modified_time":"2021-07-29T08:45:17+00:00","og_image":[{"width":620,"height":349,"url":"https:\/\/andaluciaaerospace.com\/wp-content\/uploads\/2021\/07\/antonio-gomez-guillamon-.jpeg","type":"image\/jpeg"}],"author":"Comunicacion Andaluc\u00eda Aerospace","twitter_card":"summary_large_image","twitter_misc":{"Written by":"Comunicacion Andaluc\u00eda Aerospace","Est. reading time":"1 minute"},"schema":{"@context":"https:\/\/schema.org","@graph":[{"@type":["WebPage","ItemPage"],"@id":"https:\/\/andaluciaaerospace.com\/en\/antonio-gomez-guillamon-es-necesario-un-esfuerzo-a-corto-plazo-para-no-perder-capacidades-en-andalucia\/","url":"https:\/\/andaluciaaerospace.com\/en\/antonio-gomez-guillamon-es-necesario-un-esfuerzo-a-corto-plazo-para-no-perder-capacidades-en-andalucia\/","name":"Antonio G\u00f3mez Guillam\u00f3n: A short-term effort is necessary to avoid losing capacities in Andalusia - Andaluc\u00eda Aerospace","isPartOf":{"@id":"https:\/\/andaluciaaerospace.com\/en\/#website"},"primaryImageOfPage":{"@id":"https:\/\/andaluciaaerospace.com\/en\/antonio-gomez-guillamon-es-necesario-un-esfuerzo-a-corto-plazo-para-no-perder-capacidades-en-andalucia\/#primaryimage"},"image":{"@id":"https:\/\/andaluciaaerospace.com\/en\/antonio-gomez-guillamon-es-necesario-un-esfuerzo-a-corto-plazo-para-no-perder-capacidades-en-andalucia\/#primaryimage"},"thumbnailUrl":"https:\/\/andaluciaaerospace.com\/wp-content\/uploads\/2021\/07\/antonio-gomez-guillamon-.jpeg","datePublished":"2021-07-05T08:40:58+00:00","dateModified":"2021-07-29T08:45:17+00:00","author":{"@id":"https:\/\/andaluciaaerospace.com\/en\/#\/schema\/person\/f31cd29a7bef441635ccd740480a73fe"},"breadcrumb":{"@id":"https:\/\/andaluciaaerospace.com\/en\/antonio-gomez-guillamon-es-necesario-un-esfuerzo-a-corto-plazo-para-no-perder-capacidades-en-andalucia\/#breadcrumb"},"inLanguage":"en-US","potentialAction":[{"@type":"ReadAction","target":["https:\/\/andaluciaaerospace.com\/en\/antonio-gomez-guillamon-es-necesario-un-esfuerzo-a-corto-plazo-para-no-perder-capacidades-en-andalucia\/"]}]},{"@type":"ImageObject","inLanguage":"en-US","@id":"https:\/\/andaluciaaerospace.com\/en\/antonio-gomez-guillamon-es-necesario-un-esfuerzo-a-corto-plazo-para-no-perder-capacidades-en-andalucia\/#primaryimage","url":"https:\/\/andaluciaaerospace.com\/wp-content\/uploads\/2021\/07\/antonio-gomez-guillamon-.jpeg","contentUrl":"https:\/\/andaluciaaerospace.com\/wp-content\/uploads\/2021\/07\/antonio-gomez-guillamon-.jpeg","width":620,"height":349},{"@type":"BreadcrumbList","@id":"https:\/\/andaluciaaerospace.com\/en\/antonio-gomez-guillamon-es-necesario-un-esfuerzo-a-corto-plazo-para-no-perder-capacidades-en-andalucia\/#breadcrumb","itemListElement":[{"@type":"ListItem","position":1,"name":"Portada","item":"https:\/\/andaluciaaerospace.com\/en\/"},{"@type":"ListItem","position":2,"name":"Antonio G\u00f3mez Guillam\u00f3n: A short-term effort is necessary to avoid losing capacities in Andalusia"}]},{"@type":"WebSite","@id":"https:\/\/andaluciaaerospace.com\/en\/#website","url":"https:\/\/andaluciaaerospace.com\/en\/","name":"Andaluc\u00eda Aerospace","description":"Cluster empresarial aeron\u00e1utico","potentialAction":[{"@type":"SearchAction","target":{"@type":"EntryPoint","urlTemplate":"https:\/\/andaluciaaerospace.com\/en\/?s={search_term_string}"},"query-input":{"@type":"PropertyValueSpecification","valueRequired":true,"valueName":"search_term_string"}}],"inLanguage":"en-US"},{"@type":"Person","@id":"https:\/\/andaluciaaerospace.com\/en\/#\/schema\/person\/f31cd29a7bef441635ccd740480a73fe","name":"Comunicacion Andaluc\u00eda Aerospace"}]}},"_links":{"self":[{"href":"https:\/\/andaluciaaerospace.com\/en\/wp-json\/wp\/v2\/posts\/24631","targetHints":{"allow":["GET"]}}],"collection":[{"href":"https:\/\/andaluciaaerospace.com\/en\/wp-json\/wp\/v2\/posts"}],"about":[{"href":"https:\/\/andaluciaaerospace.com\/en\/wp-json\/wp\/v2\/types\/post"}],"author":[{"embeddable":true,"href":"https:\/\/andaluciaaerospace.com\/en\/wp-json\/wp\/v2\/users\/7"}],"replies":[{"embeddable":true,"href":"https:\/\/andaluciaaerospace.com\/en\/wp-json\/wp\/v2\/comments?post=24631"}],"version-history":[{"count":1,"href":"https:\/\/andaluciaaerospace.com\/en\/wp-json\/wp\/v2\/posts\/24631\/revisions"}],"predecessor-version":[{"id":24632,"href":"https:\/\/andaluciaaerospace.com\/en\/wp-json\/wp\/v2\/posts\/24631\/revisions\/24632"}],"wp:featuredmedia":[{"embeddable":true,"href":"https:\/\/andaluciaaerospace.com\/en\/wp-json\/wp\/v2\/media\/24629"}],"wp:attachment":[{"href":"https:\/\/andaluciaaerospace.com\/en\/wp-json\/wp\/v2\/media?parent=24631"}],"wp:term":[{"taxonomy":"category","embeddable":true,"href":"https:\/\/andaluciaaerospace.com\/en\/wp-json\/wp\/v2\/categories?post=24631"},{"taxonomy":"post_tag","embeddable":true,"href":"https:\/\/andaluciaaerospace.com\/en\/wp-json\/wp\/v2\/tags?post=24631"}],"curies":[{"name":"wp","href":"https:\/\/api.w.org\/{rel}","templated":true}]}}