{"id":24485,"date":"2021-06-10T11:53:09","date_gmt":"2021-06-10T09:53:09","guid":{"rendered":"https:\/\/andaluciaaerospace.com\/extenda-y-andalucia-aerospace-aliadas-para-internacionalizar-la-industria-aeroespacial-andaluza\/"},"modified":"2021-07-20T13:11:41","modified_gmt":"2021-07-20T11:11:41","slug":"extenda-y-andalucia-aerospace-aliadas-para-internacionalizar-la-industria-aeroespacial-andaluza","status":"publish","type":"post","link":"https:\/\/andaluciaaerospace.com\/en\/extenda-y-andalucia-aerospace-aliadas-para-internacionalizar-la-industria-aeroespacial-andaluza\/","title":{"rendered":"Extenda y Andaluc\u00eda Aerospace aliadas para internacionalizar la industria aeroespacial andaluza"},"content":{"rendered":"<p><em>La alianza incluye el dise\u00f1o de estrategias para una industria de la que Andaluc\u00eda es la segunda comunidad exportadora, con el 40% de las ventas de Espa\u00f1a<\/em><\/p>\n<p>El <strong>consejero delegado de Extenda, Arturo Bernal,<\/strong> y el <strong>presidente del cl\u00faster Andaluc\u00eda Aerospace, Antonio G\u00f3mez-Guillam\u00f3n<\/strong>, han firmado en <a href=\"http:\/\/www.aeropolis.es\/\" target=\"_blank\" rel=\"noopener\">Aer\u00f3polis<\/a> un acuerdo de colaboraci\u00f3n para impulsar la <strong>promoci\u00f3n internacional de la industria aeroespacial andaluza<\/strong>. Con esta r\u00fabrica se persigue el objetivo de optimizar y coordinar sus respectivos recursos, programas y actividades, para potenciar la promoci\u00f3n internacional de un sector del que Andaluc\u00eda es la segunda comunidad exportadora de Espa\u00f1a, con 1.761 millones de euros (40% de Espa\u00f1a) en 2020, un 77% m\u00e1s que hace diez a\u00f1os.<\/p>\n<p>A trav\u00e9s de esta alianza p\u00fablico-privada, ambas entidades compartir\u00e1n informaci\u00f3n relacionada con empresas de su \u00e1mbito interesadas en el proceso de internacionalizaci\u00f3n, as\u00ed como datos sobre el sector que puedan servir de base para el dise\u00f1o de estrategias de internacionalizaci\u00f3n marquistas o sectoriales. Tambi\u00e9n se llevar\u00e1n a cabo, de manera conjunta, actividades divulgativas como jornadas y seminarios; elaboraci\u00f3n de estudios sectoriales; y organizaci\u00f3n de visitas internacionales.<\/p>\n<p><img decoding=\"async\" class=\"alignnone wp-image-24483 size-full\" src=\"http:\/\/andaluciaaerospace.com\/wp-content\/uploads\/2021\/07\/AcuerdoExtenda-scaled.jpg\" alt=\"\" width=\"1600\" height=\"900\" srcset=\"https:\/\/andaluciaaerospace.com\/wp-content\/uploads\/2021\/07\/AcuerdoExtenda-scaled.jpg 1600w, https:\/\/andaluciaaerospace.com\/wp-content\/uploads\/2021\/07\/AcuerdoExtenda-300x169.jpg 300w, https:\/\/andaluciaaerospace.com\/wp-content\/uploads\/2021\/07\/AcuerdoExtenda-1024x576.jpg 1024w, https:\/\/andaluciaaerospace.com\/wp-content\/uploads\/2021\/07\/AcuerdoExtenda-768x432.jpg 768w, https:\/\/andaluciaaerospace.com\/wp-content\/uploads\/2021\/07\/AcuerdoExtenda-1536x864.jpg 1536w\" sizes=\"(max-width: 1600px) 100vw, 1600px\" \/><\/p>\n<p>Por otra parte, <a href=\"https:\/\/www.extenda.es\/\" target=\"_blank\" rel=\"noopener\"><strong>Extenda-Andaluc\u00eda Exportaci\u00f3n e Inversi\u00f3n Extranjera<\/strong><\/a> impulsar\u00e1 a trav\u00e9s de Andaluc\u00eda Aerospace y sus firmas asociadas sus servicios de informaci\u00f3n, formaci\u00f3n, programas de consultor\u00eda, y sus acciones comerciales en todos los mercados del mundo, incluidos los que cubre a trav\u00e9s de su <strong>Red Exterior presente en 62 mercados,<\/strong> y las acciones programadas desde sus \u00e1reas geogr\u00e1ficas para Am\u00e9rica, Asia-Pac\u00edfico, \u00c1frica-Oriente Medio y Europa.<\/p>\n<p>Arturo Bernal, consejero delegado de Extenda, destac\u00f3 la importancia de la puesta en marcha de este acuerdo \u201cpor el avance que supone para la colaboraci\u00f3n p\u00fablico-privada, bajo un objetivo com\u00fan, que es el de <strong>aupar al liderazgo nacional en exportaciones la industria aeroespacial andaluza<\/strong>. Adem\u00e1s, mostr\u00f3 \u201cel claro compromiso de Extenda\u201d de seguir apoyando a un sector estrat\u00e9gico para la comunidad, que se ha mantenido activo a pesar de las fuertes tensiones a las que est\u00e1 sometida esta industria como consecuencia de la Covid-19: \u201cmuestra de ello es el \u00e9xito alcanzado hace s\u00f3lo una semana con la organizaci\u00f3n y celebraci\u00f3n por parte de Extenda de <strong>Aerospace &amp; Defense Meetings-ADM<\/strong> <strong>Sevilla 2021<\/strong>, uno de los mayores eventos de negocio del sector que se celebran en Europa y que, no solo nos hemos atrevido a celebrarlo cuando otros se han cancelado, sino a hacerlo incluso en parte de forma presencial\u201d.<\/p>\n<p>A su vez, Bernal subray\u00f3 la importancia de realizar este acuerdo con el cl\u00faster empresarial Andaluc\u00eda Aerospace, \u201cla entidad referente del sector en nuestra tierra, que tambi\u00e9n ha colaborado de forma determinante en el \u00e9xito de ADM y se ha convertido en los imprescindibles embajadores del sector aeroespacial de la comunidad en los mercados internacionales\u201d. \u201cY es que <strong>Andaluc\u00eda Aerospace representa a 72 firmas del sector<\/strong> con lo que engloba a la totalidad de las empresas exportadora andaluzas en 2020 que fueron 67\u201d, a\u00f1adi\u00f3 el consejero delegado de Extenda.<\/p>\n<p>Por su parte el presidente del cl\u00faster empresarial Andaluc\u00eda Aerospace, Antonio G\u00f3mez-Guillam\u00f3n, destac\u00f3 la importancia de la \u201c<strong>internacionalizaci\u00f3n como v\u00eda imprescindible para consolidar nuestra cadena de suministro<\/strong>\u201d. En este \u00faltimo a\u00f1o, muy complicado para las empresas del sector, se ha demostrado que \u201cla diversificaci\u00f3n de actividades y la implantaci\u00f3n en diferentes pa\u00edses son estrategias claves para estabilizar el negocio\u201d frente a posibles crisis como la que estamos viviendo.<\/p>\n<p>\u201cEl cl\u00faster Andaluc\u00eda Aerospace lleva ya a\u00f1os trabajando en estrecha colaboraci\u00f3n con Extenda\u201d afirma G\u00f3mez-Guillam\u00f3n, que considera este acuerdo como un paso m\u00e1s en la colaboraci\u00f3n p\u00fablico-privada. \u201cLa colaboraci\u00f3n p\u00fablico-privada es fundamental para el desarrollo del sector aeroespacial y es importante reforzar nuestra relaci\u00f3n com\u00fan, al ser Extenda una entidad clave para el sector aeroespacial andaluz, que dedica todos sus esfuerzos a apoyar a las empresas en su proceso de internacionalizaci\u00f3n. Finalmente, se\u00f1al\u00f3 que el cl\u00faster, con \u201c72 empresas asociadas que aglutinan m\u00e1s del 70% de la facturaci\u00f3n del sector en Andaluc\u00eda\u201d, muestra su \u201cclara apuesta por la internacionalizaci\u00f3n\u201d.<\/p>\n<p><strong>Extenda: digitalizaci\u00f3n y diversificaci\u00f3n de mercados<\/strong><\/p>\n<p>Extenda, como empresa p\u00fablica dependiente de la Consejer\u00eda de la Presidencia, Administraci\u00f3n P\u00fablica e Interior, ha puesto en marcha una decisiva apuesta por la digitalizaci\u00f3n de sus servicios y mejora de procesos, que redundar\u00e1n en las acciones que se realicen junto a la asociaci\u00f3n aeroespacial, con el objeto de poder facilitar informaci\u00f3n cualitativa y de calidad que sea de utilidad a las compa\u00f1\u00edas de esta industria estrat\u00e9gica para el desarrollo de su actividad internacional.<\/p>\n<p>Es un aspecto incluido en el acuerdo, que va en consonancia con la nueva l\u00ednea estrat\u00e9gica de Extenda de transformaci\u00f3n digital y promoci\u00f3n con un enfoque geogr\u00e1fico dirigido a mercados, a trav\u00e9s del uso de la inteligencia de negocio y big data, y combinado con el conocimiento y apoyo sobre el terreno de su red exterior presente en 62 mercados.<\/p>\n<p><strong>Andaluc\u00eda Aerospace: Cl\u00faster Empresarial<\/strong><\/p>\n<p>Andaluc\u00eda Aerospace Cl\u00faster es una asociaci\u00f3n privada creada para representar a todas las empresas aeroespaciales de Andaluc\u00eda. Uno de los principales objetivos del cl\u00faster es contribuir al fortalecimiento y al posicionamiento de sus empresas miembros en el mercado aeroespacial nacional e internacional. El cl\u00faster tiene como objetivo promover un desarrollo tecnol\u00f3gico sostenible y la excelencia empresarial del tejido industrial aeroespacial andaluz a trav\u00e9s de las sinergias de las empresas miembros y la formaci\u00f3n y educaci\u00f3n de los profesionales del sector. Finalmente, el cl\u00faster act\u00faa como una representaci\u00f3n institucional en organismos p\u00fablicos y organizaciones de cualquier \u00e1mbito territorial, nacional e internacional.<\/p>\n<p>Andaluc\u00eda es el tercer polo aeroespacial de Europa, tras Toulouse y Hamburgo, por su ecosistema empresarial, cifra de negocio, infraestructuras y programas de innovaci\u00f3n. La industria aeroespacial andaluza (\u00faltimos datos del cl\u00faster de 2018) supone el 1,6% del PIB andaluz y es la segunda en importancia de Espa\u00f1a: re\u00fane a 140 empresas que generan m\u00e1s de 15.000 empleos directos, concentra casi un 30% de los ingresos nacionales del sector y coloca a Andaluc\u00eda como la segunda comunidad exportadora de Espa\u00f1a, con 4 de cada 10 euros de las ventas nacionales.<\/p>\n<p>A su vez, Andaluc\u00eda es un territorio \u00fanico para la experimentaci\u00f3n y validaci\u00f3n de tecnolog\u00edas y sistemas de aviones no tripulados (UAS) o sistemas controlados remotamente (RPAS). Una regi\u00f3n con grandes oportunidades para academias de formaci\u00f3n de pilotos y actividades de MRO (mantenimiento, reparaci\u00f3n y operaciones); infraestructuras de primer nivel y gran capacidad para producci\u00f3n, ensamblaje y lanzamiento de sat\u00e9lites.<\/p>\n<p><strong>Actividad internacional<\/strong><\/p>\n<p>En 2020, la industria aeroespacial andaluza alcanz\u00f3 unas exportaciones de 1.761 millones de euros (40% de Espa\u00f1a), a pesar de las fuertes tensiones a las que est\u00e1 sometida esta industria como consecuencia de la Covid-19. Con esta cifra las ventas internacionales de aeronaves, veh\u00edculos espaciales y sus partes de la comunidad han crecido un 77% en la \u00faltima d\u00e9cada 2011-20.<\/p>\n<p>Adem\u00e1s, en 2021, si analizamos el \u00faltimo mes, marzo, se han incrementado un 128%, hasta los 172 millones de euros, aunque en el trimestre las exportaciones de aeronaves y veh\u00edculos espaciales se sit\u00faan en 237 millones, con una bajada del 26% sobre el primer trimestre de 2020.<\/p>\n<p>En la actualidad, Sevilla concentra la mayor parte de la factura exportadora del sector (98%), seguida de C\u00e1diz, si bien, otras provincias se van incorporando poco a poco al negocio aeroespacial internacional, como M\u00e1laga, C\u00f3rdoba y Huelva.<\/p>\n<p>Por destinos, la industria aeroespacial de Andaluc\u00eda llega cuatro continentes con sus diez primeros destinos. Europa es el primer continente al que exporta, con Alemania (34%), Francia (24,1%), B\u00e9lgica (8,3%) y Luxemburgo (7,5%), a la cabeza. A continuaci\u00f3n, se encuentran los mercados norteamericanos, EEUU (7,4%) y Canad\u00e1 (6,2%), grandes actores del sector mundial, seguidos de Brasil (2,6%). Cierran el Top 10, Pa\u00edses Bajos, Kazajist\u00e1n y Kenia, pa\u00edses que Andaluc\u00eda ha incorporado recientemente a sus destinos de las ventas de aeronaves y veh\u00edculos espaciales gracias a su estrategia de diversificaci\u00f3n.<\/p>\n<p><em>Nota de prensa<\/em><\/p>\n","protected":false},"excerpt":{"rendered":"<p>La alianza incluye el dise\u00f1o de estrategias para una industria de la que Andaluc\u00eda es la segunda comunidad exportadora, con el 40% de las ventas de Espa\u00f1a El consejero delegado de Extenda, Arturo Bernal, y el presidente del cl\u00faster Andaluc\u00eda Aerospace, Antonio G\u00f3mez-Guillam\u00f3n, han firmado en Aer\u00f3polis un acuerdo de colaboraci\u00f3n para impulsar la promoci\u00f3n<\/p>\n<a class=\"btn btn-primary read-more-button\" href=\"https:\/\/andaluciaaerospace.com\/en\/extenda-y-andalucia-aerospace-aliadas-para-internacionalizar-la-industria-aeroespacial-andaluza\/\">Leer m\u00e1s...<\/a>","protected":false},"author":7,"featured_media":24483,"comment_status":"open","ping_status":"open","sticky":false,"template":"","format":"standard","meta":{"_acf_changed":false,"_bbp_topic_count":0,"_bbp_reply_count":0,"_bbp_total_topic_count":0,"_bbp_total_reply_count":0,"_bbp_voice_count":0,"_bbp_anonymous_reply_count":0,"_bbp_topic_count_hidden":0,"_bbp_reply_count_hidden":0,"_bbp_forum_subforum_count":0,"footnotes":""},"categories":[161],"tags":[],"class_list":["post-24485","post","type-post","status-publish","format-standard","has-post-thumbnail","hentry","category-cluster-news"],"acf":[],"yoast_head":"<!-- This site is optimized with the Yoast SEO plugin v23.6 - https:\/\/yoast.com\/wordpress\/plugins\/seo\/ -->\n<title>Extenda y Andaluc\u00eda Aerospace aliadas para internacionalizar la industria aeroespacial andaluza - Andaluc\u00eda Aerospace<\/title>\n<meta name=\"robots\" content=\"index, follow, max-snippet:-1, max-image-preview:large, max-video-preview:-1\" \/>\n<link rel=\"canonical\" href=\"https:\/\/andaluciaaerospace.com\/en\/extenda-y-andalucia-aerospace-aliadas-para-internacionalizar-la-industria-aeroespacial-andaluza\/\" \/>\n<meta property=\"og:locale\" content=\"en_US\" \/>\n<meta property=\"og:type\" content=\"article\" \/>\n<meta property=\"og:title\" content=\"Extenda y Andaluc\u00eda Aerospace aliadas para internacionalizar la industria aeroespacial andaluza - Andaluc\u00eda Aerospace\" \/>\n<meta property=\"og:description\" content=\"La alianza incluye el dise\u00f1o de estrategias para una industria de la que Andaluc\u00eda es la segunda comunidad exportadora, con el 40% de las ventas de Espa\u00f1a El consejero delegado de Extenda, Arturo Bernal, y el presidente del cl\u00faster Andaluc\u00eda Aerospace, Antonio G\u00f3mez-Guillam\u00f3n, han firmado en Aer\u00f3polis un acuerdo de colaboraci\u00f3n para impulsar la promoci\u00f3n\" \/>\n<meta property=\"og:url\" content=\"https:\/\/andaluciaaerospace.com\/en\/extenda-y-andalucia-aerospace-aliadas-para-internacionalizar-la-industria-aeroespacial-andaluza\/\" \/>\n<meta property=\"og:site_name\" content=\"Andaluc\u00eda Aerospace\" \/>\n<meta property=\"article:published_time\" content=\"2021-06-10T09:53:09+00:00\" \/>\n<meta property=\"article:modified_time\" content=\"2021-07-20T11:11:41+00:00\" \/>\n<meta property=\"og:image\" content=\"https:\/\/andaluciaaerospace.com\/wp-content\/uploads\/2021\/07\/AcuerdoExtenda-scaled.jpg\" \/>\n\t<meta property=\"og:image:width\" content=\"1600\" \/>\n\t<meta property=\"og:image:height\" content=\"900\" \/>\n\t<meta property=\"og:image:type\" content=\"image\/jpeg\" \/>\n<meta name=\"author\" content=\"Comunicacion Andaluc\u00eda Aerospace\" \/>\n<meta name=\"twitter:card\" content=\"summary_large_image\" \/>\n<meta name=\"twitter:label1\" content=\"Written by\" \/>\n\t<meta name=\"twitter:data1\" content=\"Comunicacion Andaluc\u00eda Aerospace\" \/>\n\t<meta name=\"twitter:label2\" content=\"Est. reading time\" \/>\n\t<meta name=\"twitter:data2\" content=\"6 minutes\" \/>\n<script type=\"application\/ld+json\" class=\"yoast-schema-graph\">{\"@context\":\"https:\/\/schema.org\",\"@graph\":[{\"@type\":[\"WebPage\",\"ItemPage\"],\"@id\":\"https:\/\/andaluciaaerospace.com\/en\/extenda-y-andalucia-aerospace-aliadas-para-internacionalizar-la-industria-aeroespacial-andaluza\/\",\"url\":\"https:\/\/andaluciaaerospace.com\/en\/extenda-y-andalucia-aerospace-aliadas-para-internacionalizar-la-industria-aeroespacial-andaluza\/\",\"name\":\"Extenda y Andaluc\u00eda Aerospace aliadas para internacionalizar la industria aeroespacial andaluza - Andaluc\u00eda Aerospace\",\"isPartOf\":{\"@id\":\"https:\/\/andaluciaaerospace.com\/en\/#website\"},\"primaryImageOfPage\":{\"@id\":\"https:\/\/andaluciaaerospace.com\/en\/extenda-y-andalucia-aerospace-aliadas-para-internacionalizar-la-industria-aeroespacial-andaluza\/#primaryimage\"},\"image\":{\"@id\":\"https:\/\/andaluciaaerospace.com\/en\/extenda-y-andalucia-aerospace-aliadas-para-internacionalizar-la-industria-aeroespacial-andaluza\/#primaryimage\"},\"thumbnailUrl\":\"https:\/\/andaluciaaerospace.com\/wp-content\/uploads\/2021\/07\/AcuerdoExtenda-scaled.jpg\",\"datePublished\":\"2021-06-10T09:53:09+00:00\",\"dateModified\":\"2021-07-20T11:11:41+00:00\",\"author\":{\"@id\":\"https:\/\/andaluciaaerospace.com\/en\/#\/schema\/person\/f31cd29a7bef441635ccd740480a73fe\"},\"breadcrumb\":{\"@id\":\"https:\/\/andaluciaaerospace.com\/en\/extenda-y-andalucia-aerospace-aliadas-para-internacionalizar-la-industria-aeroespacial-andaluza\/#breadcrumb\"},\"inLanguage\":\"en-US\",\"potentialAction\":[{\"@type\":\"ReadAction\",\"target\":[\"https:\/\/andaluciaaerospace.com\/en\/extenda-y-andalucia-aerospace-aliadas-para-internacionalizar-la-industria-aeroespacial-andaluza\/\"]}]},{\"@type\":\"ImageObject\",\"inLanguage\":\"en-US\",\"@id\":\"https:\/\/andaluciaaerospace.com\/en\/extenda-y-andalucia-aerospace-aliadas-para-internacionalizar-la-industria-aeroespacial-andaluza\/#primaryimage\",\"url\":\"https:\/\/andaluciaaerospace.com\/wp-content\/uploads\/2021\/07\/AcuerdoExtenda-scaled.jpg\",\"contentUrl\":\"https:\/\/andaluciaaerospace.com\/wp-content\/uploads\/2021\/07\/AcuerdoExtenda-scaled.jpg\",\"width\":1600,\"height\":900},{\"@type\":\"BreadcrumbList\",\"@id\":\"https:\/\/andaluciaaerospace.com\/en\/extenda-y-andalucia-aerospace-aliadas-para-internacionalizar-la-industria-aeroespacial-andaluza\/#breadcrumb\",\"itemListElement\":[{\"@type\":\"ListItem\",\"position\":1,\"name\":\"Portada\",\"item\":\"https:\/\/andaluciaaerospace.com\/en\/\"},{\"@type\":\"ListItem\",\"position\":2,\"name\":\"Extenda y Andaluc\u00eda Aerospace aliadas para internacionalizar la industria aeroespacial andaluza\"}]},{\"@type\":\"WebSite\",\"@id\":\"https:\/\/andaluciaaerospace.com\/en\/#website\",\"url\":\"https:\/\/andaluciaaerospace.com\/en\/\",\"name\":\"Andaluc\u00eda Aerospace\",\"description\":\"Cluster empresarial aeron\u00e1utico\",\"potentialAction\":[{\"@type\":\"SearchAction\",\"target\":{\"@type\":\"EntryPoint\",\"urlTemplate\":\"https:\/\/andaluciaaerospace.com\/en\/?s={search_term_string}\"},\"query-input\":{\"@type\":\"PropertyValueSpecification\",\"valueRequired\":true,\"valueName\":\"search_term_string\"}}],\"inLanguage\":\"en-US\"},{\"@type\":\"Person\",\"@id\":\"https:\/\/andaluciaaerospace.com\/en\/#\/schema\/person\/f31cd29a7bef441635ccd740480a73fe\",\"name\":\"Comunicacion Andaluc\u00eda Aerospace\"}]}<\/script>\n<!-- \/ Yoast SEO plugin. -->","yoast_head_json":{"title":"Extenda y Andaluc\u00eda Aerospace aliadas para internacionalizar la industria aeroespacial andaluza - Andaluc\u00eda Aerospace","robots":{"index":"index","follow":"follow","max-snippet":"max-snippet:-1","max-image-preview":"max-image-preview:large","max-video-preview":"max-video-preview:-1"},"canonical":"https:\/\/andaluciaaerospace.com\/en\/extenda-y-andalucia-aerospace-aliadas-para-internacionalizar-la-industria-aeroespacial-andaluza\/","og_locale":"en_US","og_type":"article","og_title":"Extenda y Andaluc\u00eda Aerospace aliadas para internacionalizar la industria aeroespacial andaluza - Andaluc\u00eda Aerospace","og_description":"La alianza incluye el dise\u00f1o de estrategias para una industria de la que Andaluc\u00eda es la segunda comunidad exportadora, con el 40% de las ventas de Espa\u00f1a El consejero delegado de Extenda, Arturo Bernal, y el presidente del cl\u00faster Andaluc\u00eda Aerospace, Antonio G\u00f3mez-Guillam\u00f3n, han firmado en Aer\u00f3polis un acuerdo de colaboraci\u00f3n para impulsar la promoci\u00f3n","og_url":"https:\/\/andaluciaaerospace.com\/en\/extenda-y-andalucia-aerospace-aliadas-para-internacionalizar-la-industria-aeroespacial-andaluza\/","og_site_name":"Andaluc\u00eda Aerospace","article_published_time":"2021-06-10T09:53:09+00:00","article_modified_time":"2021-07-20T11:11:41+00:00","og_image":[{"width":1600,"height":900,"url":"https:\/\/andaluciaaerospace.com\/wp-content\/uploads\/2021\/07\/AcuerdoExtenda-scaled.jpg","type":"image\/jpeg"}],"author":"Comunicacion Andaluc\u00eda Aerospace","twitter_card":"summary_large_image","twitter_misc":{"Written by":"Comunicacion Andaluc\u00eda Aerospace","Est. reading time":"6 minutes"},"schema":{"@context":"https:\/\/schema.org","@graph":[{"@type":["WebPage","ItemPage"],"@id":"https:\/\/andaluciaaerospace.com\/en\/extenda-y-andalucia-aerospace-aliadas-para-internacionalizar-la-industria-aeroespacial-andaluza\/","url":"https:\/\/andaluciaaerospace.com\/en\/extenda-y-andalucia-aerospace-aliadas-para-internacionalizar-la-industria-aeroespacial-andaluza\/","name":"Extenda y Andaluc\u00eda Aerospace aliadas para internacionalizar la industria aeroespacial andaluza - Andaluc\u00eda Aerospace","isPartOf":{"@id":"https:\/\/andaluciaaerospace.com\/en\/#website"},"primaryImageOfPage":{"@id":"https:\/\/andaluciaaerospace.com\/en\/extenda-y-andalucia-aerospace-aliadas-para-internacionalizar-la-industria-aeroespacial-andaluza\/#primaryimage"},"image":{"@id":"https:\/\/andaluciaaerospace.com\/en\/extenda-y-andalucia-aerospace-aliadas-para-internacionalizar-la-industria-aeroespacial-andaluza\/#primaryimage"},"thumbnailUrl":"https:\/\/andaluciaaerospace.com\/wp-content\/uploads\/2021\/07\/AcuerdoExtenda-scaled.jpg","datePublished":"2021-06-10T09:53:09+00:00","dateModified":"2021-07-20T11:11:41+00:00","author":{"@id":"https:\/\/andaluciaaerospace.com\/en\/#\/schema\/person\/f31cd29a7bef441635ccd740480a73fe"},"breadcrumb":{"@id":"https:\/\/andaluciaaerospace.com\/en\/extenda-y-andalucia-aerospace-aliadas-para-internacionalizar-la-industria-aeroespacial-andaluza\/#breadcrumb"},"inLanguage":"en-US","potentialAction":[{"@type":"ReadAction","target":["https:\/\/andaluciaaerospace.com\/en\/extenda-y-andalucia-aerospace-aliadas-para-internacionalizar-la-industria-aeroespacial-andaluza\/"]}]},{"@type":"ImageObject","inLanguage":"en-US","@id":"https:\/\/andaluciaaerospace.com\/en\/extenda-y-andalucia-aerospace-aliadas-para-internacionalizar-la-industria-aeroespacial-andaluza\/#primaryimage","url":"https:\/\/andaluciaaerospace.com\/wp-content\/uploads\/2021\/07\/AcuerdoExtenda-scaled.jpg","contentUrl":"https:\/\/andaluciaaerospace.com\/wp-content\/uploads\/2021\/07\/AcuerdoExtenda-scaled.jpg","width":1600,"height":900},{"@type":"BreadcrumbList","@id":"https:\/\/andaluciaaerospace.com\/en\/extenda-y-andalucia-aerospace-aliadas-para-internacionalizar-la-industria-aeroespacial-andaluza\/#breadcrumb","itemListElement":[{"@type":"ListItem","position":1,"name":"Portada","item":"https:\/\/andaluciaaerospace.com\/en\/"},{"@type":"ListItem","position":2,"name":"Extenda y Andaluc\u00eda Aerospace aliadas para internacionalizar la industria aeroespacial andaluza"}]},{"@type":"WebSite","@id":"https:\/\/andaluciaaerospace.com\/en\/#website","url":"https:\/\/andaluciaaerospace.com\/en\/","name":"Andaluc\u00eda Aerospace","description":"Cluster empresarial aeron\u00e1utico","potentialAction":[{"@type":"SearchAction","target":{"@type":"EntryPoint","urlTemplate":"https:\/\/andaluciaaerospace.com\/en\/?s={search_term_string}"},"query-input":{"@type":"PropertyValueSpecification","valueRequired":true,"valueName":"search_term_string"}}],"inLanguage":"en-US"},{"@type":"Person","@id":"https:\/\/andaluciaaerospace.com\/en\/#\/schema\/person\/f31cd29a7bef441635ccd740480a73fe","name":"Comunicacion Andaluc\u00eda Aerospace"}]}},"_links":{"self":[{"href":"https:\/\/andaluciaaerospace.com\/en\/wp-json\/wp\/v2\/posts\/24485","targetHints":{"allow":["GET"]}}],"collection":[{"href":"https:\/\/andaluciaaerospace.com\/en\/wp-json\/wp\/v2\/posts"}],"about":[{"href":"https:\/\/andaluciaaerospace.com\/en\/wp-json\/wp\/v2\/types\/post"}],"author":[{"embeddable":true,"href":"https:\/\/andaluciaaerospace.com\/en\/wp-json\/wp\/v2\/users\/7"}],"replies":[{"embeddable":true,"href":"https:\/\/andaluciaaerospace.com\/en\/wp-json\/wp\/v2\/comments?post=24485"}],"version-history":[{"count":2,"href":"https:\/\/andaluciaaerospace.com\/en\/wp-json\/wp\/v2\/posts\/24485\/revisions"}],"predecessor-version":[{"id":24488,"href":"https:\/\/andaluciaaerospace.com\/en\/wp-json\/wp\/v2\/posts\/24485\/revisions\/24488"}],"wp:featuredmedia":[{"embeddable":true,"href":"https:\/\/andaluciaaerospace.com\/en\/wp-json\/wp\/v2\/media\/24483"}],"wp:attachment":[{"href":"https:\/\/andaluciaaerospace.com\/en\/wp-json\/wp\/v2\/media?parent=24485"}],"wp:term":[{"taxonomy":"category","embeddable":true,"href":"https:\/\/andaluciaaerospace.com\/en\/wp-json\/wp\/v2\/categories?post=24485"},{"taxonomy":"post_tag","embeddable":true,"href":"https:\/\/andaluciaaerospace.com\/en\/wp-json\/wp\/v2\/tags?post=24485"}],"curies":[{"name":"wp","href":"https:\/\/api.w.org\/{rel}","templated":true}]}}